{"id":38238,"date":"2025-10-20T19:08:34","date_gmt":"2025-10-20T17:08:34","guid":{"rendered":"https:\/\/www.czechcyclingfederation.com\/?p=38238"},"modified":"2025-11-21T08:58:34","modified_gmt":"2025-11-21T07:58:34","slug":"info-c-36-17-10-2025-registrace-uci-mtb-tymu","status":"publish","type":"post","link":"https:\/\/www.czechcyclingfederation.com\/en\/info-c-36-17-10-2025-registrace-uci-mtb-tymu\/","title":{"rendered":"Reprezenta\u010dn\u00ed t\u00fdm MTB &#8211; info \u010d. 36. \/ Registrace UCI MTB t\u00fdmu"},"content":{"rendered":"\n<p>Navazuji na zpr\u00e1vu, kterou jsem V\u00e1m pos\u00edlal cca p\u0159ed m\u011bs\u00edcem, t\u00fdkaj\u00edc\u00ed se registrac\u00ed UCI MTB t\u00fdmu. Nyn\u00ed v\u00e1m v\u00a0p\u0159\u00edloze p\u0159epos\u00edl\u00e1m podrobn\u00e9 kroky k\u00a0t\u00e9to administrativ\u011b.\u00a0<\/p>\n\n\n\n<p>Doporu\u010duji v\u0161em, aby si velmi d\u016fkladn\u011b prov\u011b\u0159ili mo\u017enosti a v\u00fdhody, kter\u00e9 registrace nab\u00edz\u00ed a zva\u017ete, jestli registraci opravdu vyu\u017eijete a pom\u011br cena\/v\u00fdkon bude pro v\u00e1s a v\u00e1\u0161 t\u00fdm v\u00fdhodn\u00fd.&nbsp;<\/p>\n\n\n\n<p>P\u0159\u00edlohy: <\/p>\n\n\n<div class=\"wp-block-file\">\r\n                <a target=\"_blank\" rel=\"noopener\" href=\"https:\/\/www.czechcyclingfederation.com\/wp-content\/uploads\/2025\/10\/2026_UCI_MTB_Teams_-_DataRide_User_Guide.pdf\" class=\"wp-block-file__button wp-element-button\">\r\n                    <span class=\"wp-block-file__icon\"><\/span>\r\n                    2026_UCI_MTB_Teams_-_DataRide_User_Guide\r\n                <\/a>\r\n            <\/div>","protected":false},"excerpt":{"rendered":"<p>Navazuji na zpr\u00e1vu, kterou jsem V\u00e1m pos\u00edlal cca p\u0159ed m\u011bs\u00edcem, t\u00fdkaj\u00edc\u00ed se registrac\u00ed UCI MTB t\u00fdmu. Nyn\u00ed v\u00e1m v\u00a0p\u0159\u00edloze p\u0159epos\u00edl\u00e1m podrobn\u00e9 kroky k\u00a0t\u00e9to administrativ\u011b.\u00a0 Doporu\u010duji v\u0161em, aby si velmi d\u016fkladn\u011b prov\u011b\u0159ili mo\u017enosti a v\u00fdhody, kter\u00e9 registrace nab\u00edz\u00ed a zva\u017ete, jestli registraci opravdu vyu\u017eijete a pom\u011br cena\/v\u00fdkon bude pro v\u00e1s a v\u00e1\u0161 t\u00fdm v\u00fdhodn\u00fd.&nbsp; P\u0159\u00edlohy:<\/p>\n","protected":false},"author":9,"featured_media":36850,"comment_status":"closed","ping_status":"open","sticky":false,"template":"","format":"standard","meta":{"footnotes":""},"categories":[429,1],"tags":[],"class_list":["post-38238","post","type-post","status-publish","format-standard","has-post-thumbnail","hentry","category-mtb-info","category-uncategorized-cs"],"_links":{"self":[{"href":"https:\/\/www.czechcyclingfederation.com\/en\/wp-json\/wp\/v2\/posts\/38238","targetHints":{"allow":["GET"]}}],"collection":[{"href":"https:\/\/www.czechcyclingfederation.com\/en\/wp-json\/wp\/v2\/posts"}],"about":[{"href":"https:\/\/www.czechcyclingfederation.com\/en\/wp-json\/wp\/v2\/types\/post"}],"author":[{"embeddable":true,"href":"https:\/\/www.czechcyclingfederation.com\/en\/wp-json\/wp\/v2\/users\/9"}],"replies":[{"embeddable":true,"href":"https:\/\/www.czechcyclingfederation.com\/en\/wp-json\/wp\/v2\/comments?post=38238"}],"version-history":[{"count":3,"href":"https:\/\/www.czechcyclingfederation.com\/en\/wp-json\/wp\/v2\/posts\/38238\/revisions"}],"predecessor-version":[{"id":38697,"href":"https:\/\/www.czechcyclingfederation.com\/en\/wp-json\/wp\/v2\/posts\/38238\/revisions\/38697"}],"wp:featuredmedia":[{"embeddable":true,"href":"https:\/\/www.czechcyclingfederation.com\/en\/wp-json\/wp\/v2\/media\/36850"}],"wp:attachment":[{"href":"https:\/\/www.czechcyclingfederation.com\/en\/wp-json\/wp\/v2\/media?parent=38238"}],"wp:term":[{"taxonomy":"category","embeddable":true,"href":"https:\/\/www.czechcyclingfederation.com\/en\/wp-json\/wp\/v2\/categories?post=38238"},{"taxonomy":"post_tag","embeddable":true,"href":"https:\/\/www.czechcyclingfederation.com\/en\/wp-json\/wp\/v2\/tags?post=38238"}],"curies":[{"name":"wp","href":"https:\/\/api.w.org\/{rel}","templated":true}]}}