{"id":38213,"date":"2025-10-18T20:47:16","date_gmt":"2025-10-18T18:47:16","guid":{"rendered":"https:\/\/www.czechcyclingfederation.com\/?p=38213"},"modified":"2025-10-19T08:19:29","modified_gmt":"2025-10-19T06:19:29","slug":"jezek-utnul-viteznou-serii-borose","status":"publish","type":"post","link":"https:\/\/www.czechcyclingfederation.com\/en\/jezek-utnul-viteznou-serii-borose\/","title":{"rendered":"Je\u017eek utnul v\u00edt\u011bznou s\u00e9rii Boro\u0161e"},"content":{"rendered":"\n<p><strong>V\u00e1clav Je\u017eek z t\u00fdmu Brilon Racing vyhr\u00e1l t\u0159et\u00ed z\u00e1vod seri\u00e1lu HSF Syst\u00e9m Cup, kter\u00fd se jel v sobotu v Mlad\u00e9 Boleslavi. Mezi \u017eenami nena\u0161la p\u0159emo\u017eitelku Krist\u00fdna Zemanov\u00e1 z VIF Cycling.<\/strong><\/p>\n\n\n\n<p>Michael Boro\u0161 z t\u00fdmu Elkov Kasper vyhr\u00e1l t\u0159in\u00e1ct z\u00e1vod\u016f tuzemsk\u00e9ho poh\u00e1ru v \u0159ad\u011b. V Mlad\u00e9 Boleslavi spadl u\u017e v prvn\u00edm kole a propadl se na dvac\u00e1tou p\u0159\u00ed\u010dku. Pak sice p\u0159edvedl par\u00e1dn\u00ed st\u00edhac\u00ed j\u00edzdu a dot\u00e1hl se na \u010delo z\u00e1vodu, dom\u00e1c\u00edho V\u00e1clava Je\u017eka v\u0161ak u\u017e poko\u0159it nedok\u00e1zal.<\/p>\n\n\n\n<p>Dvacetilet\u00fd Je\u017eek, kter\u00fd letos v reprezenta\u010dn\u00edm dresu absolvoval na silnici etap\u00e1ky Tour de l&#8217;Avenir, Z\u00e1vodu m\u00edru do 23 let a Orlen Grand Prix, slavil prvn\u00ed v\u00edt\u011bzstv\u00ed v prob\u00edhaj\u00edc\u00ed cyklokrosov\u00e9 sezon\u011b.<\/p>\n\n\n\n<figure class=\"wp-block-image size-large\"><img loading=\"lazy\" decoding=\"async\" width=\"1024\" height=\"683\" src=\"http:\/\/www.czechcyclingfederation.com\/wp-content\/uploads\/2025\/10\/HSF-System-Cup-Mlada-Boleslav-QUICK-\u00a9Filip-Bezdek-2025-8-1024x683.jpg\" alt=\"\" class=\"wp-image-38219\" srcset=\"https:\/\/www.czechcyclingfederation.com\/wp-content\/uploads\/2025\/10\/HSF-System-Cup-Mlada-Boleslav-QUICK-\u00a9Filip-Bezdek-2025-8-1024x683.jpg 1024w, https:\/\/www.czechcyclingfederation.com\/wp-content\/uploads\/2025\/10\/HSF-System-Cup-Mlada-Boleslav-QUICK-\u00a9Filip-Bezdek-2025-8-300x200.jpg 300w, https:\/\/www.czechcyclingfederation.com\/wp-content\/uploads\/2025\/10\/HSF-System-Cup-Mlada-Boleslav-QUICK-\u00a9Filip-Bezdek-2025-8-768x512.jpg 768w, https:\/\/www.czechcyclingfederation.com\/wp-content\/uploads\/2025\/10\/HSF-System-Cup-Mlada-Boleslav-QUICK-\u00a9Filip-Bezdek-2025-8-1536x1024.jpg 1536w, https:\/\/www.czechcyclingfederation.com\/wp-content\/uploads\/2025\/10\/HSF-System-Cup-Mlada-Boleslav-QUICK-\u00a9Filip-Bezdek-2025-8-2048x1365.jpg 2048w, https:\/\/www.czechcyclingfederation.com\/wp-content\/uploads\/2025\/10\/HSF-System-Cup-Mlada-Boleslav-QUICK-\u00a9Filip-Bezdek-2025-8-1320x880.jpg 1320w\" sizes=\"auto, (max-width: 1024px) 100vw, 1024px\" \/><\/figure>\n\n\n\n<p>Mezi \u017eenami nem\u011bla tradi\u010dn\u011b konkurenci Krist\u00fdna Zemanov\u00e1. Z\u00e1vodnice sestavy VIF Cycling vyhr\u00e1la s n\u00e1skokem v\u00edce ne\u017e minuty na Barboru Bukovskou z DK Bikeshop t\u00fdmu.<\/p>\n\n\n\n<p><strong>V\u00fdsledky<\/strong><\/p>\n\n\n\n<p><strong>Mu\u017ei<\/strong>: 1. Je\u017eek (Brilon Racing) 59:39 min., 2. Boro\u0161 (Elkov Kasper +16, 3. Degenkolb (N\u011bm., Heizomat Cube) +51, 4. Kerl (Auto \u0160koda Mlad\u00e1 Boleslav) +59, 5. Konwa (Pol., Auto \u0160koda Mlad\u00e1 Boleslav) +1:12 min., 6. Ba\u017eant (Cyklostar Pirelli) +1:14 min.<\/p>\n\n\n\n<p><strong>\u017deny<\/strong>: 1. Zemanov\u00e1 (VIF Cycling) 47:20 min., 2. Bukovsk\u00e1 (DK Bikeshop) +1:03 min., 3. Hlad\u00edkov\u00e1 (Brilon Racing) +1:09 min., 4. Gottwaldov\u00e1 (Nutrend Specialized SKR Racing) +1:14 min., 5. Drhov\u00e1 (Brilon Racing) + 1:24 min., 6. Doud\u011brov\u00e1 (Dukla Praha) +1:31 min.<\/p>\n\n\n\n<p><strong>Junio\u0159i<\/strong>: 1. John (Brilon Racing) 37:34, 2. H\u00fasenica (SR, \u0160K Topol\u010dianky) +1, 3. Hettegger (Rak., Austria National Team) +1, 4. Svoboda (Brilon Racing) +38, 5. Pazourek (Cycling Academy T\u00e1bor) +39, 6. \u017ditn\u00fd (Cyklostar Pirelli) +1:30 min.<\/p>\n\n\n\n<p><em>Foto: Filip Bezd\u011bk<\/em><\/p>\n","protected":false},"excerpt":{"rendered":"<p>V\u00e1clav Je\u017eek z t\u00fdmu Brilon Racing vyhr\u00e1l t\u0159et\u00ed z\u00e1vod seri\u00e1lu HSF Syst\u00e9m Cup, kter\u00fd se jel v sobotu v Mlad\u00e9 Boleslavi. Mezi \u017eenami nena\u0161la p\u0159emo\u017eitelku Krist\u00fdna Zemanov\u00e1 z VIF Cycling. Michael Boro\u0161 z t\u00fdmu Elkov Kasper vyhr\u00e1l t\u0159in\u00e1ct z\u00e1vod\u016f tuzemsk\u00e9ho poh\u00e1ru v \u0159ad\u011b. V Mlad\u00e9 Boleslavi spadl u\u017e v prvn\u00edm kole a propadl se na [&hellip;]<\/p>\n","protected":false},"author":30,"featured_media":38215,"comment_status":"closed","ping_status":"open","sticky":false,"template":"","format":"standard","meta":{"footnotes":""},"categories":[58,2],"tags":[59],"class_list":["post-38213","post","type-post","status-publish","format-standard","has-post-thumbnail","hentry","category-cyklokros","category-novinky","tag-cyklokros"],"_links":{"self":[{"href":"https:\/\/www.czechcyclingfederation.com\/en\/wp-json\/wp\/v2\/posts\/38213","targetHints":{"allow":["GET"]}}],"collection":[{"href":"https:\/\/www.czechcyclingfederation.com\/en\/wp-json\/wp\/v2\/posts"}],"about":[{"href":"https:\/\/www.czechcyclingfederation.com\/en\/wp-json\/wp\/v2\/types\/post"}],"author":[{"embeddable":true,"href":"https:\/\/www.czechcyclingfederation.com\/en\/wp-json\/wp\/v2\/users\/30"}],"replies":[{"embeddable":true,"href":"https:\/\/www.czechcyclingfederation.com\/en\/wp-json\/wp\/v2\/comments?post=38213"}],"version-history":[{"count":3,"href":"https:\/\/www.czechcyclingfederation.com\/en\/wp-json\/wp\/v2\/posts\/38213\/revisions"}],"predecessor-version":[{"id":38223,"href":"https:\/\/www.czechcyclingfederation.com\/en\/wp-json\/wp\/v2\/posts\/38213\/revisions\/38223"}],"wp:featuredmedia":[{"embeddable":true,"href":"https:\/\/www.czechcyclingfederation.com\/en\/wp-json\/wp\/v2\/media\/38215"}],"wp:attachment":[{"href":"https:\/\/www.czechcyclingfederation.com\/en\/wp-json\/wp\/v2\/media?parent=38213"}],"wp:term":[{"taxonomy":"category","embeddable":true,"href":"https:\/\/www.czechcyclingfederation.com\/en\/wp-json\/wp\/v2\/categories?post=38213"},{"taxonomy":"post_tag","embeddable":true,"href":"https:\/\/www.czechcyclingfederation.com\/en\/wp-json\/wp\/v2\/tags?post=38213"}],"curies":[{"name":"wp","href":"https:\/\/api.w.org\/{rel}","templated":true}]}}