{"id":382,"date":"2020-04-28T03:36:26","date_gmt":"2020-04-28T01:36:26","guid":{"rendered":"http:\/\/www.czechcyclingfederation.com\/?p=382"},"modified":"2020-07-16T13:41:33","modified_gmt":"2020-07-16T11:41:33","slug":"trenuj-s-repre-draha-3-dil-pavel-kelemen","status":"publish","type":"post","link":"https:\/\/www.czechcyclingfederation.com\/en\/trenuj-s-repre-draha-3-dil-pavel-kelemen\/","title":{"rendered":"Tr\u00e9nuj s repre DR\u00c1HA &#8211; 3. d\u00edl Pavel Kelemen"},"content":{"rendered":"\n<p>Dne\u0161n\u00edm hostem projektu \u201eTr\u00e9nuj s repre \u2013 dr\u00e1ha!\u201c je Pavel Kelemen &#8211; \u201eKelly\u0161\u201c.<\/p>\n\n\n\n<p>Pavel Kelemen pat\u0159\u00ed dlohodob\u011b mezi nejrychlej\u0161\u00ed mu\u017ee dr\u00e1hov\u00e9ho sv\u011bta. \u00da\u010dastn\u00edk olympijsk\u00fdch her v Lond\u00fdn\u011b a v Riu byl mimo jin\u00e9 tak\u00e9 dr\u017eitelem sv\u011btov\u00e9ho rekordu na letm\u00fdch 200 metr\u016f, kdy se mu poda\u0159ilo stla\u010dit \u010das na neuv\u011b\u0159iteln\u00fdch 9,558 sec. Pavel Kelemen je \u010dlenem n\u00e1rodn\u00edho resortn\u00edho centra vrcholov\u00e9ho sportu ASC Dukla Brno.<br><br>Dal\u0161\u00ed informace naleznete n\u00ed\u017ee v p\u0159\u00edsp\u011bvku na Facebooku.<\/p>\n\n\n\n<figure><iframe loading=\"lazy\" allowfullscreen=\"true\" height=\"533\" src=\"https:\/\/www.facebook.com\/plugins\/video.php?href=https%3A%2F%2Fwww.facebook.com%2Fczechcyclingfederation%2Fvideos%2F205240177450193%2F&amp;show_text=1&amp;width=560\" width=\"560\"><\/iframe><\/figure>\n","protected":false},"excerpt":{"rendered":"<p>Dne\u0161n\u00edm hostem projektu \u201eTr\u00e9nuj s repre \u2013 dr\u00e1ha!\u201c je Pavel Kelemen &#8211; \u201eKelly\u0161\u201c. Pavel Kelemen pat\u0159\u00ed dlohodob\u011b mezi nejrychlej\u0161\u00ed mu\u017ee dr\u00e1hov\u00e9ho sv\u011bta. \u00da\u010dastn\u00edk olympijsk\u00fdch her v Lond\u00fdn\u011b a v Riu byl mimo jin\u00e9 tak\u00e9 dr\u017eitelem sv\u011btov\u00e9ho rekordu na letm\u00fdch 200 metr\u016f, kdy se mu poda\u0159ilo stla\u010dit \u010das na neuv\u011b\u0159iteln\u00fdch 9,558 sec. Pavel Kelemen je \u010dlenem [&hellip;]<\/p>\n","protected":false},"author":1,"featured_media":383,"comment_status":"closed","ping_status":"open","sticky":false,"template":"","format":"standard","meta":{"footnotes":""},"categories":[54,2],"tags":[9],"class_list":["post-382","post","type-post","status-publish","format-standard","has-post-thumbnail","hentry","category-draha","category-novinky","tag-draha"],"_links":{"self":[{"href":"https:\/\/www.czechcyclingfederation.com\/en\/wp-json\/wp\/v2\/posts\/382","targetHints":{"allow":["GET"]}}],"collection":[{"href":"https:\/\/www.czechcyclingfederation.com\/en\/wp-json\/wp\/v2\/posts"}],"about":[{"href":"https:\/\/www.czechcyclingfederation.com\/en\/wp-json\/wp\/v2\/types\/post"}],"author":[{"embeddable":true,"href":"https:\/\/www.czechcyclingfederation.com\/en\/wp-json\/wp\/v2\/users\/1"}],"replies":[{"embeddable":true,"href":"https:\/\/www.czechcyclingfederation.com\/en\/wp-json\/wp\/v2\/comments?post=382"}],"version-history":[{"count":1,"href":"https:\/\/www.czechcyclingfederation.com\/en\/wp-json\/wp\/v2\/posts\/382\/revisions"}],"predecessor-version":[{"id":384,"href":"https:\/\/www.czechcyclingfederation.com\/en\/wp-json\/wp\/v2\/posts\/382\/revisions\/384"}],"wp:featuredmedia":[{"embeddable":true,"href":"https:\/\/www.czechcyclingfederation.com\/en\/wp-json\/wp\/v2\/media\/383"}],"wp:attachment":[{"href":"https:\/\/www.czechcyclingfederation.com\/en\/wp-json\/wp\/v2\/media?parent=382"}],"wp:term":[{"taxonomy":"category","embeddable":true,"href":"https:\/\/www.czechcyclingfederation.com\/en\/wp-json\/wp\/v2\/categories?post=382"},{"taxonomy":"post_tag","embeddable":true,"href":"https:\/\/www.czechcyclingfederation.com\/en\/wp-json\/wp\/v2\/tags?post=382"}],"curies":[{"name":"wp","href":"https:\/\/api.w.org\/{rel}","templated":true}]}}