{"id":38195,"date":"2025-10-15T06:54:57","date_gmt":"2025-10-15T04:54:57","guid":{"rendered":"https:\/\/www.czechcyclingfederation.com\/?p=38195"},"modified":"2025-10-15T06:55:01","modified_gmt":"2025-10-15T04:55:01","slug":"na-ms-do-chile-jede-12-ceskych-draharu","status":"publish","type":"post","link":"https:\/\/www.czechcyclingfederation.com\/en\/na-ms-do-chile-jede-12-ceskych-draharu\/","title":{"rendered":"Na MS do Chile jede 12 \u010desk\u00fdch dr\u00e1ha\u0159\u016f"},"content":{"rendered":"\n<p>A\u017e v&nbsp;dalek\u00e9m Santiago de Chile se letos uskute\u010dn\u00ed mistrovstv\u00ed sv\u011bta v&nbsp;dr\u00e1hov\u00e9 cyklistice. P\u0159edstav\u00ed se na n\u011bm i 12 \u010desk\u00fdch reprezentant\u016f, kte\u0159\u00ed na Vel\u00f3dromo Penalol\u00e9n budou od 22. do 26. \u0159\u00edjna bojovat o co nejlep\u0161\u00ed v\u00fdsledky.<\/p>\n\n\n\n<p><em>\u201eLeto\u0161n\u00ed sezona je trochu specifick\u00e1. Uskute\u010dnil se jen jeden Sv\u011btov\u00fd poh\u00e1r, tak\u017ee mo\u017enost\u00ed srovn\u00e1n\u00ed se sv\u011btem bylo minimum. T\u011b\u017eko se proto d\u011blaj\u00ed n\u011bjak\u00e9 predikce. Ale i podle v\u00fdsledk\u016f na jin\u00fdch z\u00e1vodech si mysl\u00edm, \u017ee forma je dobr\u00e1 a ot\u00e1zkou je, jak to kdo dok\u00e1\u017ee prodat. Asi nebudeme dop\u0159edu vyhla\u0161ovat, \u017ee jedeme pro medaile, ale o um\u00edst\u011bn\u00ed v&nbsp;prvn\u00ed osmi\u010dce i t\u0159eba top 5 by se n\u011bkte\u0159\u00ed m\u011bli rv\u00e1t,\u201c<\/em> \u0159ekl reprezenta\u010dn\u00ed tren\u00e9r <strong>Milan Kadlec.<\/strong><\/p>\n\n\n\n<p><em>\u201eKdy\u017e se to sejde, t\u0159eba bude i \u0161ance na medaili. Podle m\u011b je dost z\u00e1vod\u016f otev\u0159en\u00fdch a vzhledem k&nbsp;tomu, \u017ee se body do olympijsk\u00e9 kvalifikace za\u010dnou po\u010d\u00edtat a\u017e od p\u0159\u00ed\u0161t\u00ed sezony, t\u0159eba ani obsazen\u00ed nebude v&nbsp;n\u011bkter\u00fdch discipl\u00edn\u00e1ch tak siln\u00e9,\u201c<\/em> dodal tren\u00e9r.<\/p>\n\n\n\n<figure class=\"wp-block-image size-large\"><img loading=\"lazy\" decoding=\"async\" width=\"1024\" height=\"683\" src=\"https:\/\/www.czechcyclingfederation.com\/wp-content\/uploads\/2025\/10\/Milan-Kadlec-1024x683.jpg\" alt=\"\" class=\"wp-image-38198\" srcset=\"https:\/\/www.czechcyclingfederation.com\/wp-content\/uploads\/2025\/10\/Milan-Kadlec-1024x683.jpg 1024w, https:\/\/www.czechcyclingfederation.com\/wp-content\/uploads\/2025\/10\/Milan-Kadlec-300x200.jpg 300w, https:\/\/www.czechcyclingfederation.com\/wp-content\/uploads\/2025\/10\/Milan-Kadlec-768x512.jpg 768w, https:\/\/www.czechcyclingfederation.com\/wp-content\/uploads\/2025\/10\/Milan-Kadlec-1536x1024.jpg 1536w, https:\/\/www.czechcyclingfederation.com\/wp-content\/uploads\/2025\/10\/Milan-Kadlec-2048x1365.jpg 2048w, https:\/\/www.czechcyclingfederation.com\/wp-content\/uploads\/2025\/10\/Milan-Kadlec-1320x880.jpg 1320w\" sizes=\"auto, (max-width: 1024px) 100vw, 1024px\" \/><\/figure>\n\n\n\n<p>Ze z\u00e1vodn\u00edk\u016f ve vytrvalostn\u00edch discipl\u00edn\u00e1ch m\u00e1 podle n\u011bj ka\u017ed\u00fd \u0161anci na dobr\u00fd v\u00fdsledek. <em>\u201eJe to pom\u011brn\u011b zku\u0161en\u00e1 skupina. U \u0160ev\u010d\u00edkov\u00e9 s&nbsp;N\u011bmcovou s\u00e1z\u00edme hlavn\u011b na scratch a vylu\u010dovac\u00ed z\u00e1vod, jsou to jejich par\u00e1dn\u00ed discipl\u00edny. Kobl\u00ed\u017eek uk\u00e1zal ned\u00e1vno formu na z\u00e1vod\u011b v&nbsp;Aigle, kde skon\u010dil t\u0159et\u00ed ve scratchi a zajel \u010desk\u00fd rekord ve st\u00edha\u010dce,\u201c<\/em> prozradil Kadlec.<\/p>\n\n\n\n<p><em>\u201eKa\u017ed\u00fd zvolil trochu jin\u00fd model fin\u00e1ln\u00ed p\u0159\u00edpravy. Vone\u0161 s&nbsp;K\u0159enkem tr\u00e9novali ve vysok\u00e9 nadmo\u0159sk\u00e9 v\u00fd\u0161ce v&nbsp;Coloradu, co\u017e by m\u011bli z\u00faro\u010dit, \u0160ev\u010d\u00edkov\u00e1 v&nbsp;D\u00e1nsku, N\u011bmcov\u00e1 m\u011bla skv\u011bl\u00fd silni\u010dn\u00ed program. Jela mistrovstv\u00ed sv\u011bta i Evropy a je\u0161t\u011b te\u010f, t\u011bsn\u011b p\u0159ed \u0161ampion\u00e1tem, startuje ve skv\u011bl\u00e9 konkurenci na WorldTour etapov\u00e9m z\u00e1vod\u011b v&nbsp;\u010c\u00edn\u011b, kde si nevede v\u016fbec \u0161patn\u011b,\u201c<\/em> popsal reprezenta\u010dn\u00ed tren\u00e9r.<\/p>\n\n\n\n<figure class=\"wp-block-image size-large\"><img loading=\"lazy\" decoding=\"async\" width=\"1024\" height=\"683\" src=\"https:\/\/www.czechcyclingfederation.com\/wp-content\/uploads\/2025\/10\/AVA_4532-1024x683.jpg\" alt=\"\" class=\"wp-image-38200\" srcset=\"https:\/\/www.czechcyclingfederation.com\/wp-content\/uploads\/2025\/10\/AVA_4532-1024x683.jpg 1024w, https:\/\/www.czechcyclingfederation.com\/wp-content\/uploads\/2025\/10\/AVA_4532-300x200.jpg 300w, https:\/\/www.czechcyclingfederation.com\/wp-content\/uploads\/2025\/10\/AVA_4532-768x512.jpg 768w, https:\/\/www.czechcyclingfederation.com\/wp-content\/uploads\/2025\/10\/AVA_4532-1536x1024.jpg 1536w, https:\/\/www.czechcyclingfederation.com\/wp-content\/uploads\/2025\/10\/AVA_4532-1320x880.jpg 1320w, https:\/\/www.czechcyclingfederation.com\/wp-content\/uploads\/2025\/10\/AVA_4532.jpg 2048w\" sizes=\"auto, (max-width: 1024px) 100vw, 1024px\" \/><\/figure>\n\n\n\n<p>Ve sprintersk\u00fdch discipl\u00edn\u00e1ch m\u00e1 \u010desk\u00fd t\u00fdm rovn\u011b\u017e pom\u011brn\u011b velk\u00e9 ambice. <em>\u201eU mu\u017e\u016f bychom r\u00e1di v&nbsp;t\u00fdmov\u00e9m sprintu zabojovali o top 6, posledn\u00ed v\u00fdsledky n\u00e1m dod\u00e1vaj\u00ed optimismus. Peterka z\u00edskal na leto\u0161n\u00edm mistrovstv\u00ed Evropy bronz na kilometru a pokus\u00ed se to p\u0159etavit v&nbsp;\u00fasp\u011bch i na mistrovstv\u00ed sv\u011bta. Je velk\u00fdm p\u0159\u00edslibem do budoucna. U \u017een bude pil\u00ed\u0159em sestavy Veronika Jaborn\u00edkov\u00e1, kter\u00e1 by se v&nbsp;keirinu ur\u010dit\u011b mohla pod\u00edvat do fin\u00e1le a pomoci t\u00fdmu ve sprintu, kde holky cht\u011bj\u00ed zabojovat o top 8,\u201c<\/em> uvedl Kadlec.<\/p>\n\n\n\n<p class=\"has-medium-font-size\"><strong>Nominace<\/strong><\/p>\n\n\n\n<p><strong>Mu\u017ei: Maty\u00e1\u0161 Kobl\u00ed\u017eek <\/strong>(vylu\u010dovac\u00ed z\u00e1vod, bodovac\u00ed z\u00e1vod), <strong>Jan Vone\u0161<\/strong> (scratch, madison), <strong>Adam K\u0159enek<\/strong> (omnium, madison), <strong>Martin \u010cechman<\/strong> (keirin, sprint, t\u00fdmov\u00fd sprint), <strong>David Peterka<\/strong> (1 km s&nbsp;pevn\u00fdm startem, t\u00fdmov\u00fd sprint), <strong>Dominik Topinka<\/strong> (1 km s&nbsp;pevn\u00fdm startem, t\u00fdmov\u00fd sprint), <strong>Mat\u011bj Tamme <\/strong>(t\u00fdmov\u00fd sprint).<\/p>\n\n\n\n<p><strong>\u017deny: Barbora N\u011bmcov\u00e1<\/strong> (vylu\u010dovac\u00ed z\u00e1vod, bodovac\u00ed z\u00e1vod, madison), <strong>Petra \u0160ev\u010d\u00edkov\u00e1 <\/strong>(omnium, scratch, madison), <strong>Veronika Jaborn\u00edkov\u00e1<\/strong> (keirin, 1 km s&nbsp;pevn\u00fdm startem, sprint, t\u00fdmov\u00fd sprint), <strong>Anna Jaborn\u00edkov\u00e1<\/strong> (1 km s&nbsp;pevn\u00fdm startem, t\u00fdmov\u00fd sprint), <strong>S\u00e1ra Kate\u0159ina Peterkov\u00e1<\/strong> (t\u00fdmov\u00fd sprint).<\/p>\n\n\n\n<p>Foto: Filip Bezd\u011bk a Aneta V\u00e1lkov\u00e1<\/p>\n","protected":false},"excerpt":{"rendered":"<p>A\u017e v&nbsp;dalek\u00e9m Santiago de Chile se letos uskute\u010dn\u00ed mistrovstv\u00ed sv\u011bta v&nbsp;dr\u00e1hov\u00e9 cyklistice. P\u0159edstav\u00ed se na n\u011bm i 12 \u010desk\u00fdch reprezentant\u016f, kte\u0159\u00ed na Vel\u00f3dromo Penalol\u00e9n budou od 22. do 26. \u0159\u00edjna bojovat o co nejlep\u0161\u00ed v\u00fdsledky. \u201eLeto\u0161n\u00ed sezona je trochu specifick\u00e1. Uskute\u010dnil se jen jeden Sv\u011btov\u00fd poh\u00e1r, tak\u017ee mo\u017enost\u00ed srovn\u00e1n\u00ed se sv\u011btem bylo minimum. T\u011b\u017eko se [&hellip;]<\/p>\n","protected":false},"author":15,"featured_media":38196,"comment_status":"closed","ping_status":"open","sticky":false,"template":"","format":"standard","meta":{"footnotes":""},"categories":[54,2],"tags":[9],"class_list":["post-38195","post","type-post","status-publish","format-standard","has-post-thumbnail","hentry","category-draha","category-novinky","tag-draha"],"_links":{"self":[{"href":"https:\/\/www.czechcyclingfederation.com\/en\/wp-json\/wp\/v2\/posts\/38195","targetHints":{"allow":["GET"]}}],"collection":[{"href":"https:\/\/www.czechcyclingfederation.com\/en\/wp-json\/wp\/v2\/posts"}],"about":[{"href":"https:\/\/www.czechcyclingfederation.com\/en\/wp-json\/wp\/v2\/types\/post"}],"author":[{"embeddable":true,"href":"https:\/\/www.czechcyclingfederation.com\/en\/wp-json\/wp\/v2\/users\/15"}],"replies":[{"embeddable":true,"href":"https:\/\/www.czechcyclingfederation.com\/en\/wp-json\/wp\/v2\/comments?post=38195"}],"version-history":[{"count":1,"href":"https:\/\/www.czechcyclingfederation.com\/en\/wp-json\/wp\/v2\/posts\/38195\/revisions"}],"predecessor-version":[{"id":38202,"href":"https:\/\/www.czechcyclingfederation.com\/en\/wp-json\/wp\/v2\/posts\/38195\/revisions\/38202"}],"wp:featuredmedia":[{"embeddable":true,"href":"https:\/\/www.czechcyclingfederation.com\/en\/wp-json\/wp\/v2\/media\/38196"}],"wp:attachment":[{"href":"https:\/\/www.czechcyclingfederation.com\/en\/wp-json\/wp\/v2\/media?parent=38195"}],"wp:term":[{"taxonomy":"category","embeddable":true,"href":"https:\/\/www.czechcyclingfederation.com\/en\/wp-json\/wp\/v2\/categories?post=38195"},{"taxonomy":"post_tag","embeddable":true,"href":"https:\/\/www.czechcyclingfederation.com\/en\/wp-json\/wp\/v2\/tags?post=38195"}],"curies":[{"name":"wp","href":"https:\/\/api.w.org\/{rel}","templated":true}]}}