{"id":38185,"date":"2025-10-14T20:03:56","date_gmt":"2025-10-14T18:03:56","guid":{"rendered":"https:\/\/www.czechcyclingfederation.com\/?p=38185"},"modified":"2025-10-14T20:06:37","modified_gmt":"2025-10-14T18:06:37","slug":"nemcova-ctvrta-v-etape-worldtour-zavodu-v-cine","status":"publish","type":"post","link":"https:\/\/www.czechcyclingfederation.com\/en\/nemcova-ctvrta-v-etape-worldtour-zavodu-v-cine\/","title":{"rendered":"N\u011bmcov\u00e1 \u010dtvrt\u00e1 v\u00a0etap\u011b WorldTour z\u00e1vodu v\u00a0\u010c\u00edn\u011b!"},"content":{"rendered":"\n<p><strong>Barbora N\u011bmcov\u00e1<\/strong> z&nbsp;Dukly Praha obsadila v\u00fdborn\u00e9 \u010dtvrt\u00e9 m\u00edsto v&nbsp;\u00favodn\u00ed etap\u011b z\u00e1vodu nejvy\u0161\u0161\u00ed kategorie WorldTour Tour of Chongming Island v&nbsp;\u010c\u00edn\u011b.<\/p>\n\n\n\n<p><em>\u201eOpravdu se mi ta etapa povedla, v\u016fbec jsem to ne\u010dekala,\u201c<\/em> \u0159ekla N\u011bmcov\u00e1. <em>\u201eCel\u00fd z\u00e1vod pr\u0161elo, s\u00a0holkama jsme cht\u011bly chodit do \u00fanik\u016f, abychom byly aktivn\u00ed a uk\u00e1zaly se co nejv\u00edc. Do \u00faniku dne jsme se bohu\u017eel nedostaly, trval asi od 35. kilometru do 90., ale sjelo se to. Tak\u017ee bylo jasn\u00e9, \u017ee dojde na spurt,\u201c<\/em> popisovala \u010desk\u00e1 reprezentantka.<\/p>\n\n\n\n<p><em>\u201eSna\u017eila jsem se z\u016fstat co nejv\u00edc v klidu a m\u00edt chladnou hlavu. Posledn\u00edch 10 kilometr\u016f u\u017e se jelo velmi ostr\u00e9 tempo a ve fin\u00e1le jsem tam na\u0161la n\u011bjak\u00e9 m\u00edste\u010dko a slu\u0161n\u011b zaspurtovala. M\u00e1m velkou radost. Uvid\u00edme, co p\u0159inesou zb\u00fdvaj\u00edc\u00ed dv\u011b etapy. Bylo by super, kdybych to je\u0161t\u011b vylep\u0161ila, ale se \u010dtvrt\u00fdm m\u00edstem u\u017e jsem i tak moc spokojen\u00e1,\u201c<\/em> p\u0159iznala N\u011bmcov\u00e1.<\/p>\n\n\n\n<figure class=\"wp-block-image size-large\"><img loading=\"lazy\" decoding=\"async\" width=\"1024\" height=\"908\" src=\"https:\/\/www.czechcyclingfederation.com\/wp-content\/uploads\/2025\/10\/nemcova-new-1024x908.jpg\" alt=\"\" class=\"wp-image-38191\" srcset=\"https:\/\/www.czechcyclingfederation.com\/wp-content\/uploads\/2025\/10\/nemcova-new-1024x908.jpg 1024w, https:\/\/www.czechcyclingfederation.com\/wp-content\/uploads\/2025\/10\/nemcova-new-226x200.jpg 226w, https:\/\/www.czechcyclingfederation.com\/wp-content\/uploads\/2025\/10\/nemcova-new-768x681.jpg 768w, https:\/\/www.czechcyclingfederation.com\/wp-content\/uploads\/2025\/10\/nemcova-new-1536x1362.jpg 1536w, https:\/\/www.czechcyclingfederation.com\/wp-content\/uploads\/2025\/10\/nemcova-new-2048x1815.jpg 2048w, https:\/\/www.czechcyclingfederation.com\/wp-content\/uploads\/2025\/10\/nemcova-new-1320x1170.jpg 1320w\" sizes=\"auto, (max-width: 1024px) 100vw, 1024px\" \/><\/figure>\n\n\n\n<p>M\u00e1 za sebou n\u00e1ro\u010dn\u00fd silni\u010dn\u00ed program, kdy\u017e startovala na MS ve Rwand\u011b i na ME ve Francii. V minul\u00e9m t\u00fddnu jela jednor\u00e1zovku Tre Valli Varesine\u00a0v It\u00e1lii. Hned z\u00a0\u010c\u00edny let\u00ed do Chile, kde ji \u010dek\u00e1 sv\u011btov\u00fd \u0161ampion\u00e1t na dr\u00e1ze. <em>\u201eV\u011bd\u011bla jsem dlouho dop\u0159edu, \u017ee to takhle budu m\u00edt, tak jsem se na to mohla p\u0159ipravit a s\u00a0tren\u00e9rem napl\u00e1novat p\u0159\u00edpravu. Zat\u00edm je v\u0161echno v\u00a0pohod\u011b, c\u00edt\u00edm se dob\u0159e, a i ty n\u00e1ro\u010dn\u00e9 p\u0159esuny zvl\u00e1d\u00e1m pom\u011brn\u011b dob\u0159e,\u201c <\/em>dodala z\u00e1vodnice Dukly.<\/p>\n\n\n\n<p><em>\u201ePro holky je to ohromn\u00e1 \u0161kola. Je skv\u011bl\u00e9, \u017ee se t\u00fdm jako Dukla na z\u00e1vod t\u00e9 nejvy\u0161\u0161\u00ed kategorie v\u016fbec dostane. A o to v\u011bt\u0161\u00ed m\u00e1me radost, kdy\u017e se povede takov\u00fd skv\u011bl\u00fd v\u00fdsledek, jako te\u010f B\u00e1\u0159e,\u201c <\/em>uvedl tren\u00e9r Dukly <strong>Milan Kadlec.<\/strong><\/p>\n\n\n\n<p>Etapu vyhr\u00e1la Australanka Bakerov\u00e1 z\u00a0WorldTour t\u00fdmu Liv AlUla Jayco a vede i pr\u016fb\u011b\u017en\u011b. N\u011bmcov\u00e1 je osm\u00e1 se ztr\u00e1tou 10 sekund, proto\u017ee neposb\u00edrala \u017e\u00e1dnou bonifikaci. V\u00a0c\u00edli ji braly jen prvn\u00ed t\u0159i z\u00e1vodnice, dal\u0161\u00ed z\u00edskaly vte\u0159iny k dobru na pr\u00e9mi\u00edch.<\/p>\n","protected":false},"excerpt":{"rendered":"<p>Barbora N\u011bmcov\u00e1 z&nbsp;Dukly Praha obsadila v\u00fdborn\u00e9 \u010dtvrt\u00e9 m\u00edsto v&nbsp;\u00favodn\u00ed etap\u011b z\u00e1vodu nejvy\u0161\u0161\u00ed kategorie WorldTour Tour of Chongming Island v&nbsp;\u010c\u00edn\u011b. \u201eOpravdu se mi ta etapa povedla, v\u016fbec jsem to ne\u010dekala,\u201c \u0159ekla N\u011bmcov\u00e1. \u201eCel\u00fd z\u00e1vod pr\u0161elo, s\u00a0holkama jsme cht\u011bly chodit do \u00fanik\u016f, abychom byly aktivn\u00ed a uk\u00e1zaly se co nejv\u00edc. Do \u00faniku dne jsme se bohu\u017eel nedostaly, [&hellip;]<\/p>\n","protected":false},"author":15,"featured_media":30358,"comment_status":"closed","ping_status":"open","sticky":false,"template":"","format":"standard","meta":{"footnotes":""},"categories":[2,18],"tags":[11],"class_list":["post-38185","post","type-post","status-publish","format-standard","has-post-thumbnail","hentry","category-novinky","category-silnice","tag-silnice"],"_links":{"self":[{"href":"https:\/\/www.czechcyclingfederation.com\/en\/wp-json\/wp\/v2\/posts\/38185","targetHints":{"allow":["GET"]}}],"collection":[{"href":"https:\/\/www.czechcyclingfederation.com\/en\/wp-json\/wp\/v2\/posts"}],"about":[{"href":"https:\/\/www.czechcyclingfederation.com\/en\/wp-json\/wp\/v2\/types\/post"}],"author":[{"embeddable":true,"href":"https:\/\/www.czechcyclingfederation.com\/en\/wp-json\/wp\/v2\/users\/15"}],"replies":[{"embeddable":true,"href":"https:\/\/www.czechcyclingfederation.com\/en\/wp-json\/wp\/v2\/comments?post=38185"}],"version-history":[{"count":3,"href":"https:\/\/www.czechcyclingfederation.com\/en\/wp-json\/wp\/v2\/posts\/38185\/revisions"}],"predecessor-version":[{"id":38194,"href":"https:\/\/www.czechcyclingfederation.com\/en\/wp-json\/wp\/v2\/posts\/38185\/revisions\/38194"}],"wp:featuredmedia":[{"embeddable":true,"href":"https:\/\/www.czechcyclingfederation.com\/en\/wp-json\/wp\/v2\/media\/30358"}],"wp:attachment":[{"href":"https:\/\/www.czechcyclingfederation.com\/en\/wp-json\/wp\/v2\/media?parent=38185"}],"wp:term":[{"taxonomy":"category","embeddable":true,"href":"https:\/\/www.czechcyclingfederation.com\/en\/wp-json\/wp\/v2\/categories?post=38185"},{"taxonomy":"post_tag","embeddable":true,"href":"https:\/\/www.czechcyclingfederation.com\/en\/wp-json\/wp\/v2\/tags?post=38185"}],"curies":[{"name":"wp","href":"https:\/\/api.w.org\/{rel}","templated":true}]}}