{"id":38113,"date":"2025-10-13T07:10:00","date_gmt":"2025-10-13T05:10:00","guid":{"rendered":"https:\/\/www.czechcyclingfederation.com\/?p=38113"},"modified":"2025-10-14T10:01:25","modified_gmt":"2025-10-14T08:01:25","slug":"ceske-medaile-i-rekordy-na-ms-masters-v-drahove-cyklistice","status":"publish","type":"post","link":"https:\/\/www.czechcyclingfederation.com\/en\/ceske-medaile-i-rekordy-na-ms-masters-v-drahove-cyklistice\/","title":{"rendered":"\u010cesk\u00e9 medaile i rekordy na MS Masters v dr\u00e1hov\u00e9 cyklistice"},"content":{"rendered":"\n<p>U\u017e podruh\u00e9 se ve francouzsk\u00e9m Roubaix konalo mistrovstv\u00ed sv\u011bta Masters v dr\u00e1hov\u00e9 cyklistice \u2013 a \u010de\u0161t\u00ed reprezentanti na n\u011bm zanechali v\u00fdraznou stopu. Nejen\u017ee z\u00edskali n\u011bkolik medail\u00ed, ale z\u00e1rove\u0148 ustanovili i nov\u00e9 \u010desk\u00e9 rekordy.<\/p>\n\n\n\n<p>Nejv\u011bt\u0161\u00edho \u00fasp\u011bchu dos\u00e1hla Zuzana Rychnovsk\u00e1, kter\u00e1 se stala mistryn\u00ed sv\u011bta ve sprintu. Skv\u011bl\u00fd v\u00fdkon p\u0159edvedl tak\u00e9 David Gotthardt, jen\u017e obsadil 3. m\u00edsto ve sprintu, stejn\u011b jako t\u00fdm Volf\u2013Mu\u017e\u00edk\u2013Vitou\u0161 v discipl\u00edn\u011b t\u00fdmov\u00fd sprint. \u010cesk\u00fd \u017eensk\u00fd t\u00fdm ve slo\u017een\u00ed Rychnovsk\u00e1, Bryxi, Dole\u017ealov\u00e1, p\u0159idal st\u0159\u00edbro. Andrea Dole\u017ealov\u00e1 a Pavel Vitou\u0161 si nav\u00edc odv\u00e1\u017eej\u00ed \u010dtvrt\u00e1 m\u00edsta ze sprintu a kilometru.<\/p>\n\n\n\n<p>Cel\u00e1 akce se konala v modern\u00edm sportovn\u00edm centru p\u0159\u00edmo naproti slavn\u00e9mu venkovn\u00edmu velodromu v Roubaix, kter\u00fd je zn\u00e1m\u00fd p\u0159edev\u0161\u00edm z legend\u00e1rn\u00edho z\u00e1vodu Pa\u0159\u00ed\u017e-Roubaix. \u0160ampion\u00e1t byl nejen oslavou rychlostn\u00ed cyklistiky, ale tak\u00e9 d\u016fkazem, \u017ee sport m\u00e1 s\u00edlu spojovat generace a inspirovat ke zdrav\u00e9mu \u017eivotn\u00edmu stylu.<\/p>\n\n\n\n<p>V\u00fdkony jezdc\u016f v n\u011bkter\u00fdch kategori\u00edch byly doslova obdivuhodn\u00e9. Nap\u0159\u00edklad v\u00edt\u011bz v kategorii 80+ zajel 200 metr\u016f s letm\u00fdm startem za 13,1 sekundy! Na opa\u010dn\u00e9m konci v\u011bkov\u00e9ho spektra, v nejmlad\u0161\u00edch amat\u00e9rsk\u00fdch kategori\u00edch, triumfoval ma\u010farsk\u00fd z\u00e1vodn\u00edk v 3km z\u00e1vod\u011b s \u010dasem 3:14, zat\u00edmco v\u00edt\u011bzn\u00e9 dru\u017estvo na 4 km zajelo 4:20. I v kategorii 55\u201365 let dos\u00e1hli v\u00edt\u011bzov\u00e9 \u010dasu 4:37 \u2013 v\u00fdsledky pln\u011b srovnateln\u00e9 s v\u00fdkony \u010desk\u00fdch elitn\u00edch \u010di ml\u00e1de\u017enick\u00fdch z\u00e1vodn\u00edk\u016f.<\/p>\n\n\n\n<figure class=\"wp-block-image size-large\"><img loading=\"lazy\" decoding=\"async\" width=\"965\" height=\"1024\" src=\"https:\/\/www.czechcyclingfederation.com\/wp-content\/uploads\/2025\/10\/IMG-20251012-WA0015-965x1024.jpg\" alt=\"\" class=\"wp-image-38120\" srcset=\"https:\/\/www.czechcyclingfederation.com\/wp-content\/uploads\/2025\/10\/IMG-20251012-WA0015-965x1024.jpg 965w, https:\/\/www.czechcyclingfederation.com\/wp-content\/uploads\/2025\/10\/IMG-20251012-WA0015-188x200.jpg 188w, https:\/\/www.czechcyclingfederation.com\/wp-content\/uploads\/2025\/10\/IMG-20251012-WA0015-768x815.jpg 768w, https:\/\/www.czechcyclingfederation.com\/wp-content\/uploads\/2025\/10\/IMG-20251012-WA0015-1447x1536.jpg 1447w, https:\/\/www.czechcyclingfederation.com\/wp-content\/uploads\/2025\/10\/IMG-20251012-WA0015-1930x2048.jpg 1930w, https:\/\/www.czechcyclingfederation.com\/wp-content\/uploads\/2025\/10\/IMG-20251012-WA0015-1320x1401.jpg 1320w\" sizes=\"auto, (max-width: 965px) 100vw, 965px\" \/><\/figure>\n\n\n\n<p>Dal\u0161\u00ed ro\u010dn\u00edk sv\u011btov\u00e9ho \u0161ampion\u00e1tu Masters se bude konat v&nbsp;Lond\u00fdn\u011b.<\/p>\n\n\n\n<p>Foto: Marek Mixa<\/p>\n","protected":false},"excerpt":{"rendered":"<p>U\u017e podruh\u00e9 se ve francouzsk\u00e9m Roubaix konalo mistrovstv\u00ed sv\u011bta Masters v dr\u00e1hov\u00e9 cyklistice \u2013 a \u010de\u0161t\u00ed reprezentanti na n\u011bm zanechali v\u00fdraznou stopu. Nejen\u017ee z\u00edskali n\u011bkolik medail\u00ed, ale z\u00e1rove\u0148 ustanovili i nov\u00e9 \u010desk\u00e9 rekordy. Nejv\u011bt\u0161\u00edho \u00fasp\u011bchu dos\u00e1hla Zuzana Rychnovsk\u00e1, kter\u00e1 se stala mistryn\u00ed sv\u011bta ve sprintu. Skv\u011bl\u00fd v\u00fdkon p\u0159edvedl tak\u00e9 David Gotthardt, jen\u017e obsadil 3. m\u00edsto [&hellip;]<\/p>\n","protected":false},"author":30,"featured_media":33879,"comment_status":"closed","ping_status":"open","sticky":false,"template":"","format":"standard","meta":{"footnotes":""},"categories":[54,2],"tags":[9],"class_list":["post-38113","post","type-post","status-publish","format-standard","has-post-thumbnail","hentry","category-draha","category-novinky","tag-draha"],"_links":{"self":[{"href":"https:\/\/www.czechcyclingfederation.com\/en\/wp-json\/wp\/v2\/posts\/38113","targetHints":{"allow":["GET"]}}],"collection":[{"href":"https:\/\/www.czechcyclingfederation.com\/en\/wp-json\/wp\/v2\/posts"}],"about":[{"href":"https:\/\/www.czechcyclingfederation.com\/en\/wp-json\/wp\/v2\/types\/post"}],"author":[{"embeddable":true,"href":"https:\/\/www.czechcyclingfederation.com\/en\/wp-json\/wp\/v2\/users\/30"}],"replies":[{"embeddable":true,"href":"https:\/\/www.czechcyclingfederation.com\/en\/wp-json\/wp\/v2\/comments?post=38113"}],"version-history":[{"count":4,"href":"https:\/\/www.czechcyclingfederation.com\/en\/wp-json\/wp\/v2\/posts\/38113\/revisions"}],"predecessor-version":[{"id":38159,"href":"https:\/\/www.czechcyclingfederation.com\/en\/wp-json\/wp\/v2\/posts\/38113\/revisions\/38159"}],"wp:featuredmedia":[{"embeddable":true,"href":"https:\/\/www.czechcyclingfederation.com\/en\/wp-json\/wp\/v2\/media\/33879"}],"wp:attachment":[{"href":"https:\/\/www.czechcyclingfederation.com\/en\/wp-json\/wp\/v2\/media?parent=38113"}],"wp:term":[{"taxonomy":"category","embeddable":true,"href":"https:\/\/www.czechcyclingfederation.com\/en\/wp-json\/wp\/v2\/categories?post=38113"},{"taxonomy":"post_tag","embeddable":true,"href":"https:\/\/www.czechcyclingfederation.com\/en\/wp-json\/wp\/v2\/tags?post=38113"}],"curies":[{"name":"wp","href":"https:\/\/api.w.org\/{rel}","templated":true}]}}