{"id":38087,"date":"2025-10-12T17:46:40","date_gmt":"2025-10-12T15:46:40","guid":{"rendered":"https:\/\/www.czechcyclingfederation.com\/?p=38087"},"modified":"2025-10-12T17:46:44","modified_gmt":"2025-10-12T15:46:44","slug":"adam-toupalik-na-ms-v-gravelu-ctyriadvacaty","status":"publish","type":"post","link":"https:\/\/www.czechcyclingfederation.com\/en\/adam-toupalik-na-ms-v-gravelu-ctyriadvacaty\/","title":{"rendered":"Adam \u0164oupal\u00edk na MS v gravelu \u010dty\u0159iadvac\u00e1t\u00fd"},"content":{"rendered":"\n<p><strong>\u010cty\u0159iadvac\u00e1tou p\u0159\u00ed\u010dku vybojoval \u010desk\u00fd reprezentant Adam \u0164oupal\u00edk na mistrovstv\u00ed sv\u011bta v gravelu, kter\u00e9 se jelo v ned\u011bli v Nizozemsku. Mistrem sv\u011bta je Belgi\u010dan Florian Vermeersch vracej\u00edc\u00ed se na sc\u00e9nu po komplikovan\u00e9 zlomenin\u011b nohy.<\/strong><\/p>\n\n\n\n<p>\u010cesk\u00e1 reprezentace mu\u017e\u016f doufala, \u017ee dok\u00e1\u017ee nav\u00e1zat na sobotn\u00ed v\u00fdsledek ze z\u00e1vodu elitn\u00edch \u017een, kde Julia Kopeck\u00fd dojela na \u0161est\u00e9 pozici. Favorizovan\u00fd Petr Vako\u010d, jen\u017e b\u011bhem sezony doj\u00ed\u017ed\u011bl v UCI Gravel World Series pravideln\u011b na stupn\u00edch v\u00edt\u011bz\u016f protnul c\u00edl na dev\u011bta\u0161edes\u00e1t\u00e9 pozici.<\/p>\n\n\n\n<p>&#8220;Bylo vid\u011bt, \u017ee t\u011blo nen\u00ed na tenhle styl s neust\u00e1l\u00fdmi n\u00e1stupy a zm\u011bny tempa zvykl\u00e9. Je to \u00fapln\u011b odli\u0161n\u00e9 proti z\u00e1vod\u016fm, kter\u00e9 se jezd\u00ed b\u011bhem sezony. Tohle bylo jako krit\u00e9rium,&#8221; ohl\u00ed\u017eel se t\u0159iat\u0159icetilet\u00fd Petr Vako\u010d za vystoupen\u00edm na \u0161ampion\u00e1tu.<\/p>\n\n\n\n<figure class=\"wp-block-image size-large\"><img loading=\"lazy\" decoding=\"async\" width=\"1024\" height=\"683\" src=\"http:\/\/www.czechcyclingfederation.com\/wp-content\/uploads\/2025\/10\/DSC_6760-1024x683.jpg\" alt=\"\" class=\"wp-image-38094\" srcset=\"https:\/\/www.czechcyclingfederation.com\/wp-content\/uploads\/2025\/10\/DSC_6760-1024x683.jpg 1024w, https:\/\/www.czechcyclingfederation.com\/wp-content\/uploads\/2025\/10\/DSC_6760-300x200.jpg 300w, https:\/\/www.czechcyclingfederation.com\/wp-content\/uploads\/2025\/10\/DSC_6760-768x512.jpg 768w, https:\/\/www.czechcyclingfederation.com\/wp-content\/uploads\/2025\/10\/DSC_6760-1536x1024.jpg 1536w, https:\/\/www.czechcyclingfederation.com\/wp-content\/uploads\/2025\/10\/DSC_6760-2048x1365.jpg 2048w, https:\/\/www.czechcyclingfederation.com\/wp-content\/uploads\/2025\/10\/DSC_6760-1320x880.jpg 1320w\" sizes=\"auto, (max-width: 1024px) 100vw, 1024px\" \/><\/figure>\n\n\n\n<p>&#8220;V\u011bd\u011bl jsem, \u017ee \u0161ampion\u00e1t bude vy\u017eadovat dobrou pozi\u010dn\u00ed j\u00edzdu. Najel jsem dob\u0159e do ter\u00e9nu. Bylo to hodn\u011b hektick\u00e9. Strkanice, p\u00e1dy. A\u017e do z\u00e1v\u011bru prvn\u00edho kola jsem se c\u00edtil super. Pohyboval jsem se na \u010dele. Ale pak v n\u00e1jezdu do druh\u00e9ho kola jsem si tro\u0161ku povolil v kopci a tr\u00e1pil jsem se. Propadl jsem se a nedok\u00e1zal se dostat zp\u011bt do \u010dela,&#8221; doplnil je\u0161t\u011b Petr Vako\u010d.<\/p>\n\n\n\n<p>Nejlep\u0161\u00ed z \u010desk\u00fdch reprezentant\u016f tak byl Adam \u0164oupal\u00edk, kter\u00fd pat\u0159\u00ed na soupisku Unibet Tietema Rockets.<\/p>\n\n\n\n<p>&#8220;Od za\u010d\u00e1tku se hodn\u011b z\u00e1vodilo. Sna\u017eil jsem se pohybovat s Petrem Vako\u010dem vp\u0159edu. P\u0159ibli\u017en\u011b po t\u0159ech hodin\u00e1ch se pole rozd\u011blilo a odjelo dvacet lid\u00ed, j\u00e1 z\u016fstal v druh\u00e9 skupin\u011b. Posledn\u00edch \u0161edes\u00e1t kilometr\u016f jsme se st\u0159\u00eddali, ale \u010delo n\u00e1m odjelo. Druh\u00e1 polovina z\u00e1vodu mohla b\u00fdt lep\u0161\u00ed,&#8221; hodnotil vystoupen\u00ed na \u0161ampion\u00e1tu v Nizozemsku nejlep\u0161\u00ed z \u010desk\u00fdch reprezentant\u016f Adam \u0164oupal\u00edk.<\/p>\n\n\n\n<figure class=\"wp-block-image size-large\"><img loading=\"lazy\" decoding=\"async\" width=\"1024\" height=\"683\" src=\"http:\/\/www.czechcyclingfederation.com\/wp-content\/uploads\/2025\/10\/DSC_7013-1024x683.jpg\" alt=\"\" class=\"wp-image-38092\" srcset=\"https:\/\/www.czechcyclingfederation.com\/wp-content\/uploads\/2025\/10\/DSC_7013-1024x683.jpg 1024w, https:\/\/www.czechcyclingfederation.com\/wp-content\/uploads\/2025\/10\/DSC_7013-300x200.jpg 300w, https:\/\/www.czechcyclingfederation.com\/wp-content\/uploads\/2025\/10\/DSC_7013-768x512.jpg 768w, https:\/\/www.czechcyclingfederation.com\/wp-content\/uploads\/2025\/10\/DSC_7013-1536x1024.jpg 1536w, https:\/\/www.czechcyclingfederation.com\/wp-content\/uploads\/2025\/10\/DSC_7013-2048x1365.jpg 2048w, https:\/\/www.czechcyclingfederation.com\/wp-content\/uploads\/2025\/10\/DSC_7013-1320x880.jpg 1320w\" sizes=\"auto, (max-width: 1024px) 100vw, 1024px\" \/><\/figure>\n\n\n\n<p>Druh\u00fdm nejrychlej\u0161\u00edm v c\u00edli z \u010desk\u00fdch z\u00e1vodn\u00edk\u016f byl nakonec Filip Adel. Jednapades\u00e1t\u00e1 pozice v jeho p\u0159\u00edpad\u011b byla nad o\u010dek\u00e1v\u00e1n\u00ed. &#8220;N\u011bkdo m\u016f\u017ee \u0159\u00edct, \u017ee to nen\u00ed nic moc, ale za t\u00edm v\u00fdsledkem je obrovsk\u00fd kus pr\u00e1ce. Bylo to hodn\u011b rychl\u00e9. Kl\u00ed\u010dov\u00e9 bylo dr\u017eet se po\u0159\u00e1d v h\u00e1ku. I o pades\u00e1t\u00e9 m\u00edsto se stra\u0161n\u011b z\u00e1vod\u00ed. Nikdo si nedaruje ani metr a je to stra\u0161n\u00fd boj,&#8221; p\u0159ibl\u00ed\u017eil bitvu v z\u00e1vod\u011b mistrovstv\u00ed sv\u011bta v gravelu Filip Adel.<\/p>\n\n\n\n<p>Sv\u011btov\u00fdm \u0161ampionem se stal Florian Vermeeersch, kter\u00fd si na za\u010d\u00e1tku roku 2024 zlomil stehenn\u00ed kost. Triumf je pro n\u011bj potvrzen\u00edm comebacku. T\u00edm sp\u00ed\u0161e, \u017ee v letech 2023 a 2024 byl na MS v gravelu druh\u00fd. Rozhoduj\u00edc\u00edm okam\u017eikem v bitv\u011b o titul byl \u00fatok devaten\u00e1ct kilometr\u016f p\u0159ed c\u00edlem, kdy set\u0159\u00e1sl dom\u00e1c\u00edho Biesterbose a osamocen\u011b si dojel pro zlato.<\/p>\n\n\n\n<p><strong>MS v gravelu &#8211; mu\u017ei (180,9 km): <\/strong>1. F. Vermeersch (Bel.) 4:39:12 hod., 2. Biesterbos (Niz.) +40, 3. Mohori\u010d (Slov.) +1:23 min., \u202624. A. \u0164oupal\u00edk +8:15 min., 51. Adel +10:57 min., 69. Vako\u010d +14:41 min., 88. Kaloj\u00edros (v\u0161. \u010cR) +16 min.<\/p>\n\n\n\n<p>Foto: Jan Brychta<\/p>\n","protected":false},"excerpt":{"rendered":"<p>\u010cty\u0159iadvac\u00e1tou p\u0159\u00ed\u010dku vybojoval \u010desk\u00fd reprezentant Adam \u0164oupal\u00edk na mistrovstv\u00ed sv\u011bta v gravelu, kter\u00e9 se jelo v ned\u011bli v Nizozemsku. Mistrem sv\u011bta je Belgi\u010dan Florian Vermeersch vracej\u00edc\u00ed se na sc\u00e9nu po komplikovan\u00e9 zlomenin\u011b nohy. \u010cesk\u00e1 reprezentace mu\u017e\u016f doufala, \u017ee dok\u00e1\u017ee nav\u00e1zat na sobotn\u00ed v\u00fdsledek ze z\u00e1vodu elitn\u00edch \u017een, kde Julia Kopeck\u00fd dojela na \u0161est\u00e9 pozici. Favorizovan\u00fd [&hellip;]<\/p>\n","protected":false},"author":30,"featured_media":38088,"comment_status":"closed","ping_status":"open","sticky":false,"template":"","format":"standard","meta":{"footnotes":""},"categories":[2],"tags":[],"class_list":["post-38087","post","type-post","status-publish","format-standard","has-post-thumbnail","hentry","category-novinky"],"_links":{"self":[{"href":"https:\/\/www.czechcyclingfederation.com\/en\/wp-json\/wp\/v2\/posts\/38087","targetHints":{"allow":["GET"]}}],"collection":[{"href":"https:\/\/www.czechcyclingfederation.com\/en\/wp-json\/wp\/v2\/posts"}],"about":[{"href":"https:\/\/www.czechcyclingfederation.com\/en\/wp-json\/wp\/v2\/types\/post"}],"author":[{"embeddable":true,"href":"https:\/\/www.czechcyclingfederation.com\/en\/wp-json\/wp\/v2\/users\/30"}],"replies":[{"embeddable":true,"href":"https:\/\/www.czechcyclingfederation.com\/en\/wp-json\/wp\/v2\/comments?post=38087"}],"version-history":[{"count":1,"href":"https:\/\/www.czechcyclingfederation.com\/en\/wp-json\/wp\/v2\/posts\/38087\/revisions"}],"predecessor-version":[{"id":38096,"href":"https:\/\/www.czechcyclingfederation.com\/en\/wp-json\/wp\/v2\/posts\/38087\/revisions\/38096"}],"wp:featuredmedia":[{"embeddable":true,"href":"https:\/\/www.czechcyclingfederation.com\/en\/wp-json\/wp\/v2\/media\/38088"}],"wp:attachment":[{"href":"https:\/\/www.czechcyclingfederation.com\/en\/wp-json\/wp\/v2\/media?parent=38087"}],"wp:term":[{"taxonomy":"category","embeddable":true,"href":"https:\/\/www.czechcyclingfederation.com\/en\/wp-json\/wp\/v2\/categories?post=38087"},{"taxonomy":"post_tag","embeddable":true,"href":"https:\/\/www.czechcyclingfederation.com\/en\/wp-json\/wp\/v2\/tags?post=38087"}],"curies":[{"name":"wp","href":"https:\/\/api.w.org\/{rel}","templated":true}]}}