{"id":38048,"date":"2025-10-15T20:00:00","date_gmt":"2025-10-15T18:00:00","guid":{"rendered":"https:\/\/www.czechcyclingfederation.com\/?p=38048"},"modified":"2025-10-15T15:09:01","modified_gmt":"2025-10-15T13:09:01","slug":"matej-chalupny-vzdelavani-treneru-je-velka-vyzva","status":"publish","type":"post","link":"https:\/\/www.czechcyclingfederation.com\/en\/matej-chalupny-vzdelavani-treneru-je-velka-vyzva\/","title":{"rendered":"Mat\u011bj Chalupn\u00fd: Vzd\u011bl\u00e1v\u00e1n\u00ed tren\u00e9r\u016f je velk\u00e1 v\u00fdzva"},"content":{"rendered":"\n<p class=\"has-black-color has-text-color has-link-color wp-elements-35a35b53e0efad11fa66e91e912f1c06\"><strong>\u010cesk\u00fd svaz cyklistiky se v\u00a0r\u00e1mci koncep\u010dn\u00edch zm\u011bn a \u00faprav program\u016f, kter\u00e9 m\u00e1 ve sv\u00e9 gesci jako n\u00e1rodn\u00ed autorita pro cyklistiku, rozhodl v\u00a0leto\u0161n\u00edm roce \u201ezmodernizovat\u201c cel\u00fd vzd\u011bl\u00e1vac\u00ed program a pro tyto pot\u0159eby nav\u00e1zal spolupr\u00e1ci s\u00a0nov\u00fdm koordin\u00e1torem pro syst\u00e9m vzd\u011bl\u00e1v\u00e1n\u00ed a metodiku.<\/strong><\/p>\n\n\n\n<p><strong>Dne\u0161n\u00ed doba s\u00a0sebou p\u0159in\u00e1\u0161\u00ed nespo\u010det nov\u00fdch trend\u016f a na\u0161\u00edm \u00fakolem je na n\u011b reagovat, porozum\u011bt jim a ty nejvhodn\u011bj\u0161\u00ed aplikovat v\u00a0rozvoji cyklistiky v\u00a0\u010cR. Nov\u00fdm i st\u00e1vaj\u00edc\u00edm cyklistick\u00fdm tren\u00e9r\u016fm chceme pomoci na spole\u010dn\u00e9 cest\u011b ve v\u00fdchov\u011b nejen mlad\u00fdch sportovc\u016f, ale i sportovc\u016f t\u011bch nejvy\u0161\u0161\u00edch kategori\u00edch. Tohoto \u00fakolu se chopil Mat\u011bj Chalupn\u00fd, pedagog, jezdec a tren\u00e9r BMX.<\/strong><\/p>\n\n\n\n<p>\u201eJe to pro m\u011b velk\u00e1 v\u00fdzva a kdy\u017e se nab\u00eddka na tuto pozici objevila, nev\u00e1hal jsem. Ale dob\u0159e v\u00edm, \u017ee m\u011b \u010dek\u00e1 spousta pr\u00e1ce, na kterou se t\u011b\u0161\u00edm,\u201c \u0159\u00edk\u00e1 Mat\u011bj Chalupn\u00fd.<\/p>\n\n\n\n<figure class=\"wp-block-image size-large\"><img loading=\"lazy\" decoding=\"async\" width=\"1024\" height=\"683\" src=\"https:\/\/www.czechcyclingfederation.com\/wp-content\/uploads\/2025\/10\/IMG_7963-1024x683.jpg\" alt=\"\" class=\"wp-image-38054\" srcset=\"https:\/\/www.czechcyclingfederation.com\/wp-content\/uploads\/2025\/10\/IMG_7963-1024x683.jpg 1024w, https:\/\/www.czechcyclingfederation.com\/wp-content\/uploads\/2025\/10\/IMG_7963-300x200.jpg 300w, https:\/\/www.czechcyclingfederation.com\/wp-content\/uploads\/2025\/10\/IMG_7963-768x512.jpg 768w, https:\/\/www.czechcyclingfederation.com\/wp-content\/uploads\/2025\/10\/IMG_7963-1536x1024.jpg 1536w, https:\/\/www.czechcyclingfederation.com\/wp-content\/uploads\/2025\/10\/IMG_7963-2048x1365.jpg 2048w, https:\/\/www.czechcyclingfederation.com\/wp-content\/uploads\/2025\/10\/IMG_7963-1320x880.jpg 1320w\" sizes=\"auto, (max-width: 1024px) 100vw, 1024px\" \/><\/figure>\n\n\n\n<p><strong>M\u016f\u017eete se lidem, kte\u0159\u00ed v\u00e1s t\u0159eba neznaj\u00ed, trochu p\u0159edstavit?<\/strong><\/p>\n\n\n\n<p>Cel\u00fd \u017eivot se pohybuji v&nbsp;prost\u0159ed\u00ed BMX. Dlouho jako z\u00e1vodn\u00edk a kdy\u017e jsem doj\u00ed\u017ed\u011bl kari\u00e9ru, za\u010dal jsem se v\u011bnovat tr\u00e9nov\u00e1n\u00ed d\u011bt\u00ed. Od roku 2022 se s&nbsp;Luk\u00e1\u0161em Tamme star\u00e1me o Sportovn\u00ed centrum ml\u00e1de\u017ee a reprezentaci v&nbsp;BMX. Dev\u011bt let jsem na z\u00e1kladn\u00ed \u0161kole u\u010dil angli\u010dtinu a t\u011blocvik, ale s&nbsp;BMX toho bylo dohromady moc a j\u00e1 se postupn\u011b sna\u017eil dostat jen do t\u00e9 cyklistiky. Ob\u010das si je\u0161t\u011b zaz\u00e1vod\u00edm v&nbsp;BMX, abych se udr\u017eoval, ale priority u\u017e m\u00e1m jinde.<\/p>\n\n\n\n<p><strong>A p\u0159i\u0161la nab\u00eddka z&nbsp;\u010cesk\u00e9ho svazu cyklistiky.<\/strong><\/p>\n\n\n\n<p>Svaz m\u011bl n\u011bjakou vizi na zm\u011bny, aby mohl dop\u0159\u00e1t tren\u00e9r\u016fm to nejlep\u0161\u00ed vzd\u011bl\u00e1n\u00ed. Dostal jsem nab\u00eddku a b\u011bhem l\u00e9ta jsem nastoupil. Bral jsem to jakou velkou \u0161anci a s&nbsp;radost\u00ed jsem tuto v\u00fdzvu p\u0159ijal.<\/p>\n\n\n\n<p><strong>Kde jste za\u010dal?<\/strong><\/p>\n\n\n\n<p>P\u0159ipravuji aktualizaci vzd\u011bl\u00e1vac\u00edho syst\u00e9mu pro nov\u011b p\u0159\u00edchoz\u00ed tren\u00e9ry, upravuj\u00ed se osnovy pro jednotliv\u00e9 tren\u00e9rsk\u00e9 t\u0159\u00eddy. P\u0159i jejich tvorb\u011b se sna\u017e\u00edm, aby to nebyla jen sam\u00e1 teorie, ale za\u0159azuji tam i spoustu praktick\u00fdch v\u011bc\u00ed. V&nbsp;budoucnu chceme c\u00edlit i na syst\u00e9m do\u0161kolov\u00e1n\u00ed pro tren\u00e9ry, kte\u0159\u00ed u\u017e n\u011bjakou kvalifikaci maj\u00ed.<\/p>\n\n\n\n<p><strong>Jak\u00fdm sm\u011brem by se m\u011blo ub\u00edrat vzd\u011bl\u00e1v\u00e1n\u00ed tren\u00e9r\u016f?<\/strong><\/p>\n\n\n\n<p>T\u00edm nejd\u016fle\u017eit\u011bj\u0161\u00edm \u00fakolem je pracovat nejen na obecn\u00e9m vzd\u011bl\u00e1v\u00e1n\u00ed, ale i na specializaci. Cyklistika se n\u00e1m roz\u0161\u00ed\u0159ila, dnes je v&nbsp;n\u00ed spousta speci\u00e1ln\u00edch discipl\u00edn, nap\u0159\u00edklad v&nbsp;MTB m\u00e1me daleko v\u011bt\u0161\u00ed pestrost. Tak\u017ee chceme v&nbsp;\u010d\u00e1sti toho \u0161kolen\u00ed kl\u00e1st d\u016fraz na jednotliv\u00e9 discipl\u00edny podle konkr\u00e9tn\u00edch z\u00e1jm\u016f dan\u00e9ho tren\u00e9ra. S&nbsp;na\u0161imi tren\u00e9ry na nejvy\u0161\u0161\u00ed \u00farovni pak budeme pracovat na nov\u00e9 metodick\u00e9 sb\u00edrce, kter\u00e1 tady n\u011bkolik let chyb\u00ed.<\/p>\n\n\n\n<p><strong>Existuje v\u00fdhledov\u011b nap\u0159\u00edklad mo\u017enost zahrani\u010dn\u00edch st\u00e1\u017e\u00ed pro na\u0161e tren\u00e9ry?<\/strong><\/p>\n\n\n\n<p>Ur\u010dit\u011b se o to budeme sna\u017eit, v\u010detn\u011b p\u0159edn\u00e1\u0161ek tren\u00e9r\u016f z&nbsp;ciziny u n\u00e1s. J\u00e1 s\u00e1m bych r\u00e1d absolvoval \u0161kolen\u00ed tren\u00e9r\u016f p\u0159\u00edmo v&nbsp;s\u00eddle UCI v&nbsp;Aigle. S&nbsp;m\u00fdm st\u00e1vaj\u00edc\u00edm vzd\u011bl\u00e1n\u00edm bych mohl j\u00edt rovnou na nejvy\u0161\u0161\u00ed \u00farove\u0148. Pokud to p\u0159\u00ed\u0161t\u00ed rok vyjde, r\u00e1d bych tam nav\u00e1zal co nejv\u00edc kontakt\u016f, kter\u00e9 bychom pak mohli vyu\u017e\u00edt pro na\u0161e tren\u00e9ry.<\/p>\n\n\n\n<figure class=\"wp-block-image size-large\"><img loading=\"lazy\" decoding=\"async\" width=\"1024\" height=\"683\" src=\"https:\/\/www.czechcyclingfederation.com\/wp-content\/uploads\/2025\/10\/IMG_8250-1024x683.jpg\" alt=\"\" class=\"wp-image-38056\" srcset=\"https:\/\/www.czechcyclingfederation.com\/wp-content\/uploads\/2025\/10\/IMG_8250-1024x683.jpg 1024w, https:\/\/www.czechcyclingfederation.com\/wp-content\/uploads\/2025\/10\/IMG_8250-300x200.jpg 300w, https:\/\/www.czechcyclingfederation.com\/wp-content\/uploads\/2025\/10\/IMG_8250-768x512.jpg 768w, https:\/\/www.czechcyclingfederation.com\/wp-content\/uploads\/2025\/10\/IMG_8250-1536x1024.jpg 1536w, https:\/\/www.czechcyclingfederation.com\/wp-content\/uploads\/2025\/10\/IMG_8250-2048x1365.jpg 2048w, https:\/\/www.czechcyclingfederation.com\/wp-content\/uploads\/2025\/10\/IMG_8250-1320x880.jpg 1320w\" sizes=\"auto, (max-width: 1024px) 100vw, 1024px\" \/><\/figure>\n\n\n\n<p><strong>Jak\u00e9 vlastn\u011b m\u00e1me tren\u00e9ry?<\/strong><\/p>\n\n\n\n<p>Ur\u010dit\u011b v\u00fdborn\u00e9, ale mysl\u00edm, \u017ee by mezi nimi mohla b\u00fdt je\u0161t\u011b lep\u0161\u00ed spolupr\u00e1ce. Hlavn\u011b kv\u016fli tomu, aby fungovala lep\u0161\u00ed n\u00e1vaznost po p\u0159estupu do vy\u0161\u0161\u00edch v\u011bkov\u00fdch kategori\u00ed. P\u0159edev\u0161\u00edm v&nbsp;mlad\u0161\u00edm v\u011bku je podle m\u011b pot\u0159eba v\u00edce c\u00edlit na pestrost cyklistiky ne\u017e se striktn\u011b zam\u011b\u0159it na jednu discipl\u00ednu.<\/p>\n\n\n\n<p><strong>Je je\u0161t\u011b n\u011bjak\u00e1 oblast, na kterou chcete c\u00edlit?<\/strong><\/p>\n\n\n\n<p>Ano a je to dost choulostiv\u00e9 t\u00e9ma: rodi\u010de ve sportu. Samoz\u0159ejm\u011b jsou neodmyslitelnou sou\u010d\u00e1st\u00ed \u017eivota mlad\u00e9ho sportovce, staraj\u00ed se i o finan\u010dn\u00ed str\u00e1nku a jsme za n\u011b r\u00e1di. Ale \u010dasto c\u00edt\u00ed pot\u0159ebu do v\u0161eho zasahovat. Tam by byla fajn n\u011bjak\u00e1 rodi\u010dovsk\u00e1 osv\u011bta, aby v\u011bd\u011bli, kde jsou n\u011bjak\u00e9 mantinely a kdy u\u017e by v\u011bci m\u011bli p\u0159enechat tren\u00e9rovi. Je to o komunikaci a funk\u010dn\u00edm troj\u00faheln\u00edku sportovec-rodi\u010d-tren\u00e9r.<\/p>\n\n\n\n<p><strong>M\u00e1te u\u017e jasno, kdy by mohl prob\u011bhnout prvn\u00ed semin\u00e1\u0159 pro nov\u00e9 tren\u00e9ry?<\/strong><\/p>\n\n\n\n<p>Do konce roku je pot\u0159eba odsouhlasit a vydat nov\u00e9 osnovy, a tak v&nbsp;\u00fanoru nebo b\u0159eznu po\u010d\u00edt\u00e1m s&nbsp;prvn\u00edm blokem pro tren\u00e9ry 3. a 2. t\u0159\u00eddy.<\/p>\n","protected":false},"excerpt":{"rendered":"<p>\u010cesk\u00fd svaz cyklistiky se v\u00a0r\u00e1mci koncep\u010dn\u00edch zm\u011bn a \u00faprav program\u016f, kter\u00e9 m\u00e1 ve sv\u00e9 gesci jako n\u00e1rodn\u00ed autorita pro cyklistiku, rozhodl v\u00a0leto\u0161n\u00edm roce \u201ezmodernizovat\u201c cel\u00fd vzd\u011bl\u00e1vac\u00ed program a pro tyto pot\u0159eby nav\u00e1zal spolupr\u00e1ci s\u00a0nov\u00fdm koordin\u00e1torem pro syst\u00e9m vzd\u011bl\u00e1v\u00e1n\u00ed a metodiku. Dne\u0161n\u00ed doba s\u00a0sebou p\u0159in\u00e1\u0161\u00ed nespo\u010det nov\u00fdch trend\u016f a na\u0161\u00edm \u00fakolem je na n\u011b reagovat, porozum\u011bt [&hellip;]<\/p>\n","protected":false},"author":30,"featured_media":38052,"comment_status":"closed","ping_status":"open","sticky":false,"template":"","format":"standard","meta":{"footnotes":""},"categories":[2,1,173],"tags":[],"class_list":["post-38048","post","type-post","status-publish","format-standard","has-post-thumbnail","hentry","category-novinky","category-uncategorized-cs","category-vzdelavani"],"_links":{"self":[{"href":"https:\/\/www.czechcyclingfederation.com\/en\/wp-json\/wp\/v2\/posts\/38048","targetHints":{"allow":["GET"]}}],"collection":[{"href":"https:\/\/www.czechcyclingfederation.com\/en\/wp-json\/wp\/v2\/posts"}],"about":[{"href":"https:\/\/www.czechcyclingfederation.com\/en\/wp-json\/wp\/v2\/types\/post"}],"author":[{"embeddable":true,"href":"https:\/\/www.czechcyclingfederation.com\/en\/wp-json\/wp\/v2\/users\/30"}],"replies":[{"embeddable":true,"href":"https:\/\/www.czechcyclingfederation.com\/en\/wp-json\/wp\/v2\/comments?post=38048"}],"version-history":[{"count":3,"href":"https:\/\/www.czechcyclingfederation.com\/en\/wp-json\/wp\/v2\/posts\/38048\/revisions"}],"predecessor-version":[{"id":38211,"href":"https:\/\/www.czechcyclingfederation.com\/en\/wp-json\/wp\/v2\/posts\/38048\/revisions\/38211"}],"wp:featuredmedia":[{"embeddable":true,"href":"https:\/\/www.czechcyclingfederation.com\/en\/wp-json\/wp\/v2\/media\/38052"}],"wp:attachment":[{"href":"https:\/\/www.czechcyclingfederation.com\/en\/wp-json\/wp\/v2\/media?parent=38048"}],"wp:term":[{"taxonomy":"category","embeddable":true,"href":"https:\/\/www.czechcyclingfederation.com\/en\/wp-json\/wp\/v2\/categories?post=38048"},{"taxonomy":"post_tag","embeddable":true,"href":"https:\/\/www.czechcyclingfederation.com\/en\/wp-json\/wp\/v2\/tags?post=38048"}],"curies":[{"name":"wp","href":"https:\/\/api.w.org\/{rel}","templated":true}]}}