{"id":38011,"date":"2025-10-06T19:39:37","date_gmt":"2025-10-06T17:39:37","guid":{"rendered":"https:\/\/www.czechcyclingfederation.com\/?p=38011"},"modified":"2025-10-08T11:29:38","modified_gmt":"2025-10-08T09:29:38","slug":"czech-tour-miri-vys-do-kalendare-uci-proseries","status":"publish","type":"post","link":"https:\/\/www.czechcyclingfederation.com\/en\/czech-tour-miri-vys-do-kalendare-uci-proseries\/","title":{"rendered":"Czech Tour m\u00ed\u0159\u00ed v\u00fd\u0161: do kalend\u00e1\u0159e UCI ProSeries!"},"content":{"rendered":"\n<p>Etapov\u00fd cyklistick\u00fd z\u00e1vod Czech Tour se v hierarchii Mezin\u00e1rodn\u00ed cyklistick\u00e9 unie (UCI) posune o \u00farove\u0148 v\u00fd\u0161 a v p\u0159\u00ed\u0161t\u00edm roce bude figurovat v term\u00ednu 13. \u201316. srpna v kalend\u00e1\u0159i UCI ProSeries!<\/p>\n\n\n\n<p>V horizontu t\u0159\u00ed let by pak organiz\u00e1to\u0159i nejv\u011bt\u0161\u00edho profesion\u00e1ln\u00edho podniku v \u010cesk\u00e9 republice cht\u011bli zavr\u0161it sv\u00e9 \u00fasil\u00ed a dov\u00e9st z\u00e1vod do nejvy\u0161\u0161\u00ed kategorie WorldTour.<\/p>\n\n\n\n<p>D\u00edky posunu do ProSeries se Czech Tour dost\u00e1v\u00e1 do skupiny z\u00e1vod\u016f, kde v pr\u016fb\u011bhu roku vyhr\u00e1vaj\u00ed ty nejv\u011bt\u0161\u00ed hv\u011bzdy sou\u010dasn\u00e9ho sv\u011btov\u00e9ho pelotonu jako nap\u0159\u00edklad Jonas Vingegaard (celkov\u00e9 v\u00edt\u011bzstv\u00ed v z\u00e1vodu Kolem Algarve), Adam Yates (Kolem Om\u00e1nu), Mads Pedersen (Kolem D\u00e1nska) \u010di Isaac Del Toro (Kolem Burgosu). Do kategorie ProSeries mj. pat\u0159\u00ed i z\u00e1vody Kolem Alp, Kolem N\u011bmecka \u010di Kolem Brit\u00e1nie.<\/p>\n\n\n\n<p>P\u0159\u00edtomnost z\u00e1vodu v kalend\u00e1\u0159i vy\u0161\u0161\u00ed kategorie p\u0159edstavuje v\u011bt\u0161\u00ed l\u00e1kadlo pro elitn\u00ed t\u00fdmy v podob\u011b lep\u0161\u00edho bodov\u00e9ho ocen\u011bn\u00ed do \u017eeb\u0159\u00ed\u010dku UCI \u2013 kl\u00ed\u010dov\u00e9ho parametru, kter\u00fd rozhoduje o byt\u00ed a nebyt\u00ed mezi t\u011bmi nejlep\u0161\u00edmi. Nap\u0159. za celkov\u00e9 v\u00edt\u011bzstv\u00ed v z\u00e1vodu kategorie 2.1 bere z\u00e1vodn\u00edk 125 bod\u016f, v kategorii 2.Pro je to rovn\u00fdch 200.<\/p>\n\n\n\n<p><em>\u201eA to nen\u00ed v\u016fbec zanedbateln\u00e9. Z\u00e1vod kategorie ProSeries m\u00e1 p\u0159edev\u0161\u00edm sm\u011brem k t\u00fdm\u016fm z elitn\u00ed kategorie WorldTour mnohem lep\u0161\u00ed vyjedn\u00e1vac\u00ed pozici. V\u011b\u0159\u00edm, \u017ee posun n\u00e1m op\u011bt o kousek v\u00edc pootev\u0159e dve\u0159e k nejlep\u0161\u00edm t\u00fdm\u016fm a bude se n\u00e1m da\u0159it z\u00edsk\u00e1vat v\u00edc a v\u00edc jejich hv\u011bzd,\u201c<\/em> potvrzuje \u0159editel Czech Tour a n\u011bkdej\u0161\u00ed profesion\u00e1ln\u00ed cyklista <strong>Leopold K\u00f6nig.<\/strong><\/p>\n\n\n\n<p class=\"has-medium-font-size\"><strong>Start p\u0159\u00ed\u0161t\u00ed rok op\u011bt v Praze<\/strong><\/p>\n\n\n\n<p>Czech Tour zn\u00e1 i term\u00edn kon\u00e1n\u00ed 18. ro\u010dn\u00edku. Z\u00e1vod se pojede od 13. do 16. srpna a ji\u017e nyn\u00ed je jist\u00e9, \u017ee slavnostn\u00ed zah\u00e1jen\u00ed prob\u011bhne stejn\u011b jako letos v Praze. D\u00e1l peloton op\u011bt zam\u00ed\u0159\u00ed nap\u0159\u00ed\u010d \u010ceskem, konkr\u00e9tn\u00ed podobu etap po\u0159adatel\u00e9 ji\u017e nyn\u00ed aktivn\u011b vyla\u010fuj\u00ed.<\/p>\n\n\n\n<p><em>\u201eDetaily je\u0161t\u011b neprozrad\u00edm, ale op\u011bt m\u016f\u017eeme sl\u00edbit atraktivn\u00ed trasy pro jezdce i pro div\u00e1ky. Czech Tour zav\u00edt\u00e1 jak na tradi\u010dn\u00ed m\u00edsta, tak do nov\u00fdch lokalit a v\u011b\u0159\u00edm, \u017ee z\u00e1vodn\u00edci znovu pojedou ve fantastick\u00e9 div\u00e1ck\u00e9 kulise, jakou jsme t\u0159eba letos vid\u011bli v dramatick\u00e9m fin\u00e1le na Pustevn\u00e1ch,\u201c <\/em>dod\u00e1v\u00e1 Leopold K\u00f6nig.<\/p>\n\n\n\n<figure class=\"wp-block-image size-large\"><img loading=\"lazy\" decoding=\"async\" width=\"1024\" height=\"682\" src=\"https:\/\/www.czechcyclingfederation.com\/wp-content\/uploads\/2025\/10\/czech-tour-2-1024x682.jpg\" alt=\"\" class=\"wp-image-38017\" srcset=\"https:\/\/www.czechcyclingfederation.com\/wp-content\/uploads\/2025\/10\/czech-tour-2-1024x682.jpg 1024w, https:\/\/www.czechcyclingfederation.com\/wp-content\/uploads\/2025\/10\/czech-tour-2-300x200.jpg 300w, https:\/\/www.czechcyclingfederation.com\/wp-content\/uploads\/2025\/10\/czech-tour-2-768x512.jpg 768w, https:\/\/www.czechcyclingfederation.com\/wp-content\/uploads\/2025\/10\/czech-tour-2-1536x1023.jpg 1536w, https:\/\/www.czechcyclingfederation.com\/wp-content\/uploads\/2025\/10\/czech-tour-2-1320x879.jpg 1320w, https:\/\/www.czechcyclingfederation.com\/wp-content\/uploads\/2025\/10\/czech-tour-2.jpg 2048w\" sizes=\"auto, (max-width: 1024px) 100vw, 1024px\" \/><figcaption class=\"wp-element-caption\">Czech Tour 2025 &#8211; Stage 4<\/figcaption><\/figure>\n\n\n\n<p>Organiz\u00e1to\u0159i Czech Tour vn\u00edmaj\u00ed sou\u010dasn\u00fd p\u0159estup do vy\u0161\u0161\u00ed t\u0159\u00eddy UCI jako d\u00edl\u010d\u00ed \u00fasp\u011bch. Hlavn\u00edm c\u00edlem je dal\u0161\u00ed rozvoj z\u00e1vodu a aspirace na pozici v nejvy\u0161\u0161\u00ed kategorii WorldTour.<\/p>\n\n\n\n<p><em>\u201eKa\u017ed\u00fd rok se sna\u017e\u00edme zvy\u0161ovat kvalitu. V uplynul\u00fdch dvou letech b\u011b\u017eely p\u0159\u00edm\u00e9 p\u0159enosy v televizi, letos jsme se d\u00edky Eurosportu a zapojen\u00ed spole\u010dnosti A.S.O. dostali doslova na obrazovky cel\u00e9ho sv\u011bta. Za t\u0159i roky chceme po\u017e\u00e1dat o za\u0159azen\u00ed do kategorie WorldTour, aby se v roce 2029 mohl konat v \u010cesk\u00e9 republice cyklistick\u00fd podnik t\u00e9 nejvy\u0161\u0161\u00ed \u00farovn\u011b,\u201c <\/em>prozradil prezident z\u00e1vodu <strong>Robert Kol\u00e1\u0159.<\/strong><\/p>\n\n\n\n<p><strong>Foto: Jan Brychta<\/strong><\/p>\n","protected":false},"excerpt":{"rendered":"<p>Etapov\u00fd cyklistick\u00fd z\u00e1vod Czech Tour se v hierarchii Mezin\u00e1rodn\u00ed cyklistick\u00e9 unie (UCI) posune o \u00farove\u0148 v\u00fd\u0161 a v p\u0159\u00ed\u0161t\u00edm roce bude figurovat v term\u00ednu 13. \u201316. srpna v kalend\u00e1\u0159i UCI ProSeries! V horizontu t\u0159\u00ed let by pak organiz\u00e1to\u0159i nejv\u011bt\u0161\u00edho profesion\u00e1ln\u00edho podniku v \u010cesk\u00e9 republice cht\u011bli zavr\u0161it sv\u00e9 \u00fasil\u00ed a dov\u00e9st z\u00e1vod do nejvy\u0161\u0161\u00ed kategorie WorldTour. [&hellip;]<\/p>\n","protected":false},"author":15,"featured_media":38012,"comment_status":"closed","ping_status":"open","sticky":false,"template":"","format":"standard","meta":{"footnotes":""},"categories":[2,18],"tags":[11],"class_list":["post-38011","post","type-post","status-publish","format-standard","has-post-thumbnail","hentry","category-novinky","category-silnice","tag-silnice"],"_links":{"self":[{"href":"https:\/\/www.czechcyclingfederation.com\/en\/wp-json\/wp\/v2\/posts\/38011","targetHints":{"allow":["GET"]}}],"collection":[{"href":"https:\/\/www.czechcyclingfederation.com\/en\/wp-json\/wp\/v2\/posts"}],"about":[{"href":"https:\/\/www.czechcyclingfederation.com\/en\/wp-json\/wp\/v2\/types\/post"}],"author":[{"embeddable":true,"href":"https:\/\/www.czechcyclingfederation.com\/en\/wp-json\/wp\/v2\/users\/15"}],"replies":[{"embeddable":true,"href":"https:\/\/www.czechcyclingfederation.com\/en\/wp-json\/wp\/v2\/comments?post=38011"}],"version-history":[{"count":4,"href":"https:\/\/www.czechcyclingfederation.com\/en\/wp-json\/wp\/v2\/posts\/38011\/revisions"}],"predecessor-version":[{"id":38050,"href":"https:\/\/www.czechcyclingfederation.com\/en\/wp-json\/wp\/v2\/posts\/38011\/revisions\/38050"}],"wp:featuredmedia":[{"embeddable":true,"href":"https:\/\/www.czechcyclingfederation.com\/en\/wp-json\/wp\/v2\/media\/38012"}],"wp:attachment":[{"href":"https:\/\/www.czechcyclingfederation.com\/en\/wp-json\/wp\/v2\/media?parent=38011"}],"wp:term":[{"taxonomy":"category","embeddable":true,"href":"https:\/\/www.czechcyclingfederation.com\/en\/wp-json\/wp\/v2\/categories?post=38011"},{"taxonomy":"post_tag","embeddable":true,"href":"https:\/\/www.czechcyclingfederation.com\/en\/wp-json\/wp\/v2\/tags?post=38011"}],"curies":[{"name":"wp","href":"https:\/\/api.w.org\/{rel}","templated":true}]}}