{"id":38009,"date":"2025-10-06T19:21:31","date_gmt":"2025-10-06T17:21:31","guid":{"rendered":"https:\/\/www.czechcyclingfederation.com\/?p=38009"},"modified":"2025-10-06T19:21:34","modified_gmt":"2025-10-06T17:21:34","slug":"seminar-cycling-university-ve-stredu-8-rijna-nabizi-posledni-volna-mista","status":"publish","type":"post","link":"https:\/\/www.czechcyclingfederation.com\/en\/seminar-cycling-university-ve-stredu-8-rijna-nabizi-posledni-volna-mista\/","title":{"rendered":"Semin\u00e1\u0159 Cycling University ve st\u0159edu 8. \u0159\u00edjna nab\u00edz\u00ed posledn\u00ed voln\u00e1 m\u00edsta"},"content":{"rendered":"\n<p>Vzd\u011bl\u00e1vac\u00ed program \u010cesk\u00e9ho svazu cyklistiky Cycling University bude pokra\u010dovat dal\u0161\u00edm d\u00edlem ve\u00a0st\u0159edu 8. \u0159\u00edjna 2025 od 9:30 hodin v\u00a0Konferen\u010dn\u00edm s\u00e1le \u010cesk\u00e9 unie sportu v\u00a0Praze na Strahov\u011b. Strahovsk\u00fd s\u00e1l je zapln\u011bn\u00fd, nicm\u00e9n\u011b po\u0159adatel\u00e9 s\u00a0ohledem na z\u00e1jem nav\u00fd\u0161ili kapacitu a nab\u00edzej\u00ed je\u0161t\u011b n\u011bkolik voln\u00fdch m\u00edst k rezervaci.<\/p>\n\n\n\n<p>P\u0159\u00edpadn\u00ed z\u00e1jemci se mus\u00ed registrovat nejpozd\u011bji do \u00fater\u00fd 7. 10. 2025 do 16:00 hodin.<\/p>\n\n\n\n<p><strong>T\u00e9ma:<\/strong>&nbsp;&nbsp;&nbsp;&nbsp;&nbsp;&nbsp;&nbsp;&nbsp;&nbsp;&nbsp;&nbsp;&nbsp;&nbsp;&nbsp;&nbsp;&nbsp;&nbsp;&nbsp;&nbsp;&nbsp;&nbsp;&nbsp;&nbsp;&nbsp;Semin\u00e1\u0159 Cycling University<\/p>\n\n\n\n<p><strong>Registrace ZDE: &nbsp; &nbsp;&nbsp;&nbsp;&nbsp;<\/strong><strong><a href=\"http:\/\/www.cyclinguniversity.cz\/prihlaska-na-seminar-cu\/\" target=\"_blank\" rel=\"noreferrer noopener\">http:\/\/www.cyclinguniversity.cz\/prihlaska-na-seminar-cu\/<\/a><\/strong><\/p>\n\n\n\n<p><strong>Term\u00edn: &nbsp;&nbsp;&nbsp;&nbsp;&nbsp;&nbsp;&nbsp;&nbsp;&nbsp;&nbsp;&nbsp;&nbsp;&nbsp;&nbsp;&nbsp;&nbsp;&nbsp;&nbsp;&nbsp;&nbsp;<\/strong>st\u0159eda 8. \u0159\u00edjna 2025&nbsp;&nbsp;<\/p>\n\n\n\n<p><strong>M\u00edsto: \u00a0\u00a0\u00a0\u00a0\u00a0\u00a0\u00a0\u00a0\u00a0\u00a0\u00a0\u00a0\u00a0\u00a0\u00a0\u00a0\u00a0\u00a0\u00a0\u00a0\u00a0\u00a0\u00a0<\/strong>Konferen\u010dn\u00ed s\u00e1l \u010cesk\u00e9 unie sportu, Z\u00e1topkova 100\/2, Praha 6, Strahov,\u00a0(2.patro)<\/p>\n\n\n\n<p><strong>\u010casov\u00fd program:<\/strong>&nbsp;&nbsp;&nbsp; &nbsp;&nbsp;&nbsp;&nbsp;&nbsp;&nbsp;&nbsp;&nbsp;&nbsp; &nbsp;<\/p>\n\n\n\n<p>9:00 &#8211; 9:30 &nbsp;&nbsp;&nbsp;&nbsp;&nbsp;&nbsp;&nbsp;&nbsp; &nbsp; &nbsp;&nbsp;&nbsp;&nbsp;&nbsp;&nbsp;&nbsp;&nbsp;Registrace \u00fa\u010dastn\u00edk\u016f<\/p>\n\n\n\n<p>9:30 \u2013 9:40 &nbsp;&nbsp;&nbsp;&nbsp;&nbsp;&nbsp;&nbsp;&nbsp; &nbsp;&nbsp;&nbsp;&nbsp;&nbsp;&nbsp;&nbsp;&nbsp;&nbsp;P\u0159iv\u00edt\u00e1n\u00ed poslucha\u010d\u016f, Mgr. Viktor Zapletal<\/p>\n\n\n\n<p>9:40 \u2013 10:00 &nbsp;&nbsp;&nbsp;&nbsp;&nbsp;&nbsp;&nbsp;&nbsp;&nbsp;&nbsp;&nbsp;&nbsp;&nbsp;&nbsp;<strong><em>\u201eAktuality a nov\u00e9 sm\u011bry v&nbsp;\u010cSC\u201c<\/em><\/strong>, Mgr. et Mgr. David Pr\u016f\u0161a, prezident \u010cSC<\/p>\n\n\n\n<p>10:05 \u2013 10:25&nbsp;&nbsp;&nbsp;&nbsp;&nbsp;&nbsp;&nbsp;&nbsp;&nbsp;&nbsp;&nbsp;&nbsp;&nbsp;<strong><em>\u201eNov\u00fd vzd\u011bl\u00e1vac\u00ed syst\u00e9m tren\u00e9r\u016f \u010cSC\u201c<\/em><\/strong>, Mgr. Mat\u011bj Chalupn\u00fd, koordin\u00e1tor syst\u00e9mu vzd\u011bl\u00e1v\u00e1n\u00ed a metodiky \u010cSC<\/p>\n\n\n\n<p>10:30 \u2013 11:15&nbsp;&nbsp;&nbsp;&nbsp;&nbsp;&nbsp;&nbsp;&nbsp;&nbsp;&nbsp; &nbsp;&nbsp;<strong><em>\u201eHigh Performance Program \u010cesk\u00e9ho olympijsk\u00e9ho v\u00fdboru, p\u0159edstaven\u00ed, koncepce, u\u017eivatelsk\u00e9 mo\u017enosti\u201c<\/em><\/strong>&nbsp;Prof. MUDr. Libor V\u00edtek, Ph.D., MBA, vedouc\u00ed projektu HPP \u010cOV&nbsp;<\/p>\n\n\n\n<p>11:30 \u2013 12:15&nbsp;&nbsp;&nbsp;&nbsp;&nbsp;&nbsp;&nbsp;&nbsp;&nbsp;&nbsp;&nbsp;&nbsp;&nbsp;<strong><em>\u201eHypoxick\u00e1 a enviroment\u00e1ln\u00ed p\u0159\u00edprava, unik\u00e1tn\u011b zpracovan\u00fd p\u0159ehled vysokohorsk\u00fdch center\u201c<\/em><\/strong>&nbsp;Vojt\u011bch Ha\u010deck\u00fd, \u010dlen v\u011bdeck\u00e9ho t\u00fdmu MUDr. Ji\u0159\u00edho Dost\u00e1la &nbsp;&nbsp;&nbsp;<\/p>\n\n\n\n<p>12:15 \u2013 12:45&nbsp;&nbsp;&nbsp;&nbsp;&nbsp;&nbsp;&nbsp;&nbsp;&nbsp;&nbsp;&nbsp;&nbsp;&nbsp;&nbsp; P\u0159est\u00e1vka, ob\u010derstven\u00ed, diskuse<\/p>\n\n\n\n<p>12:45 \u2013 13:15&nbsp;&nbsp;&nbsp;&nbsp;&nbsp;&nbsp;&nbsp;&nbsp;&nbsp;&nbsp;&nbsp;&nbsp;&nbsp;<strong><em>\u201eNen\u00ed astma jako astma\u2026 aneb diagnostika a terapie obstrukce laryngu (du\u0161nosti) u sportovc\u016f\u201c<\/em><\/strong>&nbsp;MUDr. Barbora Kalendov\u00e1, \u010dlenka v\u011bdeck\u00e9ho t\u00fdmu MUDr. Ji\u0159\u00edho Dost\u00e1la&nbsp;&nbsp;<\/p>\n\n\n\n<p>13:30 \u2013 14:15\u00a0\u00a0\u00a0\u00a0\u00a0\u00a0\u00a0\u00a0\u00a0\u00a0\u00a0\u00a0\u00a0<strong><em>\u201eM\u00e9dia a soci\u00e1ln\u00ed s\u00edt\u011b ve sportu, osobn\u00ed profily a prezentace sportovc\u016f a klub\u016f\u201c<\/em><\/strong>, Bc. Barbora \u017dehanov\u00e1, \u0159editelka Komunikace \u010cesk\u00e9ho olympijsk\u00e9ho v\u00fdboru \u00a0\u00a0\u00a0\u00a0\u00a0<\/p>\n\n\n\n<p>14:20&nbsp;&nbsp;&nbsp;&nbsp;&nbsp;&nbsp;&nbsp;&nbsp;&nbsp;&nbsp;&nbsp;&nbsp;&nbsp;&nbsp;&nbsp;&nbsp;&nbsp;&nbsp;&nbsp;&nbsp;&nbsp;&nbsp;&nbsp;&nbsp;&nbsp;&nbsp;&nbsp; Z\u00e1v\u011br &nbsp;&nbsp;&nbsp;&nbsp;&nbsp;<\/p>\n\n\n\n<p><strong>Poplatek:\u00a0<\/strong>\u00a0\u00a0\u00a0\u00a0\u00a0\u00a0\u00a0\u00a0\u00a0\u00a0\u00a0\u00a0\u00a0\u00a0\u00a0 dr\u017eitel\u00e9 licence \u010cSC I., II. a III. t\u0159\u00eddy: \u00a0\u00a0500 K\u010d<\/p>\n\n\n\n<p>\u00a0\u00a0\u00a0\u00a0\u00a0\u00a0\u00a0\u00a0\u00a0\u00a0\u00a0\u00a0\u00a0\u00a0\u00a0\u00a0\u00a0\u00a0\u00a0\u00a0\u00a0\u00a0\u00a0\u00a0\u00a0 \u00a0\u00a0\u00a0\u00a0\u00a0\u00a0ostatn\u00ed \u00a0\u00a0\u00a0\u00a0\u00a0\u00a0\u00a0\u00a0\u00a0\u00a0\u00a0\u00a0\u00a0\u00a0\u00a0\u00a0\u00a0\u00a0\u00a0\u00a0\u00a0\u00a0\u00a0\u00a0\u00a0\u00a0\u00a0\u00a0\u00a0\u00a0\u00a0\u00a0\u00a0\u00a0\u00a0\u00a0\u00a0\u00a0\u00a0\u00a0\u00a0\u00a0\u00a0    800 K\u010d<\/p>\n\n\n\n<p><strong>Platba:<\/strong>\u00a0\u00a0\u00a0\u00a0\u00a0\u00a0\u00a0\u00a0\u00a0\u00a0\u00a0\u00a0\u00a0\u00a0\u00a0\u00a0\u00a0\u00a0\u00a0\u00a0\u00a0\u00a0\u00fa\u010dastnick\u00fd poplatek je pot\u0159eba poslat do 7.10.2025 na \u00fa\u010det: \u00a0<strong>1725000504\/0600<\/strong>, variabiln\u00ed symbol<strong>\u00a0116<\/strong>, v pozn\u00e1mce pozn\u00e1mky pros\u00edm uv\u00e1d\u011bjte<strong>: jm\u00e9no p\u0159ihla\u0161ovan\u00e9 osoby\u00a0a symbol CU<\/strong><\/p>\n\n\n\n<p><strong>Ob\u010derstven\u00ed:<\/strong>&nbsp;&nbsp;&nbsp; &nbsp;&nbsp;&nbsp;&nbsp;&nbsp;&nbsp;&nbsp;&nbsp;sou\u010d\u00e1st\u00ed semin\u00e1\u0159e je ob\u010derstven\u00ed zdarma, kter\u00e9 zahrnuje bufetov\u00fd st\u016fl, nealkoholick\u00e9 n\u00e1poje, k\u00e1vu, \u010daj<\/p>\n\n\n\n<p><strong>Parkov\u00e1n\u00ed:<\/strong>&nbsp;&nbsp;&nbsp;&nbsp;&nbsp;&nbsp;&nbsp;&nbsp;&nbsp;&nbsp;&nbsp;&nbsp; &nbsp;&nbsp;&nbsp;v&nbsp;dostate\u010dn\u00e9 kapacit\u011b a zdarma v&nbsp;m\u00edst\u011b po\u0159\u00e1d\u00e1n\u00ed semin\u00e1\u0159e<\/p>\n\n\n\n<p><strong>Ustanoven\u00ed:<\/strong>&nbsp;&nbsp;&nbsp;&nbsp; &nbsp;&nbsp;&nbsp;&nbsp; &nbsp;&nbsp;&nbsp;\u00fa\u010dastn\u00edk\u016fm semin\u00e1\u0159e bude vystaven certifik\u00e1t, kter\u00fd je dokladem pro dr\u017eitele licence \u010cSC o absolvov\u00e1n\u00ed do\u0161kolovac\u00edho programu \u010cSC &nbsp;&nbsp;&nbsp;<\/p>\n\n\n\n<p><strong>Dal\u0161\u00ed informace:<\/strong>&nbsp;&nbsp;&nbsp;&nbsp;&nbsp;&nbsp;<a href=\"http:\/\/www.cyclinguniversity.cz\/\" target=\"_blank\" rel=\"noreferrer noopener\">www.cyclinguniversity.cz<\/a><\/p>\n\n\n\n<p><em>V&nbsp;p\u0159\u00edpad\u011b dotaz\u016f pros\u00edm kontaktujte sekret\u00e1\u0159e Cycling University Mgr. Vojt\u011bcha Pavl\u00edka, email:&nbsp;<a href=\"mailto:vojtech.pavlik@caths.cz\" target=\"_blank\" rel=\"noreferrer noopener\">vojtech.pavlik@caths.cz<\/a>&nbsp;, tel: +420&nbsp;604&nbsp;975<\/em><em>&nbsp;<\/em><em>981<\/em><\/p>\n","protected":false},"excerpt":{"rendered":"<p>Vzd\u011bl\u00e1vac\u00ed program \u010cesk\u00e9ho svazu cyklistiky Cycling University bude pokra\u010dovat dal\u0161\u00edm d\u00edlem ve\u00a0st\u0159edu 8. \u0159\u00edjna 2025 od 9:30 hodin v\u00a0Konferen\u010dn\u00edm s\u00e1le \u010cesk\u00e9 unie sportu v\u00a0Praze na Strahov\u011b. Strahovsk\u00fd s\u00e1l je zapln\u011bn\u00fd, nicm\u00e9n\u011b po\u0159adatel\u00e9 s\u00a0ohledem na z\u00e1jem nav\u00fd\u0161ili kapacitu a nab\u00edzej\u00ed je\u0161t\u011b n\u011bkolik voln\u00fdch m\u00edst k rezervaci. P\u0159\u00edpadn\u00ed z\u00e1jemci se mus\u00ed registrovat nejpozd\u011bji do \u00fater\u00fd 7. 10. [&hellip;]<\/p>\n","protected":false},"author":1,"featured_media":1051,"comment_status":"closed","ping_status":"open","sticky":false,"template":"","format":"standard","meta":{"footnotes":""},"categories":[201,2],"tags":[174],"class_list":["post-38009","post","type-post","status-publish","format-standard","has-post-thumbnail","hentry","category-cyklistika-pro-vsechny","category-novinky","tag-vzdelavani"],"_links":{"self":[{"href":"https:\/\/www.czechcyclingfederation.com\/en\/wp-json\/wp\/v2\/posts\/38009","targetHints":{"allow":["GET"]}}],"collection":[{"href":"https:\/\/www.czechcyclingfederation.com\/en\/wp-json\/wp\/v2\/posts"}],"about":[{"href":"https:\/\/www.czechcyclingfederation.com\/en\/wp-json\/wp\/v2\/types\/post"}],"author":[{"embeddable":true,"href":"https:\/\/www.czechcyclingfederation.com\/en\/wp-json\/wp\/v2\/users\/1"}],"replies":[{"embeddable":true,"href":"https:\/\/www.czechcyclingfederation.com\/en\/wp-json\/wp\/v2\/comments?post=38009"}],"version-history":[{"count":1,"href":"https:\/\/www.czechcyclingfederation.com\/en\/wp-json\/wp\/v2\/posts\/38009\/revisions"}],"predecessor-version":[{"id":38010,"href":"https:\/\/www.czechcyclingfederation.com\/en\/wp-json\/wp\/v2\/posts\/38009\/revisions\/38010"}],"wp:featuredmedia":[{"embeddable":true,"href":"https:\/\/www.czechcyclingfederation.com\/en\/wp-json\/wp\/v2\/media\/1051"}],"wp:attachment":[{"href":"https:\/\/www.czechcyclingfederation.com\/en\/wp-json\/wp\/v2\/media?parent=38009"}],"wp:term":[{"taxonomy":"category","embeddable":true,"href":"https:\/\/www.czechcyclingfederation.com\/en\/wp-json\/wp\/v2\/categories?post=38009"},{"taxonomy":"post_tag","embeddable":true,"href":"https:\/\/www.czechcyclingfederation.com\/en\/wp-json\/wp\/v2\/tags?post=38009"}],"curies":[{"name":"wp","href":"https:\/\/api.w.org\/{rel}","templated":true}]}}