{"id":3798,"date":"2021-03-23T12:42:18","date_gmt":"2021-03-23T11:42:18","guid":{"rendered":"http:\/\/www.czechcyclingfederation.com\/?p=3798"},"modified":"2021-03-23T12:43:44","modified_gmt":"2021-03-23T11:43:44","slug":"uci-zrusila-dve-uvodni-kola-sp-bmx","status":"publish","type":"post","link":"https:\/\/www.czechcyclingfederation.com\/en\/uci-zrusila-dve-uvodni-kola-sp-bmx\/","title":{"rendered":"UCI zru\u0161ila dv\u011b \u00favodn\u00ed kola SP BMX"},"content":{"rendered":"\n<p>Z d\u016fvod\u016f r\u016fzn\u00fdch vl\u00e1dn\u00edch na\u0159\u00edzen\u00ed a omezen\u00ed kon\u00e1n\u00ed sportovn\u00edch ud\u00e1lost\u00ed Mezin\u00e1rodn\u00ed cyklistick\u00e1 unie (UCI) ozn\u00e1mila, \u017ee prvn\u00ed dv\u011b kola Sv\u011btov\u00e9ho poh\u00e1ru v bikrosu, kter\u00e1 se m\u011bla uskute\u010dnit v n\u011bmeck\u00e9m Stuttgartu 8. a 9. kv\u011btna, byla na \u017e\u00e1dost organiz\u00e1tor\u016f zru\u0161ena.<\/p>\n\n\n\n<p>Vzhledem k tomu, \u017ee tato dv\u011b kola Sv\u011btov\u00e9ho poh\u00e1ru se m\u011bla zapo\u010d\u00edt\u00e1vat do kvalifikace na olympijsk\u00e9 hry v Tokiu, hled\u00e1 UCI n\u00e1hradn\u00ed m\u00edsto pro uskute\u010dn\u011bn\u00ed t\u011bchto poh\u00e1rov\u00fdch souboj\u016f je\u0161t\u011b p\u0159ed uz\u00e1v\u011brkou kvalifika\u010dn\u00edho obdob\u00ed na konci kv\u011btna 2021.<\/p>\n\n\n\n<p>Dal\u0161\u00ed kola s\u00e9rie se uskute\u010dn\u00ed v Bogot\u011b v Kolumbii ve dnech 29. a 30. kv\u011btna a v tureck\u00e9 Sakaryi ve dnech 23.- 24. \u0159\u00edjna a 30.-31. \u0159\u00edjna tamt\u00e9\u017e.<\/p>\n\n\n\n<p>FOTO Michal \u010cerven\u00fd<\/p>\n","protected":false},"excerpt":{"rendered":"<p>Z d\u016fvod\u016f r\u016fzn\u00fdch vl\u00e1dn\u00edch na\u0159\u00edzen\u00ed a omezen\u00ed kon\u00e1n\u00ed sportovn\u00edch ud\u00e1lost\u00ed Mezin\u00e1rodn\u00ed cyklistick\u00e1 unie (UCI) ozn\u00e1mila, \u017ee prvn\u00ed dv\u011b kola Sv\u011btov\u00e9ho poh\u00e1ru v bikrosu, kter\u00e1 se m\u011bla uskute\u010dnit v n\u011bmeck\u00e9m Stuttgartu 8. a 9. kv\u011btna, byla na \u017e\u00e1dost organiz\u00e1tor\u016f zru\u0161ena. Vzhledem k tomu, \u017ee tato dv\u011b kola Sv\u011btov\u00e9ho poh\u00e1ru se m\u011bla zapo\u010d\u00edt\u00e1vat do kvalifikace na olympijsk\u00e9 [&hellip;]<\/p>\n","protected":false},"author":8,"featured_media":3799,"comment_status":"closed","ping_status":"open","sticky":false,"template":"","format":"standard","meta":{"footnotes":""},"categories":[57,2,103],"tags":[55],"class_list":["post-3798","post","type-post","status-publish","format-standard","has-post-thumbnail","hentry","category-bmx","category-novinky","category-reprezentace","tag-bmx"],"_links":{"self":[{"href":"https:\/\/www.czechcyclingfederation.com\/en\/wp-json\/wp\/v2\/posts\/3798","targetHints":{"allow":["GET"]}}],"collection":[{"href":"https:\/\/www.czechcyclingfederation.com\/en\/wp-json\/wp\/v2\/posts"}],"about":[{"href":"https:\/\/www.czechcyclingfederation.com\/en\/wp-json\/wp\/v2\/types\/post"}],"author":[{"embeddable":true,"href":"https:\/\/www.czechcyclingfederation.com\/en\/wp-json\/wp\/v2\/users\/8"}],"replies":[{"embeddable":true,"href":"https:\/\/www.czechcyclingfederation.com\/en\/wp-json\/wp\/v2\/comments?post=3798"}],"version-history":[{"count":2,"href":"https:\/\/www.czechcyclingfederation.com\/en\/wp-json\/wp\/v2\/posts\/3798\/revisions"}],"predecessor-version":[{"id":3801,"href":"https:\/\/www.czechcyclingfederation.com\/en\/wp-json\/wp\/v2\/posts\/3798\/revisions\/3801"}],"wp:featuredmedia":[{"embeddable":true,"href":"https:\/\/www.czechcyclingfederation.com\/en\/wp-json\/wp\/v2\/media\/3799"}],"wp:attachment":[{"href":"https:\/\/www.czechcyclingfederation.com\/en\/wp-json\/wp\/v2\/media?parent=3798"}],"wp:term":[{"taxonomy":"category","embeddable":true,"href":"https:\/\/www.czechcyclingfederation.com\/en\/wp-json\/wp\/v2\/categories?post=3798"},{"taxonomy":"post_tag","embeddable":true,"href":"https:\/\/www.czechcyclingfederation.com\/en\/wp-json\/wp\/v2\/tags?post=3798"}],"curies":[{"name":"wp","href":"https:\/\/api.w.org\/{rel}","templated":true}]}}