{"id":37949,"date":"2025-10-04T15:52:07","date_gmt":"2025-10-04T13:52:07","guid":{"rendered":"https:\/\/www.czechcyclingfederation.com\/?p=37949"},"modified":"2025-10-05T13:07:13","modified_gmt":"2025-10-05T11:07:13","slug":"premierovy-cyklokrosovy-hsf-system-cup-vyhrali-favorite-boros-a-zemanova","status":"publish","type":"post","link":"https:\/\/www.czechcyclingfederation.com\/en\/premierovy-cyklokrosovy-hsf-system-cup-vyhrali-favorite-boros-a-zemanova\/","title":{"rendered":"Premi\u00e9rov\u00fd cyklokrosov\u00fd HSF SYSTEM cup vyhr\u00e1li favorit\u00e9 Boro\u0161 a Zemanov\u00e1"},"content":{"rendered":"\n<p>\u00davodn\u00ed z\u00e1vod \u010cesk\u00e9ho poh\u00e1ru v cyklokrosu HSF SYSTEM Cupu v Uni\u010dov\u011b pat\u0159il favorit\u016fm. Mezi mu\u017ei dominoval nejlep\u0161\u00ed \u010desk\u00fd krosa\u0159 posledn\u00edch deseti let <strong>Michael Boro\u0161<\/strong> z t\u00fdmu Elkov Kasper. V z\u00e1vod\u011b \u017een vyhr\u00e1la <strong>Krist\u00fdna Zemanov\u00e1<\/strong> z VIF Cycling Team, nejlep\u0161\u00edm juniorem byl <strong>David Svoboda<\/strong> (Brilon Racing Team MB).<\/p>\n\n\n\n<figure class=\"wp-block-image size-large\"><img loading=\"lazy\" decoding=\"async\" width=\"1024\" height=\"683\" src=\"https:\/\/www.czechcyclingfederation.com\/wp-content\/uploads\/2025\/10\/boros-trat-1024x683.jpg\" alt=\"\" class=\"wp-image-37973\" srcset=\"https:\/\/www.czechcyclingfederation.com\/wp-content\/uploads\/2025\/10\/boros-trat-1024x683.jpg 1024w, https:\/\/www.czechcyclingfederation.com\/wp-content\/uploads\/2025\/10\/boros-trat-300x200.jpg 300w, https:\/\/www.czechcyclingfederation.com\/wp-content\/uploads\/2025\/10\/boros-trat-768x512.jpg 768w, https:\/\/www.czechcyclingfederation.com\/wp-content\/uploads\/2025\/10\/boros-trat-1536x1024.jpg 1536w, https:\/\/www.czechcyclingfederation.com\/wp-content\/uploads\/2025\/10\/boros-trat-2048x1366.jpg 2048w, https:\/\/www.czechcyclingfederation.com\/wp-content\/uploads\/2025\/10\/boros-trat-1320x880.jpg 1320w\" sizes=\"auto, (max-width: 1024px) 100vw, 1024px\" \/><\/figure>\n\n\n\n<p>Od za\u010d\u00e1tku z\u00e1vodu mu\u017e\u016f se na \u010dele utvo\u0159ila sedmi\u010dlenn\u00e1 skupina V\u00e1clav Je\u017eek (Brilon Racing Team MB), Maximilian Kerl (Auto \u0160koda Ml. Boleslav), Michael Boro\u0161 (Elkov Kasper), N\u011bmec Hannes Degenkolb, Maty\u00e1\u0161 Fiala (ATT Investments), Kry\u0161tof Ba\u017eant (Cyklostar Pirelli), polsk\u00fd obh\u00e1jce celkov\u00e9ho prvenstv\u00ed Marek Konwa z Auto \u0160koda Ml. Boleslav).<\/p>\n\n\n\n<figure class=\"wp-block-image size-large\"><img loading=\"lazy\" decoding=\"async\" width=\"1024\" height=\"683\" src=\"https:\/\/www.czechcyclingfederation.com\/wp-content\/uploads\/2025\/10\/boros-cil-1024x683.jpg\" alt=\"\" class=\"wp-image-37975\" srcset=\"https:\/\/www.czechcyclingfederation.com\/wp-content\/uploads\/2025\/10\/boros-cil-1024x683.jpg 1024w, https:\/\/www.czechcyclingfederation.com\/wp-content\/uploads\/2025\/10\/boros-cil-300x200.jpg 300w, https:\/\/www.czechcyclingfederation.com\/wp-content\/uploads\/2025\/10\/boros-cil-768x512.jpg 768w, https:\/\/www.czechcyclingfederation.com\/wp-content\/uploads\/2025\/10\/boros-cil-1536x1024.jpg 1536w, https:\/\/www.czechcyclingfederation.com\/wp-content\/uploads\/2025\/10\/boros-cil-2048x1366.jpg 2048w, https:\/\/www.czechcyclingfederation.com\/wp-content\/uploads\/2025\/10\/boros-cil-1320x880.jpg 1320w\" sizes=\"auto, (max-width: 1024px) 100vw, 1024px\" \/><\/figure>\n\n\n\n<p>V p\u00e1t\u00e9m kole nastoupil Boro\u0161, kter\u00fd je\u0161t\u011b p\u0159ed necel\u00fdm t\u00fddnem startoval na sv\u011btov\u00e9m silni\u010dn\u00edm \u0161ampion\u00e1tu ve Rwand\u011b, a za n\u00edm se udr\u017eeli pouze Je\u017eek a chv\u00edli tak\u00e9 Kerl. Na bikrosov\u00e9 trati vyu\u017eil sv\u00fdch technick\u00fdch p\u0159ednost\u00ed osmin\u00e1sobn\u00fd \u010desk\u00fd \u0161ampion Boro\u0161 a poda\u0159ilo se mu set\u0159\u00e1st i Je\u017eka a v c\u00edli \u0161est\u00e9ho kola ji\u017e m\u011bl n\u00e1skok sedmi vte\u0159in a se stejn\u00fdm odstupem jel Kerl.<\/p>\n\n\n\n<p>V z\u00e1v\u011bru sedm\u00e9ho okruhu potkaly Boro\u0161e probl\u00e9my s p\u0159ehazova\u010dkou, nezazmatkoval, ale Je\u017eek se na n\u011bj dot\u00e1hl a hodn\u011b se vedouc\u00ed dvojici p\u0159ibl\u00ed\u017eil Degenkolb, kter\u00fd se dostal p\u0159ed Kerla. Je\u017eek vyc\u00edtil \u0161anci a dr\u017eel se Boro\u0161e co to \u0161lo, ale v z\u00e1v\u011bru se favorit p\u0159ece jen prosadil. Po dlouh\u00fdch schodech nastoupil a na bikrosov\u00e9m okruhu si vybojoval desetimetrov\u00fd n\u00e1skok, kter\u00fd nem\u011bl ji\u017e Je\u017eek \u0161anci v\u00a0z\u00e1v\u011bre\u010dn\u00e9 kr\u00e1tk\u00e9 c\u00edlov\u00e9 rovince zlikvidovat. Pro bronz si dojel Degenkolb a v sam\u00e9m z\u00e1v\u011bru se posunul p\u0159ed Kerla prvn\u00edm rokem mezi mu\u017ei U23 jezd\u00edc\u00ed Ba\u017eant.<\/p>\n\n\n\n<figure class=\"wp-block-image size-large\"><img loading=\"lazy\" decoding=\"async\" width=\"1024\" height=\"683\" src=\"https:\/\/www.czechcyclingfederation.com\/wp-content\/uploads\/2025\/10\/bedna-muzi-1024x683.jpg\" alt=\"\" class=\"wp-image-37977\" srcset=\"https:\/\/www.czechcyclingfederation.com\/wp-content\/uploads\/2025\/10\/bedna-muzi-1024x683.jpg 1024w, https:\/\/www.czechcyclingfederation.com\/wp-content\/uploads\/2025\/10\/bedna-muzi-300x200.jpg 300w, https:\/\/www.czechcyclingfederation.com\/wp-content\/uploads\/2025\/10\/bedna-muzi-768x512.jpg 768w, https:\/\/www.czechcyclingfederation.com\/wp-content\/uploads\/2025\/10\/bedna-muzi-1536x1024.jpg 1536w, https:\/\/www.czechcyclingfederation.com\/wp-content\/uploads\/2025\/10\/bedna-muzi-2048x1366.jpg 2048w, https:\/\/www.czechcyclingfederation.com\/wp-content\/uploads\/2025\/10\/bedna-muzi-1320x880.jpg 1320w\" sizes=\"auto, (max-width: 1024px) 100vw, 1024px\" \/><\/figure>\n\n\n\n<p><em>&#8220;Ne\u0159ekl bych, \u017ee m\u00e1m nejlep\u0161\u00ed formu. Na krosov\u00e9m kole jsem sed\u011bl dosud jen jednou a tr\u00e1pil jsem se s technikou. Mus\u00edm p\u0159iznat, \u017ee mlad\u00ed kluci jeli dost dob\u0159e,&#8221;<\/em> \u0159ekl Boro\u0161 a k technick\u00fdm probl\u00e9m\u016fm \u0159ekl. <em>&#8220;N\u011bjak mi tam vypov\u011bd\u011bla slu\u017ebu p\u0159ehazova\u010dka a bylo to daleko do depa, musel jsem si to vy\u0159e\u0161it s\u00e1m, p\u0159ehazova\u010dku rozh\u00fdbal ru\u010dn\u011b a na\u0161t\u011bst\u00ed moc neztratil. Na nejt\u011b\u017e\u0161\u00edm m\u00edst\u011b na okruhu po schodech a na bikrosce jsem to zkusil, z\u00edskal p\u00e1r metr\u016f mal\u00fd n\u00e1skok udr\u017eel a\u017e do c\u00edle,&#8221; <\/em>dodal spokojen\u00fd Boro\u0161.<\/p>\n\n\n\n<figure class=\"wp-block-image size-large\"><img loading=\"lazy\" decoding=\"async\" width=\"1024\" height=\"683\" src=\"https:\/\/www.czechcyclingfederation.com\/wp-content\/uploads\/2025\/10\/zemanova-1024x683.jpg\" alt=\"\" class=\"wp-image-37979\" srcset=\"https:\/\/www.czechcyclingfederation.com\/wp-content\/uploads\/2025\/10\/zemanova-1024x683.jpg 1024w, https:\/\/www.czechcyclingfederation.com\/wp-content\/uploads\/2025\/10\/zemanova-300x200.jpg 300w, https:\/\/www.czechcyclingfederation.com\/wp-content\/uploads\/2025\/10\/zemanova-768x512.jpg 768w, https:\/\/www.czechcyclingfederation.com\/wp-content\/uploads\/2025\/10\/zemanova-1536x1024.jpg 1536w, https:\/\/www.czechcyclingfederation.com\/wp-content\/uploads\/2025\/10\/zemanova-2048x1366.jpg 2048w, https:\/\/www.czechcyclingfederation.com\/wp-content\/uploads\/2025\/10\/zemanova-1320x880.jpg 1320w\" sizes=\"auto, (max-width: 1024px) 100vw, 1024px\" \/><\/figure>\n\n\n\n<p>V z\u00e1vod\u011b \u017een se situace vykrystalizovala jasn\u011b hned v prvn\u00edm okruhu. Na \u010dele se se usadila Zemanov\u00e1, s mal\u00fdm odstupem za n\u00ed jela Kate\u0159ina Doud\u011brov\u00e1 z Dukly Praha a n\u011bkolik metr\u016f zp\u011bt se pohybovala Am\u00e1lie Gottwaldov\u00e1 (CP team). A tak to vydr\u017eelo cel\u00fdch p\u011bt kol a\u017e do c\u00edle. Zemanov\u00e1 si dokonce mohla dovolit dokonce zvolnit a jen bezpe\u010dn\u011b kontrolovat sv\u016fj mal\u00fd, ale jist\u00fd n\u00e1skok, stejn\u011b tak to bylo i mezi Doud\u011brovou a Gottwaldovou.<\/p>\n\n\n\n<figure class=\"wp-block-image size-large\"><img loading=\"lazy\" decoding=\"async\" width=\"1024\" height=\"683\" src=\"https:\/\/www.czechcyclingfederation.com\/wp-content\/uploads\/2025\/10\/bedna-zeny-1024x683.jpg\" alt=\"\" class=\"wp-image-37981\" srcset=\"https:\/\/www.czechcyclingfederation.com\/wp-content\/uploads\/2025\/10\/bedna-zeny-1024x683.jpg 1024w, https:\/\/www.czechcyclingfederation.com\/wp-content\/uploads\/2025\/10\/bedna-zeny-300x200.jpg 300w, https:\/\/www.czechcyclingfederation.com\/wp-content\/uploads\/2025\/10\/bedna-zeny-768x512.jpg 768w, https:\/\/www.czechcyclingfederation.com\/wp-content\/uploads\/2025\/10\/bedna-zeny-1536x1024.jpg 1536w, https:\/\/www.czechcyclingfederation.com\/wp-content\/uploads\/2025\/10\/bedna-zeny-2048x1366.jpg 2048w, https:\/\/www.czechcyclingfederation.com\/wp-content\/uploads\/2025\/10\/bedna-zeny-1320x880.jpg 1320w\" sizes=\"auto, (max-width: 1024px) 100vw, 1024px\" \/><\/figure>\n\n\n\n<p>V\u00fdsledky:<\/p>\n\n\n\n<p>Mu\u017ei:<\/p>\n\n\n\n<p>1.Boro\u0161 (Elkov Kasper) 57:42, 2. Je\u017eek (Brilon Racing Team MB) +8, 3. Degenkolb (N\u011bm.) +32, 4. Ba\u017eant (Cyklostar Pirelli) +36, 5. Kerl (Auto \u0160koda Ml. Boleslav) +37, 6. Vas (Ma\u010f.) +50.<\/p>\n\n\n\n<p>\u017deny:<\/p>\n\n\n\n<p>1. Zemanov\u00e1 (VIF Cycling Team) 44:04, 2. Doud\u011brov\u00e1 (Dukla Praha) +11, 3. Gottwaldov\u00e1 (CP team) +21, 4. Musgraveov\u00e1 (USA) +1:24, 5. \u010c\u00e1belick\u00e1 (Cabtech racing team) +1:38, 6. Bukovsk\u00e1 (DK Bikeshop Racing Team) +1:43.<\/p>\n\n\n\n<p>Junio\u0159i:<\/p>\n\n\n\n<p>1. Svoboda 40:00, 2. John (oba Brilon Racing Team MB) +19 3. Hettegger (Rak.) +25, 4. Mizuro (Pol.) +1:29, 5. Pazourek (Cycling Academy T\u00e1bor) +1:37, 6. Vajsetl (BIKE puzzle team) +1:42.<\/p>\n\n\n\n<p>FOTO: Jan Brychta<\/p>\n","protected":false},"excerpt":{"rendered":"<p>\u00davodn\u00ed z\u00e1vod \u010cesk\u00e9ho poh\u00e1ru v cyklokrosu HSF SYSTEM Cupu v Uni\u010dov\u011b pat\u0159il favorit\u016fm. Mezi mu\u017ei dominoval nejlep\u0161\u00ed \u010desk\u00fd krosa\u0159 posledn\u00edch deseti let Michael Boro\u0161 z t\u00fdmu Elkov Kasper. V z\u00e1vod\u011b \u017een vyhr\u00e1la Krist\u00fdna Zemanov\u00e1 z VIF Cycling Team, nejlep\u0161\u00edm juniorem byl David Svoboda (Brilon Racing Team MB). Od za\u010d\u00e1tku z\u00e1vodu mu\u017e\u016f se na \u010dele utvo\u0159ila [&hellip;]<\/p>\n","protected":false},"author":8,"featured_media":37968,"comment_status":"closed","ping_status":"open","sticky":false,"template":"","format":"standard","meta":{"footnotes":""},"categories":[58,2],"tags":[59],"class_list":["post-37949","post","type-post","status-publish","format-standard","has-post-thumbnail","hentry","category-cyklokros","category-novinky","tag-cyklokros"],"_links":{"self":[{"href":"https:\/\/www.czechcyclingfederation.com\/en\/wp-json\/wp\/v2\/posts\/37949","targetHints":{"allow":["GET"]}}],"collection":[{"href":"https:\/\/www.czechcyclingfederation.com\/en\/wp-json\/wp\/v2\/posts"}],"about":[{"href":"https:\/\/www.czechcyclingfederation.com\/en\/wp-json\/wp\/v2\/types\/post"}],"author":[{"embeddable":true,"href":"https:\/\/www.czechcyclingfederation.com\/en\/wp-json\/wp\/v2\/users\/8"}],"replies":[{"embeddable":true,"href":"https:\/\/www.czechcyclingfederation.com\/en\/wp-json\/wp\/v2\/comments?post=37949"}],"version-history":[{"count":3,"href":"https:\/\/www.czechcyclingfederation.com\/en\/wp-json\/wp\/v2\/posts\/37949\/revisions"}],"predecessor-version":[{"id":37983,"href":"https:\/\/www.czechcyclingfederation.com\/en\/wp-json\/wp\/v2\/posts\/37949\/revisions\/37983"}],"wp:featuredmedia":[{"embeddable":true,"href":"https:\/\/www.czechcyclingfederation.com\/en\/wp-json\/wp\/v2\/media\/37968"}],"wp:attachment":[{"href":"https:\/\/www.czechcyclingfederation.com\/en\/wp-json\/wp\/v2\/media?parent=37949"}],"wp:term":[{"taxonomy":"category","embeddable":true,"href":"https:\/\/www.czechcyclingfederation.com\/en\/wp-json\/wp\/v2\/categories?post=37949"},{"taxonomy":"post_tag","embeddable":true,"href":"https:\/\/www.czechcyclingfederation.com\/en\/wp-json\/wp\/v2\/tags?post=37949"}],"curies":[{"name":"wp","href":"https:\/\/api.w.org\/{rel}","templated":true}]}}