{"id":37882,"date":"2025-09-29T18:06:14","date_gmt":"2025-09-29T16:06:14","guid":{"rendered":"https:\/\/www.czechcyclingfederation.com\/?p=37882"},"modified":"2025-09-29T18:06:17","modified_gmt":"2025-09-29T16:06:17","slug":"znovuzvoleni-kateriny-nash-do-funkce-viceprezidentky-uci","status":"publish","type":"post","link":"https:\/\/www.czechcyclingfederation.com\/en\/znovuzvoleni-kateriny-nash-do-funkce-viceprezidentky-uci\/","title":{"rendered":"Znovuzvolen\u00ed Kate\u0159iny Nash do funkce viceprezidentky UCI"},"content":{"rendered":"\n<p>V&nbsp;r\u00e1mci mistrovstv\u00ed sv\u011bta v&nbsp;silni\u010dn\u00ed cyklistice ve rwandsk\u00e9m Kigali prob\u011bhl za \u00fa\u010dasti p\u0159edstavitel\u016f z 117 n\u00e1rodn\u00edch federac\u00ed z p\u011bti kontinent\u016f prob\u011bhl 194. kongres Mezin\u00e1rodn\u00ed cyklistick\u00e9 unie (UCI.<\/p>\n\n\n\n<p>Jedn\u00edm z&nbsp;hlavn\u00edch bod\u016f UCI kongresu byly volby prezidenta UCI a v\u00fdkonn\u00e9ho v\u00fdboru UCI. Do \u010dela t\u00e9to v\u00fdznamn\u00e9 sportovn\u00ed organizace byl znovu zvolen David Lappartient, pro n\u011bho\u017e to bude ji\u017e t\u0159et\u00ed volebn\u00ed obdob\u00ed.<\/p>\n\n\n\n<p>Pro \u010deskou cyklistiku je obrovsk\u00fdm \u00fasp\u011bchem znovuzvolen\u00ed <strong>Kate\u0159iny Nash <\/strong>do funkce viceprezidentky UCI, \u010d\u00edm\u017e se stala jednou ze \u010dty\u0159 viceprezidentek s mand\u00e1tem na p\u0159\u00ed\u0161t\u00ed \u010dty\u0159i roky. Kate\u0159ina Nash, vynikaj\u00edc\u00ed cyklistka a \u00fasp\u011b\u0161n\u00e1 olympioni\u010dka, pat\u0159\u00ed mezi p\u0159edn\u00ed osobnosti \u017eensk\u00e9ho cyklistick\u00e9ho sportu. V\u00fdb\u011brem do t\u00e9to vedouc\u00ed pozice UCI organizace vys\u00edl\u00e1 siln\u00fd sign\u00e1l o z\u00e1vazku podporovat rovnost, za\u010dle\u0148ov\u00e1n\u00ed a rozvoj \u017een v cyklistice na glob\u00e1ln\u00ed \u00farovni.<\/p>\n\n\n\n<figure class=\"wp-block-image size-large\"><img loading=\"lazy\" decoding=\"async\" width=\"1024\" height=\"572\" src=\"http:\/\/www.czechcyclingfederation.com\/wp-content\/uploads\/2025\/09\/uci-nahoru-1024x572.png\" alt=\"\" class=\"wp-image-37883\" srcset=\"https:\/\/www.czechcyclingfederation.com\/wp-content\/uploads\/2025\/09\/uci-nahoru-1024x572.png 1024w, https:\/\/www.czechcyclingfederation.com\/wp-content\/uploads\/2025\/09\/uci-nahoru-300x167.png 300w, https:\/\/www.czechcyclingfederation.com\/wp-content\/uploads\/2025\/09\/uci-nahoru-768x429.png 768w, https:\/\/www.czechcyclingfederation.com\/wp-content\/uploads\/2025\/09\/uci-nahoru.png 1184w\" sizes=\"auto, (max-width: 1024px) 100vw, 1024px\" \/><\/figure>\n\n\n\n<p>\u201eJsem poct\u011bna a motivov\u00e1na mo\u017enost\u00ed p\u0159isp\u011bt k rozvoji cyklistiky na nejvy\u0161\u0161\u00ed \u00farovni, a\u0165 u\u017e z hlediska sportu, nebo udr\u017eiteln\u00e9ho rozvoje. Tento mand\u00e1t je pro m\u011b z\u00e1vazkem d\u00e1le podporovat \u017eenskou cyklistiku a rovn\u00e9 p\u0159\u00edle\u017eitosti ve v\u0161ech discipl\u00edn\u00e1ch,\u201c uvedla Kate\u0159ina Nash po ofici\u00e1ln\u00edm zvolen\u00ed.<\/p>\n\n\n\n<p>Kongres d\u00e1le schv\u00e1lil rozpo\u010det na rok 2026 a strategii pro rozvoj cyklistiky v n\u00e1sleduj\u00edc\u00edch letech, v\u010detn\u011b slavnostn\u00edho ozn\u00e1men\u00ed po\u0159adatelsk\u00fdch m\u011bst sv\u011btov\u00fdch \u0161ampion\u00e1t\u016f v&nbsp;pr\u016fb\u011bhu let 2026 a\u017e 2032. Celkem bylo zve\u0159ejn\u011bno 13 mistrovstv\u00ed sv\u011bta v&nbsp;deseti zem\u00edch sv\u011bta.<\/p>\n\n\n\n<p>Obrovskou radost\u00ed pro \u010deskou cyklistiku a fanou\u0161ky je i p\u0159id\u011blen\u00ed mistrovstv\u00ed sv\u011bta horsk\u00fdch kol do Nov\u00e9ho M\u011bsta na Morav\u011b, kter\u00e9 prob\u011bhne v&nbsp;roce 2029, tedy 13 let od posledn\u00edho \u00fasp\u011b\u0161n\u00e9ho \u0161ampion\u00e1tu, kter\u00fd zde m\u011bl premi\u00e9ru v&nbsp;roce 2016.<\/p>\n\n\n\n<figure class=\"wp-block-image size-large\"><img loading=\"lazy\" decoding=\"async\" width=\"1024\" height=\"535\" src=\"https:\/\/www.czechcyclingfederation.com\/wp-content\/uploads\/2025\/09\/nmnm-lepsi-1024x535.png\" alt=\"\" class=\"wp-image-37887\" srcset=\"https:\/\/www.czechcyclingfederation.com\/wp-content\/uploads\/2025\/09\/nmnm-lepsi-1024x535.png 1024w, https:\/\/www.czechcyclingfederation.com\/wp-content\/uploads\/2025\/09\/nmnm-lepsi-300x157.png 300w, https:\/\/www.czechcyclingfederation.com\/wp-content\/uploads\/2025\/09\/nmnm-lepsi-768x401.png 768w, https:\/\/www.czechcyclingfederation.com\/wp-content\/uploads\/2025\/09\/nmnm-lepsi-1320x690.png 1320w, https:\/\/www.czechcyclingfederation.com\/wp-content\/uploads\/2025\/09\/nmnm-lepsi.png 1408w\" sizes=\"auto, (max-width: 1024px) 100vw, 1024px\" \/><\/figure>\n\n\n\n<p>Kongres UCI potvrdil, jak kladn\u011b je \u010desk\u00e1 cyklistika ve sv\u011bt\u011b vn\u00edm\u00e1na. Sv\u011bd\u010d\u00ed o tom nejen pov\u011b\u0159en\u00ed k&nbsp;uspo\u0159\u00e1d\u00e1n\u00ed mistrovsv\u00ed sv\u011bta discipl\u00edn spadaj\u00edc\u00edch pod MTB, ale t\u00e9\u017e zvolen\u00ed Kate\u0159iny Nash viceprezidentkou UCI.<\/p>\n\n\n\n<p>To ostatn\u011b potvrdil i honor\u00e1rn\u00ed konzul \u010cesk\u00e9 republiky ve Rwand\u011b pan Jean Malic Kalima, kter\u00fd \u010deskou v\u00fdpravu nav\u0161t\u00edvil a jeho\u017e prost\u0159ednictv\u00edm jsme Rwand\u011b pod\u011bkovali za uspo\u0159\u00e1d\u00e1n\u00ed tohoto \u0161ampion\u00e1tu. Podle ohlasu se o n\u011bm bude dlouho mluvit, nebo\u0165 byl nejen organiza\u010dn\u011b zabezpe\u010den na velmi vysok\u00e9 \u00farovni.<\/p>\n\n\n\n<p>Na z\u00e1v\u011br kongresu UCI prezident UCI David Lappartient \u0159ekl: \u201eV Kigali jsme pro\u017eili neuv\u011b\u0159iteln\u011b konstruktivn\u00ed a pozitivn\u00ed den. Na kongresu jsme ozn\u00e1mili kalend\u00e1\u0159 UCI pro n\u011bkolik discipl\u00edn a\u017e do roku 2032, v\u010detn\u011b t\u0159et\u00edho ro\u010dn\u00edku multidisciplin\u00e1rn\u00edho mistrovstv\u00ed sv\u011bta v cyklistice UCI v italsk\u00e9m Trentinu v roce 2031. Po prvn\u00edm ro\u010dn\u00edku v Glasgow a po cel\u00e9m Skotsku (Spojen\u00e9 kr\u00e1lovstv\u00ed) v roce 2023 a p\u0159i p\u0159\u00edprav\u00e1ch na druh\u00fd ro\u010dn\u00edk v Haute-Savoie ve Francii v roce 2027 se ji\u017e m\u016f\u017eeme t\u011b\u0161it na dal\u0161\u00ed neuv\u011b\u0159itelnou ud\u00e1lost za \u0161est let.\u201c<\/p>\n","protected":false},"excerpt":{"rendered":"<p>V&nbsp;r\u00e1mci mistrovstv\u00ed sv\u011bta v&nbsp;silni\u010dn\u00ed cyklistice ve rwandsk\u00e9m Kigali prob\u011bhl za \u00fa\u010dasti p\u0159edstavitel\u016f z 117 n\u00e1rodn\u00edch federac\u00ed z p\u011bti kontinent\u016f prob\u011bhl 194. kongres Mezin\u00e1rodn\u00ed cyklistick\u00e9 unie (UCI. Jedn\u00edm z&nbsp;hlavn\u00edch bod\u016f UCI kongresu byly volby prezidenta UCI a v\u00fdkonn\u00e9ho v\u00fdboru UCI. Do \u010dela t\u00e9to v\u00fdznamn\u00e9 sportovn\u00ed organizace byl znovu zvolen David Lappartient, pro n\u011bho\u017e to bude ji\u017e [&hellip;]<\/p>\n","protected":false},"author":1,"featured_media":37892,"comment_status":"closed","ping_status":"open","sticky":false,"template":"","format":"standard","meta":{"footnotes":""},"categories":[201,2],"tags":[56],"class_list":["post-37882","post","type-post","status-publish","format-standard","has-post-thumbnail","hentry","category-cyklistika-pro-vsechny","category-novinky","tag-uci"],"_links":{"self":[{"href":"https:\/\/www.czechcyclingfederation.com\/en\/wp-json\/wp\/v2\/posts\/37882","targetHints":{"allow":["GET"]}}],"collection":[{"href":"https:\/\/www.czechcyclingfederation.com\/en\/wp-json\/wp\/v2\/posts"}],"about":[{"href":"https:\/\/www.czechcyclingfederation.com\/en\/wp-json\/wp\/v2\/types\/post"}],"author":[{"embeddable":true,"href":"https:\/\/www.czechcyclingfederation.com\/en\/wp-json\/wp\/v2\/users\/1"}],"replies":[{"embeddable":true,"href":"https:\/\/www.czechcyclingfederation.com\/en\/wp-json\/wp\/v2\/comments?post=37882"}],"version-history":[{"count":2,"href":"https:\/\/www.czechcyclingfederation.com\/en\/wp-json\/wp\/v2\/posts\/37882\/revisions"}],"predecessor-version":[{"id":37891,"href":"https:\/\/www.czechcyclingfederation.com\/en\/wp-json\/wp\/v2\/posts\/37882\/revisions\/37891"}],"wp:featuredmedia":[{"embeddable":true,"href":"https:\/\/www.czechcyclingfederation.com\/en\/wp-json\/wp\/v2\/media\/37892"}],"wp:attachment":[{"href":"https:\/\/www.czechcyclingfederation.com\/en\/wp-json\/wp\/v2\/media?parent=37882"}],"wp:term":[{"taxonomy":"category","embeddable":true,"href":"https:\/\/www.czechcyclingfederation.com\/en\/wp-json\/wp\/v2\/categories?post=37882"},{"taxonomy":"post_tag","embeddable":true,"href":"https:\/\/www.czechcyclingfederation.com\/en\/wp-json\/wp\/v2\/tags?post=37882"}],"curies":[{"name":"wp","href":"https:\/\/api.w.org\/{rel}","templated":true}]}}