{"id":3788,"date":"2021-03-23T09:45:50","date_gmt":"2021-03-23T08:45:50","guid":{"rendered":"http:\/\/www.czechcyclingfederation.com\/?p=3788"},"modified":"2021-03-28T21:14:10","modified_gmt":"2021-03-28T19:14:10","slug":"skoda-ecup-vrcholi-mistrovstvim-cr","status":"publish","type":"post","link":"https:\/\/www.czechcyclingfederation.com\/en\/skoda-ecup-vrcholi-mistrovstvim-cr\/","title":{"rendered":"\u0160KODA eCUP vrchol\u00ed mistrovstv\u00edm \u010cR za \u00fa\u010dasti olympijsk\u00e9 v\u00edt\u011bzky Martiny S\u00e1bl\u00edkov\u00e9."},"content":{"rendered":"\n<p>\u010cty\u0159d\u00edln\u00ed seri\u00e1l virtu\u00e1ln\u00edch cyklistick\u00fdch z\u00e1vod\u016f \u0160KODA eCUP 2021, vyvrchol\u00ed ve \u010dtvrtek 25. b\u0159ezna prvn\u00edm ofici\u00e1ln\u00edm mistrovstv\u00edm \u010cesk\u00e9 republiky v e-cyklistice a na startu nebudou chyb\u011bt zvu\u010dn\u00e1 jm\u00e9na v\u010detn\u011b mnohon\u00e1sobn\u00e9 medailistky z&nbsp;OH a MS v&nbsp;rychlobruslen\u00ed Martiny S\u00e1bl\u00edkov\u00e9. P\u0159id\u011blovat se budou mistrovsk\u00e9 dresy pro kategorie \u017deny\/Juniorky, Mu\u017ee Elite a Juniory.<\/p>\n\n\n\n<p>Fin\u00e1lov\u00fd z\u00e1vod \u0160KODA eCUPu nebude jen o \u00fa\u010dasti 18 nejlep\u0161\u00edch \u010desk\u00fdch z\u00e1vodn\u00edk\u016f a z\u00e1vodnic nominovan\u00fdch na prvn\u00ed ofici\u00e1ln\u00ed \u0161ampion\u00e1t v&nbsp;e-cyklistice, ale rovn\u011b\u017e o v\u00edce ne\u017e 400 p\u0159ev\u00e1\u017en\u011b \u201ehobby\u201c z\u00e1vodn\u00edc\u00edch, kte\u0159\u00ed pojedou online ze sv\u00fdch \u201eob\u00fdv\u00e1k\u016f\u201c \u010dtvrt\u00e9 fin\u00e1lov\u00e9 kolo tohoto virtu\u00e1ln\u00edho seri\u00e1lu.<\/p>\n\n\n\n<p>Fin\u00e1lov\u00fd z\u00e1vod se op\u011bt pojede na virtu\u00e1ln\u00ed platform\u011b ROUVY na \u010d\u00e1sti trasy \u010desk\u00e9 jarn\u00ed klasiky Velk\u00e1 B\u00edte\u0161 &#8211; Brno a bude m\u011b\u0159it 30,5 km.<\/p>\n\n\n\n<p><em>\u201eTra\u0165 je v\u00edcem\u00e9n\u011b na z\u00e1vodn\u00ed trati Brno \u2013 Velk\u00e1 B\u00edte\u0161 \u2013 Brno, jede se kolem nov\u00e9 Velk\u00e9 ceny a po star\u00e9m okruhu p\u0159es Kohoutky. Jsou na n\u011bm dv\u011b t\u011b\u017ek\u00e9 stoup\u00e1n\u00ed a dv\u011b pozvoln\u011bj\u0161\u00ed. Samoz\u0159ejm\u011b ale bude docela rychl\u00e1, po\u010d\u00edt\u00e1m, \u017ee se pojede kolem 45 minut, mo\u017en\u00e1 t\u011bsn\u011b pod,<\/em>\u201c \u0159ekl \u010desk\u00fd reprezenta\u010dn\u00ed silni\u010dn\u00ed tren\u00e9r Tom\u00e1\u0161 Kone\u010dn\u00fd.<\/p>\n\n\n\n<p>Jak ji\u017e bylo uvedeno, v&nbsp;r\u00e1mci fin\u00e1lov\u00e9ho kola \u0160KODA eCUP prob\u011bhne i prvn\u00ed ofici\u00e1ln\u00ed Mistrovstv\u00ed \u010cR v&nbsp;e-cyklistice. \u00da\u010dast na \u010desk\u00e9m \u0161ampion\u00e1tu podl\u00e9h\u00e1 nomina\u010dn\u00edm krit\u00e9ri\u00edm schv\u00e1len\u00fdm \u010cesk\u00fdm svazem cyklistiky a pravidl\u016fm, kter\u00fdm mistrovstv\u00ed podl\u00e9h\u00e1. Z\u00e1vod M\u010cR se na rozd\u00edl od p\u0159edchoz\u00edch virtu\u00e1ln\u00edch z\u00e1vod\u016f mus\u00ed jet prezen\u010dn\u011b v&nbsp;jednom m\u00edst\u011b na kalibrovan\u00fdch trena\u017eerech a za p\u0159\u00edtomnosti rozhod\u010d\u00edho. Jako lokalita pro z\u00e1vod byly zvoleny prostory autosalonu \u0160KODA &#8211; Auto Opat v&nbsp;Nupak\u00e1ch u Prahy. Z\u00e1vodn\u00edci i \u010dlenov\u00e9 realiza\u010dn\u00edho t\u00fdmu mus\u00ed proj\u00edt v\u0161emi epidemiologick\u00fdmi opat\u0159en\u00edmi v\u010detn\u011b absolvov\u00e1n\u00ed PCR testu na COVID-19.&nbsp;<\/p>\n\n\n\n<p>\u201e<em>Aby \u0161ampion\u00e1t byl korektn\u00ed tak v\u0161ichni pojedou na stejn\u00fdch trena\u017e\u00e9rech, shodn\u011b kalibrovan\u00fdch a s nastavenou v\u00e1hou jezdc\u016f. Bude to zcela objektivn\u00ed,\u201c<\/em>&nbsp;zd\u016fraznil Kone\u010dn\u00fd a pouk\u00e1zal i na to, \u017ee v\u0161ichni budou na jednom m\u00edst\u011b, tak z\u00e1vodn\u00edci nemus\u00ed \u010dekat a\u017e na to, co uk\u00e1\u017ee aplikace a hl\u00eddat n\u00e1stupy to bude jednodu\u0161\u0161\u00ed.<\/p>\n\n\n\n<p>\u201e<em>Nejv\u011bt\u0161\u00edm tahouhem z\u00e1vodu mezi \u017eenami bude ur\u010dit\u011b Martina S\u00e1bl\u00edkov\u00e1, kter\u00e1 s&nbsp;p\u0159ehledem vyhr\u00e1la t\u0159et\u00ed kolo \u0160KODA eCUPu s&nbsp;v\u00fdjezdem na Tourmalet. D\u00e1le z\u00e1vod \u017een pojede mistryn\u011b \u010cR silni\u010dn\u00edm z\u00e1vod\u011b Jarmila Macha\u010dov\u00e1, Petra \u0160ev\u010d\u00edkov\u00e1 a juniorka Hanka Runtov\u00e1<\/em>,\u201c p\u0159idal Kone\u010dn\u00fd.&nbsp;<\/p>\n\n\n\n<p>Na \u0161ampion\u00e1t se kvalifikovala tak\u00e9 Karla \u0160t\u011bp\u00e1nov\u00e1, ale ta je v&nbsp;term\u00ednu z\u00e1vodu v&nbsp;zahrani\u010d\u00ed, tak\u017ee do ofici\u00e1ln\u00edho \u0161ampion\u00e1tu nezas\u00e1hne, nepojede ani Nikola Noskov\u00e1.&nbsp;<\/p>\n\n\n\n<p>Nejv\u011bt\u0161\u00ed po\u010det jezdc\u016f bude v&nbsp;kategorii mu\u017e\u016f, kde o medaile bude bojovat dev\u00edtka jezdc\u016f. \u201e<em>V\u011bt\u0161inu virtu\u00e1ln\u00edch z\u00e1vod\u016f vyhr\u00e1l Daniel Turek a zcela jist\u011b bude pat\u0159it k&nbsp;favorit\u016fm. Pojede ale trojice jezdc\u016f Elkov Kasper, kte\u0159\u00ed budou moci uplatnit i t\u00fdmovou taktiku a to m\u016f\u017ee sehr\u00e1t d\u016fle\u017eitou roli\u201c<\/em>&nbsp;m\u00edn\u00ed Kone\u010dn\u00fd, kter\u00fd p\u0159edpokl\u00e1d\u00e1 hodn\u011b zaj\u00edmav\u00fd pr\u016fb\u011bh mezi juniory.&nbsp;<\/p>\n\n\n\n<p>Ji\u017e nyn\u00ed maj\u00ed organiz\u00e1to\u0159i p\u0159ihl\u00e1\u0161eno p\u0159es \u010dty\u0159i stovky startuj\u00edc\u00edch a p\u0159edpokl\u00e1daj\u00ed, \u017ee t\u011bch, co pojede z\u00e1vod online, mo\u017en\u00e1 p\u0159inese absolutn\u00ed rekord p\u0159es 500 startuj\u00edc\u00edch.<\/p>\n\n\n\n<p>P\u0159\u00edm\u00fd p\u0159enos cel\u00e9ho z\u00e1vodu m\u016f\u017eete sledovat na HbbTV\/www vys\u00edl\u00e1n\u00ed \u010cT sport od 17:45 nebo na webu \u010cesk\u00e9ho svazu cyklistiky:&nbsp;<a href=\"https:\/\/www.czechcyclingfederation.com\/zive-skoda-emcr-2021\/\" target=\"_blank\" rel=\"noreferrer noopener\">https:\/\/www.czechcyclingfederation.com\/zive-skoda-emcr-2021\/<\/a><\/p>\n\n\n\n<p><strong>Startovn\u00ed listina \u0160KODA eM\u010cR:<\/strong><\/p>\n\n\n\n<p><strong>\u017deny\/juniorky:<\/strong>&nbsp;Martina S\u00e1bl\u00edkov\u00e1, Jarmila Macha\u010dov\u00e1, Petra \u0160ev\u010d\u00edkov\u00e1, Hanka Runtov\u00e1.<\/p>\n\n\n\n<p><strong>Junio\u0159i:<\/strong>&nbsp;Ren\u00e9 Zoaitter, Pavel Nov\u00e1k, Maty\u00e1\u0161 Vondr\u00e1\u010dek, \u0160t\u011bp\u00e1n Teleck\u00fd, Petr V\u00e1vra.<\/p>\n\n\n\n<p><strong>Mu\u017ei:<\/strong>&nbsp;Jakub Otruba, Daniel Turek, Filip \u0158eha, Petr Kelemen, Jan Zatloukal, Mat\u011bj Zah\u00e1lka,&nbsp;&nbsp;Jarom\u00edr Sk\u00e1la, Jan Kraus, Jan \u0160karnitzl.<\/p>\n\n\n\n<p>Celkov\u00e1 startovn\u00ed listina 4.kola \u0160KODA eCUP:<\/p>\n\n\n\n<p><a href=\"https:\/\/my.rouvy.com\/online-zavody\/live\/42826\">https:\/\/my.rouvy.com\/online-zavody\/live\/42826<\/a><\/p>\n\n\n\n<figure class=\"wp-block-image size-large\"><img loading=\"lazy\" decoding=\"async\" width=\"1024\" height=\"819\" src=\"https:\/\/www.czechcyclingfederation.com\/wp-content\/uploads\/2021\/03\/PHOTO-2020-09-25-14-51-39-1024x819.jpg\" alt=\"\" class=\"wp-image-3802\" srcset=\"https:\/\/www.czechcyclingfederation.com\/wp-content\/uploads\/2021\/03\/PHOTO-2020-09-25-14-51-39-1024x819.jpg 1024w, https:\/\/www.czechcyclingfederation.com\/wp-content\/uploads\/2021\/03\/PHOTO-2020-09-25-14-51-39-250x200.jpg 250w, https:\/\/www.czechcyclingfederation.com\/wp-content\/uploads\/2021\/03\/PHOTO-2020-09-25-14-51-39-768x614.jpg 768w, https:\/\/www.czechcyclingfederation.com\/wp-content\/uploads\/2021\/03\/PHOTO-2020-09-25-14-51-39-1536x1229.jpg 1536w, https:\/\/www.czechcyclingfederation.com\/wp-content\/uploads\/2021\/03\/PHOTO-2020-09-25-14-51-39-1320x1056.jpg 1320w, https:\/\/www.czechcyclingfederation.com\/wp-content\/uploads\/2021\/03\/PHOTO-2020-09-25-14-51-39.jpg 1600w\" sizes=\"auto, (max-width: 1024px) 100vw, 1024px\" \/><figcaption>Foto: Jakub Du\u0159t<\/figcaption><\/figure>\n\n\n\n<p><\/p>\n","protected":false},"excerpt":{"rendered":"<p>\u010cty\u0159d\u00edln\u00ed seri\u00e1l virtu\u00e1ln\u00edch cyklistick\u00fdch z\u00e1vod\u016f \u0160KODA eCUP 2021, vyvrchol\u00ed ve \u010dtvrtek 25. b\u0159ezna prvn\u00edm ofici\u00e1ln\u00edm mistrovstv\u00edm \u010cesk\u00e9 republiky v e-cyklistice a na startu nebudou chyb\u011bt zvu\u010dn\u00e1 jm\u00e9na v\u010detn\u011b mnohon\u00e1sobn\u00e9 medailistky z&nbsp;OH a MS v&nbsp;rychlobruslen\u00ed Martiny S\u00e1bl\u00edkov\u00e9. P\u0159id\u011blovat se budou mistrovsk\u00e9 dresy pro kategorie \u017deny\/Juniorky, Mu\u017ee Elite a Juniory. Fin\u00e1lov\u00fd z\u00e1vod \u0160KODA eCUPu nebude jen o [&hellip;]<\/p>\n","protected":false},"author":8,"featured_media":3379,"comment_status":"closed","ping_status":"open","sticky":false,"template":"","format":"standard","meta":{"footnotes":""},"categories":[2,18,65],"tags":[119],"class_list":["post-3788","post","type-post","status-publish","format-standard","has-post-thumbnail","hentry","category-novinky","category-silnice","category-subdisciplina","tag-csc"],"_links":{"self":[{"href":"https:\/\/www.czechcyclingfederation.com\/en\/wp-json\/wp\/v2\/posts\/3788","targetHints":{"allow":["GET"]}}],"collection":[{"href":"https:\/\/www.czechcyclingfederation.com\/en\/wp-json\/wp\/v2\/posts"}],"about":[{"href":"https:\/\/www.czechcyclingfederation.com\/en\/wp-json\/wp\/v2\/types\/post"}],"author":[{"embeddable":true,"href":"https:\/\/www.czechcyclingfederation.com\/en\/wp-json\/wp\/v2\/users\/8"}],"replies":[{"embeddable":true,"href":"https:\/\/www.czechcyclingfederation.com\/en\/wp-json\/wp\/v2\/comments?post=3788"}],"version-history":[{"count":5,"href":"https:\/\/www.czechcyclingfederation.com\/en\/wp-json\/wp\/v2\/posts\/3788\/revisions"}],"predecessor-version":[{"id":3816,"href":"https:\/\/www.czechcyclingfederation.com\/en\/wp-json\/wp\/v2\/posts\/3788\/revisions\/3816"}],"wp:featuredmedia":[{"embeddable":true,"href":"https:\/\/www.czechcyclingfederation.com\/en\/wp-json\/wp\/v2\/media\/3379"}],"wp:attachment":[{"href":"https:\/\/www.czechcyclingfederation.com\/en\/wp-json\/wp\/v2\/media?parent=3788"}],"wp:term":[{"taxonomy":"category","embeddable":true,"href":"https:\/\/www.czechcyclingfederation.com\/en\/wp-json\/wp\/v2\/categories?post=3788"},{"taxonomy":"post_tag","embeddable":true,"href":"https:\/\/www.czechcyclingfederation.com\/en\/wp-json\/wp\/v2\/tags?post=3788"}],"curies":[{"name":"wp","href":"https:\/\/api.w.org\/{rel}","templated":true}]}}