{"id":37853,"date":"2025-09-28T18:04:15","date_gmt":"2025-09-28T16:04:15","guid":{"rendered":"https:\/\/www.czechcyclingfederation.com\/?p=37853"},"modified":"2025-09-28T18:04:18","modified_gmt":"2025-09-28T16:04:18","slug":"pogacar-obhajil-titul-mistra-sveta-boros-a-vanicek-do-cile-nedojeli","status":"publish","type":"post","link":"https:\/\/www.czechcyclingfederation.com\/en\/pogacar-obhajil-titul-mistra-sveta-boros-a-vanicek-do-cile-nedojeli\/","title":{"rendered":"Poga\u010dar obh\u00e1jil titul mistra sv\u011bta, Boro\u0161 a Van\u00ed\u010dek do c\u00edle nedojeli"},"content":{"rendered":"\n<p>Nejt\u011b\u017e\u0161\u00ed silni\u010dn\u00ed z\u00e1vod v&nbsp;historii mistrovstv\u00ed sv\u011bta na silnici s&nbsp;p\u0159ev\u00fd\u0161en\u00edm bezm\u00e1la 6&nbsp;000 metr\u016f vyhr\u00e1l jeho nejv\u011bt\u0161\u00ed favorit: Slovinec <strong>Tadej Poga\u010dar<\/strong>, kter\u00fd dok\u00e1zal obh\u00e1jit lo\u0148sk\u00e9 zlato. Oba \u010de\u0161t\u00ed reprezentanti <strong>Michael Boro\u0161 a \u0160imon Van\u00ed\u010dek<\/strong> se s&nbsp;p\u0159et\u011b\u017ek\u00fdm profilem prali state\u010dn\u011b, ale nakonec klasifikov\u00e1ni nebyli. Rozhod\u010d\u00ed je st\u00e1hli ze z\u00e1vodu hruba po 160 kilometrech p\u0159i n\u00e1vratu na m\u011bstsk\u00e9 okruhy.<\/p>\n\n\n\n<p>O n\u00e1ro\u010dnosti z\u00e1vodu sv\u011bd\u010d\u00ed fakt, \u017ee klasifikov\u00e1no bylo jen 30 z\u00e1vodn\u00edk\u016f ze 164 startuj\u00edc\u00edch.<\/p>\n\n\n\n<figure class=\"wp-block-image size-large\"><img loading=\"lazy\" decoding=\"async\" width=\"1024\" height=\"683\" src=\"https:\/\/www.czechcyclingfederation.com\/wp-content\/uploads\/2025\/09\/IMG-20250928-WA0026-1024x683.jpg\" alt=\"\" class=\"wp-image-37859\" srcset=\"https:\/\/www.czechcyclingfederation.com\/wp-content\/uploads\/2025\/09\/IMG-20250928-WA0026-1024x683.jpg 1024w, https:\/\/www.czechcyclingfederation.com\/wp-content\/uploads\/2025\/09\/IMG-20250928-WA0026-300x200.jpg 300w, https:\/\/www.czechcyclingfederation.com\/wp-content\/uploads\/2025\/09\/IMG-20250928-WA0026-768x512.jpg 768w, https:\/\/www.czechcyclingfederation.com\/wp-content\/uploads\/2025\/09\/IMG-20250928-WA0026-1536x1024.jpg 1536w, https:\/\/www.czechcyclingfederation.com\/wp-content\/uploads\/2025\/09\/IMG-20250928-WA0026-2048x1366.jpg 2048w, https:\/\/www.czechcyclingfederation.com\/wp-content\/uploads\/2025\/09\/IMG-20250928-WA0026-1320x880.jpg 1320w\" sizes=\"auto, (max-width: 1024px) 100vw, 1024px\" \/><\/figure>\n\n\n\n<p><em>\u201eByl to stra\u0161n\u011b t\u011b\u017ek\u00fd z\u00e1vod, hned od prvn\u00edho kola se jel v&nbsp;t\u011bch stojk\u00e1ch doraz a lidi za\u010dali odpadat. My jsme nakonec dojeli a\u017e po Mt. Kigali, kde se jelo \u0161\u00edlen\u00e9 tempo hned odspoda. Tam jsme odpadli. Ale p\u0159i tom pekeln\u00e9m tempu od startu jsme popravd\u011b ani ne\u010dekali, \u017ee bychom dojeli a\u017e sem,\u201c <\/em>p\u0159iznal bez v\u00fdmluv Michael Boro\u0161 po sv\u00e9m t\u0159et\u00edm startu na silni\u010dn\u00edm MS. <em>\u201eUr\u010dit\u011b mi to dalo hodn\u011b zku\u0161enost\u00ed i tou po\u0159\u00e1daj\u00edc\u00ed zem\u00ed. Odv\u00e1\u017e\u00edm si dom\u016f spoustu z\u00e1\u017eitk\u016f,\u201c<\/em> dodal.<\/p>\n\n\n\n<figure class=\"wp-block-image size-large\"><img loading=\"lazy\" decoding=\"async\" width=\"1024\" height=\"683\" src=\"https:\/\/www.czechcyclingfederation.com\/wp-content\/uploads\/2025\/09\/IMG-20250928-WA0020-1-1024x683.jpg\" alt=\"\" class=\"wp-image-37861\" srcset=\"https:\/\/www.czechcyclingfederation.com\/wp-content\/uploads\/2025\/09\/IMG-20250928-WA0020-1-1024x683.jpg 1024w, https:\/\/www.czechcyclingfederation.com\/wp-content\/uploads\/2025\/09\/IMG-20250928-WA0020-1-300x200.jpg 300w, https:\/\/www.czechcyclingfederation.com\/wp-content\/uploads\/2025\/09\/IMG-20250928-WA0020-1-768x512.jpg 768w, https:\/\/www.czechcyclingfederation.com\/wp-content\/uploads\/2025\/09\/IMG-20250928-WA0020-1-1536x1024.jpg 1536w, https:\/\/www.czechcyclingfederation.com\/wp-content\/uploads\/2025\/09\/IMG-20250928-WA0020-1-2048x1365.jpg 2048w, https:\/\/www.czechcyclingfederation.com\/wp-content\/uploads\/2025\/09\/IMG-20250928-WA0020-1-1320x880.jpg 1320w\" sizes=\"auto, (max-width: 1024px) 100vw, 1024px\" \/><\/figure>\n\n\n\n<p>S&nbsp;jeho slovy souhlasil i \u0160imon Van\u00ed\u010dek, kter\u00fd si na sv\u011btov\u00e9m \u0161ampion\u00e1tu na silnici odbyl velkou premi\u00e9ru. <em>\u201eBylo to fakt neskute\u010dn\u011b t\u011b\u017ek\u00e9, okruh tomu nahr\u00e1val. Bylo jasn\u00e9, \u017ee nejsiln\u011bj\u0161\u00ed t\u00fdmy to budou cht\u00edt ud\u011blat co nejt\u011b\u017e\u0161\u00ed hned od za\u010d\u00e1tku. A kdy\u017e jsem vid\u011bl, jak se jede, tak jsem si up\u0159\u00edmn\u011b \u0159\u00edkal, \u017ee jestli dojedeme na ten kopec, bude to v\u00fdhra,\u201c <\/em>\u0159ekl Van\u00ed\u010dek.<\/p>\n\n\n\n<figure class=\"wp-block-image size-large\"><img loading=\"lazy\" decoding=\"async\" width=\"1024\" height=\"683\" src=\"https:\/\/www.czechcyclingfederation.com\/wp-content\/uploads\/2025\/09\/IMG-20250928-WA0022-1024x683.jpg\" alt=\"\" class=\"wp-image-37863\" srcset=\"https:\/\/www.czechcyclingfederation.com\/wp-content\/uploads\/2025\/09\/IMG-20250928-WA0022-1024x683.jpg 1024w, https:\/\/www.czechcyclingfederation.com\/wp-content\/uploads\/2025\/09\/IMG-20250928-WA0022-300x200.jpg 300w, https:\/\/www.czechcyclingfederation.com\/wp-content\/uploads\/2025\/09\/IMG-20250928-WA0022-768x512.jpg 768w, https:\/\/www.czechcyclingfederation.com\/wp-content\/uploads\/2025\/09\/IMG-20250928-WA0022-1536x1024.jpg 1536w, https:\/\/www.czechcyclingfederation.com\/wp-content\/uploads\/2025\/09\/IMG-20250928-WA0022-2048x1366.jpg 2048w, https:\/\/www.czechcyclingfederation.com\/wp-content\/uploads\/2025\/09\/IMG-20250928-WA0022-1320x880.jpg 1320w\" sizes=\"auto, (max-width: 1024px) 100vw, 1024px\" \/><\/figure>\n\n\n\n<p>Poga\u010dar zavelel k&nbsp;\u00fatoku pr\u00e1v\u011b ve stoup\u00e1n\u00ed na Mt. Kigali asi 100 km p\u0159ed c\u00edlem. Z\u016fstali s&nbsp;n\u00edm jen jeho st\u00e1jov\u00ed kolegov\u00e9 z&nbsp;UAE \u0160pan\u011bl Juan Ayuso a Isaac del Toro z&nbsp;Mexika. Pak u\u017e ani oni nevydr\u017eeli, posledn\u00edch 66 kilometr\u016f u\u017e si Poga\u010dar st\u0159ihl individu\u00e1ln\u00ed \u010dasovku, kter\u00e1 slavila \u00fasp\u011bch. Do c\u00edle p\u0159ijel osamocen, druh\u00fd Belgi\u010dan Remco Evenepoel, ztratil 1:27 min., bronz vybojoval Ir Ben Healy.<\/p>\n\n\n\n<p><strong>Silni\u010dn\u00ed z\u00e1vod mu\u017ei ELITE <\/strong>(267,5 km): 1. Poga\u010dar (Slovin.) 6:21:20, 2. Evenepoel (Belg.) +1:28, 3. Healy (Ir.) +2:16, 4. Skjelmose (D\u00e1n.) +2:53, 5. Skujin\u0161 (Lot.) +6:41, 6. Ciccone (It.) +6:47,\u00a0<strong><em>&#8230; <\/em>Boro\u0161, Van\u00ed\u010dek <\/strong>(oba \u010cR) nedokon\u010dili.<\/p>\n\n\n\n<p>Foto: Filip Bezd\u011bk<\/p>\n","protected":false},"excerpt":{"rendered":"<p>Nejt\u011b\u017e\u0161\u00ed silni\u010dn\u00ed z\u00e1vod v&nbsp;historii mistrovstv\u00ed sv\u011bta na silnici s&nbsp;p\u0159ev\u00fd\u0161en\u00edm bezm\u00e1la 6&nbsp;000 metr\u016f vyhr\u00e1l jeho nejv\u011bt\u0161\u00ed favorit: Slovinec Tadej Poga\u010dar, kter\u00fd dok\u00e1zal obh\u00e1jit lo\u0148sk\u00e9 zlato. Oba \u010de\u0161t\u00ed reprezentanti Michael Boro\u0161 a \u0160imon Van\u00ed\u010dek se s&nbsp;p\u0159et\u011b\u017ek\u00fdm profilem prali state\u010dn\u011b, ale nakonec klasifikov\u00e1ni nebyli. Rozhod\u010d\u00ed je st\u00e1hli ze z\u00e1vodu hruba po 160 kilometrech p\u0159i n\u00e1vratu na m\u011bstsk\u00e9 okruhy. [&hellip;]<\/p>\n","protected":false},"author":15,"featured_media":37854,"comment_status":"closed","ping_status":"open","sticky":false,"template":"","format":"standard","meta":{"footnotes":""},"categories":[2,18,1],"tags":[11],"class_list":["post-37853","post","type-post","status-publish","format-standard","has-post-thumbnail","hentry","category-novinky","category-silnice","category-uncategorized-cs","tag-silnice"],"_links":{"self":[{"href":"https:\/\/www.czechcyclingfederation.com\/en\/wp-json\/wp\/v2\/posts\/37853","targetHints":{"allow":["GET"]}}],"collection":[{"href":"https:\/\/www.czechcyclingfederation.com\/en\/wp-json\/wp\/v2\/posts"}],"about":[{"href":"https:\/\/www.czechcyclingfederation.com\/en\/wp-json\/wp\/v2\/types\/post"}],"author":[{"embeddable":true,"href":"https:\/\/www.czechcyclingfederation.com\/en\/wp-json\/wp\/v2\/users\/15"}],"replies":[{"embeddable":true,"href":"https:\/\/www.czechcyclingfederation.com\/en\/wp-json\/wp\/v2\/comments?post=37853"}],"version-history":[{"count":3,"href":"https:\/\/www.czechcyclingfederation.com\/en\/wp-json\/wp\/v2\/posts\/37853\/revisions"}],"predecessor-version":[{"id":37866,"href":"https:\/\/www.czechcyclingfederation.com\/en\/wp-json\/wp\/v2\/posts\/37853\/revisions\/37866"}],"wp:featuredmedia":[{"embeddable":true,"href":"https:\/\/www.czechcyclingfederation.com\/en\/wp-json\/wp\/v2\/media\/37854"}],"wp:attachment":[{"href":"https:\/\/www.czechcyclingfederation.com\/en\/wp-json\/wp\/v2\/media?parent=37853"}],"wp:term":[{"taxonomy":"category","embeddable":true,"href":"https:\/\/www.czechcyclingfederation.com\/en\/wp-json\/wp\/v2\/categories?post=37853"},{"taxonomy":"post_tag","embeddable":true,"href":"https:\/\/www.czechcyclingfederation.com\/en\/wp-json\/wp\/v2\/tags?post=37853"}],"curies":[{"name":"wp","href":"https:\/\/api.w.org\/{rel}","templated":true}]}}