{"id":37773,"date":"2025-09-24T07:09:48","date_gmt":"2025-09-24T05:09:48","guid":{"rendered":"https:\/\/www.czechcyclingfederation.com\/?p=37773"},"modified":"2025-09-24T07:09:51","modified_gmt":"2025-09-24T05:09:51","slug":"vacek-nejvetsi-hvezdou-ceske-reprezentace-na-me-ve-francii","status":"publish","type":"post","link":"https:\/\/www.czechcyclingfederation.com\/en\/vacek-nejvetsi-hvezdou-ceske-reprezentace-na-me-ve-francii\/","title":{"rendered":"Vacek nejv\u011bt\u0161\u00ed hv\u011bzdou \u010desk\u00e9 reprezentace na ME ve Francii"},"content":{"rendered":"\n<p>Celkem 21 \u010desk\u00fdch reprezentant\u016f se p\u0159edstav\u00ed na mistrovstv\u00ed Evropy v&nbsp;silni\u010dn\u00ed cyklistice, kter\u00e9 se kon\u00e1 od 1. do 5. \u0159\u00edjna v Dr\u00f4me-Ard\u00e8che v jihov\u00fdchodn\u00ed Francii jen t\u0159i dny po skon\u010den\u00ed prob\u00edhaj\u00edc\u00edho MS ve Rwand\u011b. Nejv\u011bt\u0161\u00ed hv\u011bzdou bude Mathias Vacek, kter\u00fd pojede \u010dasovku i silni\u010dn\u00ed z\u00e1vod.<\/p>\n\n\n\n<p><em>\u201eMistrovstv\u00ed Evropy je pro m\u011b jasn\u00fdm vrcholem zbytku sezony. Chystal jsem se na n\u011bj doma na \u0160umav\u011b, hodn\u011b \u010dasu jsem tr\u00e1vil na \u010dasovk\u00e1\u0159sk\u00e9m speci\u00e1lu. V\u00a0r\u00e1mci p\u0159\u00edpravy jsem jel i jednor\u00e1zovky v\u00a0Belgii. Ve Francii chci ur\u010dit\u011b atakovat um\u00edst\u011bn\u00ed v\u00a0top 10. V hlav\u011b ale m\u00ed\u0159\u00edm je\u0161t\u011b v\u00fd\u0161 a r\u00e1d bych bojoval o top 5, p\u0159edev\u0161\u00edm v \u010dasovce, kter\u00e1 je m\u00fdm hlavn\u00edm c\u00edlem,\u201c<\/em> \u0159ekl <strong>Mathias Vacek<\/strong>.<\/p>\n\n\n\n<figure class=\"wp-block-image size-large\"><img loading=\"lazy\" decoding=\"async\" width=\"1024\" height=\"683\" src=\"http:\/\/www.czechcyclingfederation.com\/wp-content\/uploads\/2024\/09\/vacek-mathias-ms-1024x683.jpg\" alt=\"\" class=\"wp-image-32352\" srcset=\"https:\/\/www.czechcyclingfederation.com\/wp-content\/uploads\/2024\/09\/vacek-mathias-ms-1024x683.jpg 1024w, https:\/\/www.czechcyclingfederation.com\/wp-content\/uploads\/2024\/09\/vacek-mathias-ms-300x200.jpg 300w, https:\/\/www.czechcyclingfederation.com\/wp-content\/uploads\/2024\/09\/vacek-mathias-ms-768x512.jpg 768w, https:\/\/www.czechcyclingfederation.com\/wp-content\/uploads\/2024\/09\/vacek-mathias-ms-1536x1024.jpg 1536w, https:\/\/www.czechcyclingfederation.com\/wp-content\/uploads\/2024\/09\/vacek-mathias-ms-2048x1365.jpg 2048w, https:\/\/www.czechcyclingfederation.com\/wp-content\/uploads\/2024\/09\/vacek-mathias-ms-1320x880.jpg 1320w\" sizes=\"auto, (max-width: 1024px) 100vw, 1024px\" \/><\/figure>\n\n\n\n<p>Evropsk\u00fd \u0161ampion\u00e1t se letos kon\u00e1 prakticky hned po skon\u010den\u00ed podb\u00edhaj\u00edc\u00edho mistrovstv\u00ed sv\u011bta ve Rwand\u011b. To vyvrchol\u00ed silni\u010dn\u00edm z\u00e1vodem mu\u017e\u016f v&nbsp;ned\u011bli a u\u017e ve st\u0159edu 1. \u0159\u00edjna jsou na ME na programu \u010dasovky v\u0161ech kategori\u00ed.<\/p>\n\n\n\n<p><em>\u201eOrganiza\u010dn\u011b a logisticky je to kv\u016fli tomu nesm\u00edrn\u011b n\u00e1ro\u010dn\u00e9. A\u0165 jde o p\u0159esun z\u00e1vodn\u00edk\u016f, ve\u0161ker\u00e9ho materi\u00e1lu nebo sestaven\u00ed realiza\u010dn\u00edho t\u00fdmu, kter\u00fd na Evropu mus\u00ed b\u00fdt kompletn\u011b nov\u00fd. Ale m\u00e1me to zvl\u00e1dnut\u00e9 a p\u0159ipraven\u00e9 velice dob\u0159e,\u201c<\/em> uvedl mana\u017eer silni\u010dn\u00ed reprezentace <strong>Petr Kaltofen<\/strong>.<\/p>\n\n\n\n<p>P\u0159i sestavov\u00e1n\u00ed nominace nemusel \u0159e\u0161it tolik omluvenek jako na MS do Afriky. <em>\u201eMathias Vacek dop\u0159edu vyhl\u00e1sil, \u017ee d\u00e1v\u00e1 po dohod\u011b s&nbsp;t\u00fdmem p\u0159ednost Evrop\u011b a my to akceptovali. M\u011bl by b\u00fdt jedn\u00edm z&nbsp;hlavn\u00edch adept\u016f na co nejlep\u0161\u00ed um\u00edst\u011bn\u00ed jak v&nbsp;\u010dasovce, tak v&nbsp;silni\u010dn\u00edm z\u00e1vod\u011b. Vyzdvihl bych je\u0161t\u011b juniora Mat\u011bje Pit\u00e1ka, kter\u00fd p\u0159\u00ed\u0161t\u00ed rok p\u0159estupuje do development t\u00fdmu Visma Lease a Bike,\u201c<\/em> \u0159ekl Kaltofen.<\/p>\n\n\n\n<p>V&nbsp;nominaci mu\u017esk\u00e9 elitn\u00ed kategorie chyb\u00ed dal\u0161\u00ed \u010desk\u00fd z\u00e1stupce z&nbsp;WorldTour Pavel Bittner. <em>\u201eP\u016fvodn\u011b cht\u011bl startovat, ale nakonec se omluvil kv\u016fli n\u00e1ro\u010dn\u00e9 trati, kter\u00e1 by mu nesed\u011bla. Do budoucna ur\u010dit\u011b reprezentovat chce a po\u010d\u00edt\u00e1me s&nbsp;n\u00edm,\u201c<\/em> prozradil Kaltofen.<\/p>\n\n\n\n<p class=\"has-medium-font-size\"><strong>Nominace reprezentace \u010cR<\/strong><\/p>\n\n\n\n<p><strong>Mu\u017ei: <\/strong>Mathias Vacek (\u010dasovka, silni\u010dn\u00ed z\u00e1vod), Petr Kelemen, Jakub \u0164oupal\u00edk (oba silni\u010dn\u00ed z\u00e1vod). <strong>\u017deny: <\/strong>Veronika Jandov\u00e1 (silni\u010dn\u00ed z\u00e1vod). <strong>Mu\u017ei U23: <\/strong>Jan Bittner (\u010dasovka, silni\u010dn\u00ed z\u00e1vod), Adam Bittman, Pavel \u0160ump\u00edk (oba silni\u010dn\u00ed z\u00e1vod). <strong>\u017deny U23: <\/strong>Eli\u0161ka Kvasni\u010dkov\u00e1 (\u010dasovka, silni\u010dn\u00ed z\u00e1vod), Julia Kopeck\u00fd, Barbora N\u011bmcov\u00e1, Ad\u00e9la Pittnerov\u00e1 (v\u0161echny silni\u010dn\u00ed z\u00e1vod). <strong>Junio\u0159i: <\/strong>Jakub Patras (\u010dasovka, silni\u010dn\u00ed z\u00e1vod), David Icha, Daniel Kub\u011bna, \u0160imon Mat\u011bjek, Mat\u011bj Pit\u00e1k, Marek Stibl\u00edk (v\u0161ichni silni\u010dn\u00ed z\u00e1vod). <strong>Juniorky: <\/strong>Daniela Hezinov\u00e1 (\u010dasovka, silni\u010dn\u00ed z\u00e1vod), Eva Drhov\u00e1, Vendula Strakat\u00e1, Karol\u00edna \u0160picarov\u00e1 (v\u0161echny silni\u010dn\u00ed z\u00e1vod).<\/p>\n\n\n\n<p class=\"has-medium-font-size\"><strong>Program ME <\/strong><\/p>\n\n\n\n<p><strong>St\u0159eda 1. 10.: <\/strong>\u010dasovky v\u0161ech kategori\u00ed, <strong>\u010dtvrtek 2. 10.: <\/strong>t\u00fdmov\u00e9 \u010dasovky, <strong>p\u00e1tek 3. 10.: <\/strong>silni\u010dn\u00ed z\u00e1vody \u017eeny U23, juniorky a junio\u0159i, <strong>sobota 4. 10.: <\/strong>silni\u010dn\u00ed z\u00e1vody mu\u017ei U23 a \u017eeny ELITE, <strong>ned\u011ble 5. 10.: <\/strong>silni\u010dn\u00ed z\u00e1vod mu\u017ei ELITE.<\/p>\n\n\n\n<p>Foto: Filip Bezd\u011bk<\/p>\n","protected":false},"excerpt":{"rendered":"<p>Celkem 21 \u010desk\u00fdch reprezentant\u016f se p\u0159edstav\u00ed na mistrovstv\u00ed Evropy v&nbsp;silni\u010dn\u00ed cyklistice, kter\u00e9 se kon\u00e1 od 1. do 5. \u0159\u00edjna v Dr\u00f4me-Ard\u00e8che v jihov\u00fdchodn\u00ed Francii jen t\u0159i dny po skon\u010den\u00ed prob\u00edhaj\u00edc\u00edho MS ve Rwand\u011b. Nejv\u011bt\u0161\u00ed hv\u011bzdou bude Mathias Vacek, kter\u00fd pojede \u010dasovku i silni\u010dn\u00ed z\u00e1vod. \u201eMistrovstv\u00ed Evropy je pro m\u011b jasn\u00fdm vrcholem zbytku sezony. Chystal jsem [&hellip;]<\/p>\n","protected":false},"author":15,"featured_media":37774,"comment_status":"closed","ping_status":"open","sticky":false,"template":"","format":"standard","meta":{"footnotes":""},"categories":[2,18],"tags":[11],"class_list":["post-37773","post","type-post","status-publish","format-standard","has-post-thumbnail","hentry","category-novinky","category-silnice","tag-silnice"],"_links":{"self":[{"href":"https:\/\/www.czechcyclingfederation.com\/en\/wp-json\/wp\/v2\/posts\/37773","targetHints":{"allow":["GET"]}}],"collection":[{"href":"https:\/\/www.czechcyclingfederation.com\/en\/wp-json\/wp\/v2\/posts"}],"about":[{"href":"https:\/\/www.czechcyclingfederation.com\/en\/wp-json\/wp\/v2\/types\/post"}],"author":[{"embeddable":true,"href":"https:\/\/www.czechcyclingfederation.com\/en\/wp-json\/wp\/v2\/users\/15"}],"replies":[{"embeddable":true,"href":"https:\/\/www.czechcyclingfederation.com\/en\/wp-json\/wp\/v2\/comments?post=37773"}],"version-history":[{"count":2,"href":"https:\/\/www.czechcyclingfederation.com\/en\/wp-json\/wp\/v2\/posts\/37773\/revisions"}],"predecessor-version":[{"id":37777,"href":"https:\/\/www.czechcyclingfederation.com\/en\/wp-json\/wp\/v2\/posts\/37773\/revisions\/37777"}],"wp:featuredmedia":[{"embeddable":true,"href":"https:\/\/www.czechcyclingfederation.com\/en\/wp-json\/wp\/v2\/media\/37774"}],"wp:attachment":[{"href":"https:\/\/www.czechcyclingfederation.com\/en\/wp-json\/wp\/v2\/media?parent=37773"}],"wp:term":[{"taxonomy":"category","embeddable":true,"href":"https:\/\/www.czechcyclingfederation.com\/en\/wp-json\/wp\/v2\/categories?post=37773"},{"taxonomy":"post_tag","embeddable":true,"href":"https:\/\/www.czechcyclingfederation.com\/en\/wp-json\/wp\/v2\/tags?post=37773"}],"curies":[{"name":"wp","href":"https:\/\/api.w.org\/{rel}","templated":true}]}}