{"id":37758,"date":"2025-09-23T18:39:03","date_gmt":"2025-09-23T16:39:03","guid":{"rendered":"https:\/\/www.czechcyclingfederation.com\/?p=37758"},"modified":"2025-09-23T18:39:06","modified_gmt":"2025-09-23T16:39:06","slug":"junior-zanka-v-casovce-na-ms-sestnacty","status":"publish","type":"post","link":"https:\/\/www.czechcyclingfederation.com\/en\/junior-zanka-v-casovce-na-ms-sestnacty\/","title":{"rendered":"Junior Za\u0148ka v \u010dasovce na MS \u0161estn\u00e1ct\u00fd"},"content":{"rendered":"\n<p><strong>Velmi dobrou \u0161estn\u00e1ctou p\u0159\u00ed\u010dku vybojoval junior Jakub Za\u0148ka na mistrovstv\u00ed sv\u011bta v \u010dasovce. Mezi juniorkami byla p\u0159i z\u00e1vod\u011b v Kigali, hlavn\u00edm m\u011bst\u011b Rwandy, Karol\u00edna \u0160picarov\u00e1 p\u011btadvac\u00e1t\u00e1 a Anna Han\u00e1kov\u00e1 projela c\u00edlem \u010dty\u0159iat\u0159ic\u00e1t\u00e1.<\/strong><\/p>\n\n\n\n<p>Vicemistr \u010cesk\u00e9 republiky v \u010dasovce zdolal tra\u0165 dlouhou 22,6 kilometr\u016f s p\u0159ev\u00fd\u0161en\u00edm 377 metr\u016f za t\u0159icet minut a t\u0159iadvacet sekund. O minutu a \u0161estn\u00e1ct sekund zaostal za nov\u00fdm \u0161ampionem, j\u00edm\u017e je Michiel Mouris z Nizozemska, jeho\u017e mohou \u010de\u0161t\u00ed fanou\u0161ci zn\u00e1t po triumfu na Grand Prix West Bohemia.<\/p>\n\n\n\n<figure class=\"wp-block-image size-large\"><img loading=\"lazy\" decoding=\"async\" width=\"1024\" height=\"683\" src=\"http:\/\/www.czechcyclingfederation.com\/wp-content\/uploads\/2025\/09\/2025-UCI-Road-World-Championships-Kigali-RWA-23.9.2025-TT-WJ-MJ-\u00a9Filip-Bezdek-2025-21-1024x683.jpg\" alt=\"\" class=\"wp-image-37762\" srcset=\"https:\/\/www.czechcyclingfederation.com\/wp-content\/uploads\/2025\/09\/2025-UCI-Road-World-Championships-Kigali-RWA-23.9.2025-TT-WJ-MJ-\u00a9Filip-Bezdek-2025-21-1024x683.jpg 1024w, https:\/\/www.czechcyclingfederation.com\/wp-content\/uploads\/2025\/09\/2025-UCI-Road-World-Championships-Kigali-RWA-23.9.2025-TT-WJ-MJ-\u00a9Filip-Bezdek-2025-21-300x200.jpg 300w, https:\/\/www.czechcyclingfederation.com\/wp-content\/uploads\/2025\/09\/2025-UCI-Road-World-Championships-Kigali-RWA-23.9.2025-TT-WJ-MJ-\u00a9Filip-Bezdek-2025-21-768x512.jpg 768w, https:\/\/www.czechcyclingfederation.com\/wp-content\/uploads\/2025\/09\/2025-UCI-Road-World-Championships-Kigali-RWA-23.9.2025-TT-WJ-MJ-\u00a9Filip-Bezdek-2025-21-1536x1024.jpg 1536w, https:\/\/www.czechcyclingfederation.com\/wp-content\/uploads\/2025\/09\/2025-UCI-Road-World-Championships-Kigali-RWA-23.9.2025-TT-WJ-MJ-\u00a9Filip-Bezdek-2025-21-2048x1365.jpg 2048w, https:\/\/www.czechcyclingfederation.com\/wp-content\/uploads\/2025\/09\/2025-UCI-Road-World-Championships-Kigali-RWA-23.9.2025-TT-WJ-MJ-\u00a9Filip-Bezdek-2025-21-1320x880.jpg 1320w\" sizes=\"auto, (max-width: 1024px) 100vw, 1024px\" \/><\/figure>\n\n\n\n<p>&#8220;Nejelo se mi \u00fapln\u011b dob\u0159e. Prvn\u00ed kopec jsem jel pom\u011brn\u011b rychle. Ve sjezdu jsem si dok\u00e1zal odpo\u010dinout a \u0161et\u0159il jsem se na z\u00e1v\u011bre\u010dn\u00e9 stoup\u00e1n\u00ed na kostk\u00e1ch. N\u00e1jezd byl velmi dobr\u00fd, ale p\u0159ep\u00e1lil jsem to a v druh\u00e9 polovin\u011b kopce mi tot\u00e1ln\u011b do\u0161la energie a ztratil jsem mnoho vte\u0159in. Nem\u00e1m kostky r\u00e1d, na m\u00e9m star\u00e9m \u010dasovk\u00e1\u0159sk\u00e9m kole je to je\u0161t\u011b dvakr\u00e1t hor\u0161\u00ed,&#8221; hodnotil vystoupen\u00ed na sv\u011btov\u00e9m \u0161ampion\u00e1tu Jakub Za\u0148ka, jen\u017e dos\u00e1hl zat\u00edm nejlep\u0161\u00edho v\u00fdsledku \u010desk\u00fdch barev na \u0161ampion\u00e1tu.<\/p>\n\n\n\n<p>Karol\u00edna \u0160picarov\u00e1, \u00fa\u0159aduj\u00edc\u00ed \u010desk\u00e1 juniorsk\u00e1 \u0161ampionka v \u010dasovce, ztratila na zlato t\u00e9m\u011b\u0159 t\u0159i minuty. &#8220;\u010cekala jsem hodn\u011b t\u011b\u017ekou bitvu, co\u017e se potvrdilo. Velk\u00e9 p\u0159ev\u00fd\u0161en\u00ed a na juniorskou kategorii docela dlouh\u00e1 tra\u0165,&#8221; \u0159\u00edkala sedmn\u00e1ctilet\u00e1 Karol\u00edna \u0160picarov\u00e1.<\/p>\n\n\n\n<figure class=\"wp-block-image size-large\"><img loading=\"lazy\" decoding=\"async\" width=\"1024\" height=\"683\" src=\"http:\/\/www.czechcyclingfederation.com\/wp-content\/uploads\/2025\/09\/2025-UCI-Road-World-Championships-Kigali-RWA-23.9.2025-TT-WJ-MJ-\u00a9Filip-Bezdek-2025-1-1024x683.jpg\" alt=\"\" class=\"wp-image-37766\" srcset=\"https:\/\/www.czechcyclingfederation.com\/wp-content\/uploads\/2025\/09\/2025-UCI-Road-World-Championships-Kigali-RWA-23.9.2025-TT-WJ-MJ-\u00a9Filip-Bezdek-2025-1-1024x683.jpg 1024w, https:\/\/www.czechcyclingfederation.com\/wp-content\/uploads\/2025\/09\/2025-UCI-Road-World-Championships-Kigali-RWA-23.9.2025-TT-WJ-MJ-\u00a9Filip-Bezdek-2025-1-300x200.jpg 300w, https:\/\/www.czechcyclingfederation.com\/wp-content\/uploads\/2025\/09\/2025-UCI-Road-World-Championships-Kigali-RWA-23.9.2025-TT-WJ-MJ-\u00a9Filip-Bezdek-2025-1-768x512.jpg 768w, https:\/\/www.czechcyclingfederation.com\/wp-content\/uploads\/2025\/09\/2025-UCI-Road-World-Championships-Kigali-RWA-23.9.2025-TT-WJ-MJ-\u00a9Filip-Bezdek-2025-1-1536x1024.jpg 1536w, https:\/\/www.czechcyclingfederation.com\/wp-content\/uploads\/2025\/09\/2025-UCI-Road-World-Championships-Kigali-RWA-23.9.2025-TT-WJ-MJ-\u00a9Filip-Bezdek-2025-1-2048x1365.jpg 2048w, https:\/\/www.czechcyclingfederation.com\/wp-content\/uploads\/2025\/09\/2025-UCI-Road-World-Championships-Kigali-RWA-23.9.2025-TT-WJ-MJ-\u00a9Filip-Bezdek-2025-1-1320x880.jpg 1320w\" sizes=\"auto, (max-width: 1024px) 100vw, 1024px\" \/><\/figure>\n\n\n\n<p>&#8220;Bolelo to od za\u010d\u00e1tku do konce. Sna\u017eila jsem se na\u0161et\u0159it s\u00edly na z\u00e1v\u011bre\u010dn\u00e9 stoup\u00e1n\u00ed. S kostkami jsem musela hodn\u011b bojovat. St\u00e1le jsem si \u0159\u00edkala, \u017ee u\u017e mus\u00ed b\u00fdt konec, ale po\u0159\u00e1d p\u00e1r set metr\u016f chyb\u011blo. Bylo t\u011b\u017ek\u00e9 naj\u00edt v hlav\u011b dostatek v\u016fle. Bylo to peklo, ale s v\u00fdkonem mohu b\u00fdt spokojen\u00e1,&#8221; hodnotila v c\u00edli p\u011btadvac\u00e1t\u00e1 Karol\u00edna \u0160picarov\u00e1.<\/p>\n\n\n\n<p>T\u00e9m\u011b\u0159 t\u0159icet minut pot\u0159ebovala na zdol\u00e1n\u00ed trasy Anna Han\u00e1kov\u00e1, kter\u00e1 projela c\u00edlem jako \u010dty\u0159iat\u0159ic\u00e1t\u00e1.<\/p>\n\n\n\n<p>&#8220;Bylo to opravdu neskute\u010dn\u011b t\u011b\u017ek\u00e9. Nechala jsem na trati v\u0161echny s\u00edly. V\u00edc u\u017e jsem v sob\u011b prost\u011b nem\u011bla. V jedn\u00e9 f\u00e1zi na kostk\u00e1ch z\u00e1v\u011bre\u010dn\u00e9ho stoup\u00e1n\u00ed jsem myslela, \u017ee z kola snad slezu,&#8221; l\u00ed\u010dila Anna Han\u00e1kov\u00e1, jak moc byl z\u00e1vod t\u011b\u017ek\u00fd.<\/p>\n\n\n\n<figure class=\"wp-block-image size-large\"><img loading=\"lazy\" decoding=\"async\" width=\"1024\" height=\"683\" src=\"http:\/\/www.czechcyclingfederation.com\/wp-content\/uploads\/2025\/09\/2025-UCI-Road-World-Championships-Kigali-RWA-23.9.2025-TT-WJ-MJ-\u00a9Filip-Bezdek-2025-11-1024x683.jpg\" alt=\"\" class=\"wp-image-37768\" srcset=\"https:\/\/www.czechcyclingfederation.com\/wp-content\/uploads\/2025\/09\/2025-UCI-Road-World-Championships-Kigali-RWA-23.9.2025-TT-WJ-MJ-\u00a9Filip-Bezdek-2025-11-1024x683.jpg 1024w, https:\/\/www.czechcyclingfederation.com\/wp-content\/uploads\/2025\/09\/2025-UCI-Road-World-Championships-Kigali-RWA-23.9.2025-TT-WJ-MJ-\u00a9Filip-Bezdek-2025-11-300x200.jpg 300w, https:\/\/www.czechcyclingfederation.com\/wp-content\/uploads\/2025\/09\/2025-UCI-Road-World-Championships-Kigali-RWA-23.9.2025-TT-WJ-MJ-\u00a9Filip-Bezdek-2025-11-768x512.jpg 768w, https:\/\/www.czechcyclingfederation.com\/wp-content\/uploads\/2025\/09\/2025-UCI-Road-World-Championships-Kigali-RWA-23.9.2025-TT-WJ-MJ-\u00a9Filip-Bezdek-2025-11-1536x1024.jpg 1536w, https:\/\/www.czechcyclingfederation.com\/wp-content\/uploads\/2025\/09\/2025-UCI-Road-World-Championships-Kigali-RWA-23.9.2025-TT-WJ-MJ-\u00a9Filip-Bezdek-2025-11-2048x1365.jpg 2048w, https:\/\/www.czechcyclingfederation.com\/wp-content\/uploads\/2025\/09\/2025-UCI-Road-World-Championships-Kigali-RWA-23.9.2025-TT-WJ-MJ-\u00a9Filip-Bezdek-2025-11-1320x880.jpg 1320w\" sizes=\"auto, (max-width: 1024px) 100vw, 1024px\" \/><\/figure>\n\n\n\n<p>Titul mistryn\u011b sv\u011bta slavila Megan Arensov\u00e1 z Nizozemska, kter\u00e1 nem\u011bla na 18,3 kilometry dlouh\u00e9 trati s p\u0159ev\u00fd\u0161en\u00edm 264 metr\u016f konkurenci. C\u00edlem projela s n\u00e1skokem p\u011btat\u0159iceti sekund.<\/p>\n\n\n\n<p><strong>MS v silni\u010dn\u00ed cyklistice &#8211; \u010dasovka juniorek<\/strong> (18,3 km): 1. Arensov\u00e1 (Niz.) 25:47, 2. Ostizov\u00e1 (\u0160p.) +35, 3. Gissingerov\u00e1 (Nor.) +37, \u202625. \u0160picarov\u00e1 +2:40, 34. A. Han\u00e1kov\u00e1 (ob\u011b \u010cR) +3:58. <strong>\u010casovka junior\u016f<\/strong> (22,6 km): 1. Mouris (Niz.) 29:07, 2. Barry (USA) +6, 3. Van Kerckhove (Belg.) +8, \u202616. Za\u0148ka (\u010cR) +1:16 min.<\/p>\n\n\n\n<p>Foto: Filip Bezd\u011bk<\/p>\n","protected":false},"excerpt":{"rendered":"<p>Velmi dobrou \u0161estn\u00e1ctou p\u0159\u00ed\u010dku vybojoval junior Jakub Za\u0148ka na mistrovstv\u00ed sv\u011bta v \u010dasovce. Mezi juniorkami byla p\u0159i z\u00e1vod\u011b v Kigali, hlavn\u00edm m\u011bst\u011b Rwandy, Karol\u00edna \u0160picarov\u00e1 p\u011btadvac\u00e1t\u00e1 a Anna Han\u00e1kov\u00e1 projela c\u00edlem \u010dty\u0159iat\u0159ic\u00e1t\u00e1. Vicemistr \u010cesk\u00e9 republiky v \u010dasovce zdolal tra\u0165 dlouhou 22,6 kilometr\u016f s p\u0159ev\u00fd\u0161en\u00edm 377 metr\u016f za t\u0159icet minut a t\u0159iadvacet sekund. O minutu a [&hellip;]<\/p>\n","protected":false},"author":30,"featured_media":37764,"comment_status":"closed","ping_status":"open","sticky":false,"template":"","format":"standard","meta":{"footnotes":""},"categories":[2,1],"tags":[11],"class_list":["post-37758","post","type-post","status-publish","format-standard","has-post-thumbnail","hentry","category-novinky","category-uncategorized-cs","tag-silnice"],"_links":{"self":[{"href":"https:\/\/www.czechcyclingfederation.com\/en\/wp-json\/wp\/v2\/posts\/37758","targetHints":{"allow":["GET"]}}],"collection":[{"href":"https:\/\/www.czechcyclingfederation.com\/en\/wp-json\/wp\/v2\/posts"}],"about":[{"href":"https:\/\/www.czechcyclingfederation.com\/en\/wp-json\/wp\/v2\/types\/post"}],"author":[{"embeddable":true,"href":"https:\/\/www.czechcyclingfederation.com\/en\/wp-json\/wp\/v2\/users\/30"}],"replies":[{"embeddable":true,"href":"https:\/\/www.czechcyclingfederation.com\/en\/wp-json\/wp\/v2\/comments?post=37758"}],"version-history":[{"count":3,"href":"https:\/\/www.czechcyclingfederation.com\/en\/wp-json\/wp\/v2\/posts\/37758\/revisions"}],"predecessor-version":[{"id":37772,"href":"https:\/\/www.czechcyclingfederation.com\/en\/wp-json\/wp\/v2\/posts\/37758\/revisions\/37772"}],"wp:featuredmedia":[{"embeddable":true,"href":"https:\/\/www.czechcyclingfederation.com\/en\/wp-json\/wp\/v2\/media\/37764"}],"wp:attachment":[{"href":"https:\/\/www.czechcyclingfederation.com\/en\/wp-json\/wp\/v2\/media?parent=37758"}],"wp:term":[{"taxonomy":"category","embeddable":true,"href":"https:\/\/www.czechcyclingfederation.com\/en\/wp-json\/wp\/v2\/categories?post=37758"},{"taxonomy":"post_tag","embeddable":true,"href":"https:\/\/www.czechcyclingfederation.com\/en\/wp-json\/wp\/v2\/tags?post=37758"}],"curies":[{"name":"wp","href":"https:\/\/api.w.org\/{rel}","templated":true}]}}