{"id":37745,"date":"2025-09-22T18:12:07","date_gmt":"2025-09-22T16:12:07","guid":{"rendered":"https:\/\/www.czechcyclingfederation.com\/?p=37745"},"modified":"2025-09-22T20:18:03","modified_gmt":"2025-09-22T18:18:03","slug":"kopecky-a-monti-v-casovkach-u23-tesne-za-dvacitkou","status":"publish","type":"post","link":"https:\/\/www.czechcyclingfederation.com\/en\/kopecky-a-monti-v-casovkach-u23-tesne-za-dvacitkou\/","title":{"rendered":"Kopeck\u00fd a Monti v\u00a0\u010dasovk\u00e1ch U23 t\u011bsn\u011b za dvac\u00edtkou"},"content":{"rendered":"\n<p><strong>Julia Kopeck\u00fd<\/strong> a <strong>Alberto Carlo Monti<\/strong> vstoupili v&nbsp;\u010dasovk\u00e1ch kategori\u00ed U23 jako prvn\u00ed \u010de\u0161t\u00ed reprezentanti do mistrovstv\u00ed sv\u011bta v&nbsp;silni\u010dn\u00ed cyklistice ve rwandsk\u00e9m Kigali. Oba skon\u010dili t\u011bsn\u011b za top 20: Kopeck\u00fd byla 22., Monti 23.<\/p>\n\n\n\n<p>Tituly z\u00edskali \u0160v\u00e9d Jakob S\u00f6derqvist a Britka Zoe B\u00e4ckstedtov\u00e1. V\u00a0\u010dasovce \u017een U23 se zaskv\u011bl i obrovsk\u00fd talent slovensk\u00e9 cyklistiky Vikt\u00f3ria Chlado\u0148ov\u00e1. V\u00a018 letech byla nejmlad\u0161\u00ed ze 46 startuj\u00edc\u00edch, p\u0159esto dok\u00e1zala vybojovat fantastick\u00e9 st\u0159\u00edbro. Na v\u00edt\u011bzku ztratila na trase dlouh\u00e9 22,6 km 1:50 min.<\/p>\n\n\n\n<p>Julia Kopeck\u00fd zaostala o 4:44 min. a p\u0159\u00edli\u0161 spokojena nebyla, proto\u017ee myslela v\u00fd\u0161. <em>&#8220;Dneska to prost\u011b nebyl m\u016fj den. P\u0159i rozj\u00ed\u017ed\u011bn\u00ed jsem se c\u00edtila dob\u0159e, ale na trati p\u0159i\u0161el prvn\u00ed kopec a v\u016fbec mi nejely nohy,&#8221;<\/em> \u0159ekla Julia.<\/p>\n\n\n\n<figure class=\"wp-block-image size-large\"><img loading=\"lazy\" decoding=\"async\" width=\"1024\" height=\"683\" src=\"https:\/\/www.czechcyclingfederation.com\/wp-content\/uploads\/2025\/09\/monti-2-1024x683.jpg\" alt=\"\" class=\"wp-image-37749\" srcset=\"https:\/\/www.czechcyclingfederation.com\/wp-content\/uploads\/2025\/09\/monti-2-1024x683.jpg 1024w, https:\/\/www.czechcyclingfederation.com\/wp-content\/uploads\/2025\/09\/monti-2-300x200.jpg 300w, https:\/\/www.czechcyclingfederation.com\/wp-content\/uploads\/2025\/09\/monti-2-768x512.jpg 768w, https:\/\/www.czechcyclingfederation.com\/wp-content\/uploads\/2025\/09\/monti-2-1536x1024.jpg 1536w, https:\/\/www.czechcyclingfederation.com\/wp-content\/uploads\/2025\/09\/monti-2-2048x1366.jpg 2048w, https:\/\/www.czechcyclingfederation.com\/wp-content\/uploads\/2025\/09\/monti-2-1320x880.jpg 1320w\" sizes=\"auto, (max-width: 1024px) 100vw, 1024px\" \/><\/figure>\n\n\n\n<p>Alberto Carlo Monti ztratil na \u0161v\u00e9dsk\u00e9ho \u0161ampi\u00f3na 4:01 min. <em>\u201eZe za\u010d\u00e1tku jsem to asi tro\u0161ku p\u0159ep\u00e1lil, na konci u\u017e mi tro\u0161ku doch\u00e1zely s\u00edly. Hlavn\u011b na fin\u00e1ln\u00edm kopci po kostk\u00e1ch. M\u011bl jsem tam i n\u011bjak\u00e9 technick\u00e9 probl\u00e9my. Dvakr\u00e1t mi spadl \u0159et\u011bz, asi jsem \u0161patn\u011b za\u0159adil. Ale s&nbsp;v\u00fdkonem jsem spokojen, um\u00edst\u011bn\u00ed mohlo b\u00fdt tro\u0161ku lep\u0161\u00ed. Ta dvac\u00edtka by byla fajn. Ale byla to teprve moje druh\u00e1 dlouh\u00e1 \u010dasovka v&nbsp;\u017eivot\u011b, tak\u017ee mus\u00edm b\u00fdt v&nbsp;klidu,\u201c<\/em> \u0159ekl leto\u0161n\u00ed vicemistr republiky v&nbsp;\u010dasovce U23 Monti.<\/p>\n\n\n\n<figure class=\"wp-block-image size-large\"><img loading=\"lazy\" decoding=\"async\" width=\"1024\" height=\"683\" src=\"https:\/\/www.czechcyclingfederation.com\/wp-content\/uploads\/2025\/09\/monti-1024x683.jpg\" alt=\"\" class=\"wp-image-37751\" srcset=\"https:\/\/www.czechcyclingfederation.com\/wp-content\/uploads\/2025\/09\/monti-1024x683.jpg 1024w, https:\/\/www.czechcyclingfederation.com\/wp-content\/uploads\/2025\/09\/monti-300x200.jpg 300w, https:\/\/www.czechcyclingfederation.com\/wp-content\/uploads\/2025\/09\/monti-768x512.jpg 768w, https:\/\/www.czechcyclingfederation.com\/wp-content\/uploads\/2025\/09\/monti-1536x1024.jpg 1536w, https:\/\/www.czechcyclingfederation.com\/wp-content\/uploads\/2025\/09\/monti-2048x1365.jpg 2048w, https:\/\/www.czechcyclingfederation.com\/wp-content\/uploads\/2025\/09\/monti-1320x880.jpg 1320w\" sizes=\"auto, (max-width: 1024px) 100vw, 1024px\" \/><\/figure>\n\n\n\n<p>Te\u010f ho \u010dek\u00e1 je\u0161t\u011b silni\u010dn\u00ed z\u00e1vod. <em>\u201eV kopc\u00edch jsem docela dobr\u00fd, tak by mi tra\u0165 m\u011bla vyhovovat. V\u011b\u0159\u00edm, \u017ee se potk\u00e1m s&nbsp;formou a dojedu co nejl\u00edp. D\u00e1m do toho v\u0161echno,\u201c <\/em>sl\u00edbil \u010desk\u00fd reprezentant.<\/p>\n\n\n\n<figure class=\"wp-block-image size-large\"><img loading=\"lazy\" decoding=\"async\" width=\"1024\" height=\"683\" src=\"https:\/\/www.czechcyclingfederation.com\/wp-content\/uploads\/2025\/09\/monti-3-1024x683.jpg\" alt=\"\" class=\"wp-image-37753\" srcset=\"https:\/\/www.czechcyclingfederation.com\/wp-content\/uploads\/2025\/09\/monti-3-1024x683.jpg 1024w, https:\/\/www.czechcyclingfederation.com\/wp-content\/uploads\/2025\/09\/monti-3-300x200.jpg 300w, https:\/\/www.czechcyclingfederation.com\/wp-content\/uploads\/2025\/09\/monti-3-768x512.jpg 768w, https:\/\/www.czechcyclingfederation.com\/wp-content\/uploads\/2025\/09\/monti-3-1536x1024.jpg 1536w, https:\/\/www.czechcyclingfederation.com\/wp-content\/uploads\/2025\/09\/monti-3-2048x1365.jpg 2048w, https:\/\/www.czechcyclingfederation.com\/wp-content\/uploads\/2025\/09\/monti-3-1320x880.jpg 1320w\" sizes=\"auto, (max-width: 1024px) 100vw, 1024px\" \/><\/figure>\n\n\n\n<p class=\"has-medium-font-size\"><strong>V\u00fdsledky \u010dasovek<\/strong><\/p>\n\n\n\n<p><strong>Mu\u017ei U23<\/strong> (31,2 km): 1. S\u00f6derqvist (\u0160v\u00e9d.) 38:24, 2. Pringle (N. Z\u00e9l.), 3. Decomble (Fr.) oba +1:04, &#8230;<strong>23. Monti<\/strong> (\u010cR) 4:01.<\/p>\n\n\n\n<p><strong>\u017deny U23<\/strong> (22,6 km): 1. B\u00e4ckstedtov\u00e1 (Brit.) 30:56, 2. Chlado\u0148ov\u00e1 (SR) +1:50, 3. Venturelliov\u00e1 (It.) +2:11, &#8230;<strong>22. J. Kopeck\u00fd<\/strong> (\u010cR) +4:44.<\/p>\n\n\n\n<p>Foto: Filip Bezd\u011bk<\/p>\n","protected":false},"excerpt":{"rendered":"<p>Julia Kopeck\u00fd a Alberto Carlo Monti vstoupili v&nbsp;\u010dasovk\u00e1ch kategori\u00ed U23 jako prvn\u00ed \u010de\u0161t\u00ed reprezentanti do mistrovstv\u00ed sv\u011bta v&nbsp;silni\u010dn\u00ed cyklistice ve rwandsk\u00e9m Kigali. Oba skon\u010dili t\u011bsn\u011b za top 20: Kopeck\u00fd byla 22., Monti 23. Tituly z\u00edskali \u0160v\u00e9d Jakob S\u00f6derqvist a Britka Zoe B\u00e4ckstedtov\u00e1. V\u00a0\u010dasovce \u017een U23 se zaskv\u011bl i obrovsk\u00fd talent slovensk\u00e9 cyklistiky Vikt\u00f3ria Chlado\u0148ov\u00e1. V\u00a018 [&hellip;]<\/p>\n","protected":false},"author":15,"featured_media":37747,"comment_status":"closed","ping_status":"open","sticky":false,"template":"","format":"standard","meta":{"footnotes":""},"categories":[2,18],"tags":[11],"class_list":["post-37745","post","type-post","status-publish","format-standard","has-post-thumbnail","hentry","category-novinky","category-silnice","tag-silnice"],"_links":{"self":[{"href":"https:\/\/www.czechcyclingfederation.com\/en\/wp-json\/wp\/v2\/posts\/37745","targetHints":{"allow":["GET"]}}],"collection":[{"href":"https:\/\/www.czechcyclingfederation.com\/en\/wp-json\/wp\/v2\/posts"}],"about":[{"href":"https:\/\/www.czechcyclingfederation.com\/en\/wp-json\/wp\/v2\/types\/post"}],"author":[{"embeddable":true,"href":"https:\/\/www.czechcyclingfederation.com\/en\/wp-json\/wp\/v2\/users\/15"}],"replies":[{"embeddable":true,"href":"https:\/\/www.czechcyclingfederation.com\/en\/wp-json\/wp\/v2\/comments?post=37745"}],"version-history":[{"count":3,"href":"https:\/\/www.czechcyclingfederation.com\/en\/wp-json\/wp\/v2\/posts\/37745\/revisions"}],"predecessor-version":[{"id":37756,"href":"https:\/\/www.czechcyclingfederation.com\/en\/wp-json\/wp\/v2\/posts\/37745\/revisions\/37756"}],"wp:featuredmedia":[{"embeddable":true,"href":"https:\/\/www.czechcyclingfederation.com\/en\/wp-json\/wp\/v2\/media\/37747"}],"wp:attachment":[{"href":"https:\/\/www.czechcyclingfederation.com\/en\/wp-json\/wp\/v2\/media?parent=37745"}],"wp:term":[{"taxonomy":"category","embeddable":true,"href":"https:\/\/www.czechcyclingfederation.com\/en\/wp-json\/wp\/v2\/categories?post=37745"},{"taxonomy":"post_tag","embeddable":true,"href":"https:\/\/www.czechcyclingfederation.com\/en\/wp-json\/wp\/v2\/tags?post=37745"}],"curies":[{"name":"wp","href":"https:\/\/api.w.org\/{rel}","templated":true}]}}