{"id":37705,"date":"2025-09-20T00:07:07","date_gmt":"2025-09-19T22:07:07","guid":{"rendered":"https:\/\/www.czechcyclingfederation.com\/?p=37705"},"modified":"2025-09-20T08:11:30","modified_gmt":"2025-09-20T06:11:30","slug":"omnium-na-prilbe-moravy-vyhral-dan-storm-bartova-druha","status":"publish","type":"post","link":"https:\/\/www.czechcyclingfederation.com\/en\/omnium-na-prilbe-moravy-vyhral-dan-storm-bartova-druha\/","title":{"rendered":"Omnium na P\u0159ilb\u011b Moravy vyhr\u00e1l D\u00e1n Storm, B\u00e1rtov\u00e1 druh\u00e1"},"content":{"rendered":"\n<p>Druh\u00fdm dnem zakon\u010dili dr\u00e1hov\u00ed cyklist\u00e9 P\u0159ilbu Moravy z\u00e1vody v\u00a0olympijsk\u00e9m omniu. V\u00a0podniku prvn\u00ed kategorie kalend\u00e1\u0159e UCI mezi mu\u017ei vyhr\u00e1l d\u00e1nsk\u00fd jezdec Theodor Storm.\u00a0 V\u00a0z\u00e1vodu \u017een byla nejlep\u0161\u00ed Megan Jastrabov\u00e1 z\u00a0USA, Gabriela B\u00e1rtov\u00e1 vybojovala druh\u00e9 m\u00edsto.<\/p>\n\n\n\n<p>Z\u00e1vod mu\u017e\u016f opanovali D\u00e1nov\u00e9. Spolu se Stormem vystoupili na stupn\u011b v\u00edt\u011bz\u016f jeho krajan\u00e9 Norman Lasse Leth a Robin Skivild. Nejlep\u0161\u00ed z&nbsp;dom\u00e1c\u00edch z\u00e1vodn\u00edk\u016f byl Maty\u00e1\u0161 Kobl\u00ed\u017eek na p\u00e1t\u00e9m m\u00edst\u011b, Viktor Pad\u011blek skon\u010dil dev\u00e1t\u00fd.<\/p>\n\n\n\n<figure class=\"wp-block-image size-large\"><img loading=\"lazy\" decoding=\"async\" width=\"1024\" height=\"683\" src=\"http:\/\/www.czechcyclingfederation.com\/wp-content\/uploads\/2025\/09\/BrychtaJan_Prilba_Moravy_20250919_171051_DSC_1134-1024x683.jpg\" alt=\"\" class=\"wp-image-37706\" srcset=\"https:\/\/www.czechcyclingfederation.com\/wp-content\/uploads\/2025\/09\/BrychtaJan_Prilba_Moravy_20250919_171051_DSC_1134-1024x683.jpg 1024w, https:\/\/www.czechcyclingfederation.com\/wp-content\/uploads\/2025\/09\/BrychtaJan_Prilba_Moravy_20250919_171051_DSC_1134-300x200.jpg 300w, https:\/\/www.czechcyclingfederation.com\/wp-content\/uploads\/2025\/09\/BrychtaJan_Prilba_Moravy_20250919_171051_DSC_1134-768x512.jpg 768w, https:\/\/www.czechcyclingfederation.com\/wp-content\/uploads\/2025\/09\/BrychtaJan_Prilba_Moravy_20250919_171051_DSC_1134-1536x1024.jpg 1536w, https:\/\/www.czechcyclingfederation.com\/wp-content\/uploads\/2025\/09\/BrychtaJan_Prilba_Moravy_20250919_171051_DSC_1134-2048x1366.jpg 2048w, https:\/\/www.czechcyclingfederation.com\/wp-content\/uploads\/2025\/09\/BrychtaJan_Prilba_Moravy_20250919_171051_DSC_1134-1320x880.jpg 1320w\" sizes=\"auto, (max-width: 1024px) 100vw, 1024px\" \/><\/figure>\n\n\n\n<p>V\u00edce se da\u0159ilo \u010desk\u00fdm \u017een\u00e1m. Za v\u00edt\u011bznou Jastrabovou druh\u00e1 B\u00e1rtov\u00e1 zaostala o \u010dty\u0159i body, t\u0159et\u00ed Petra \u0160ev\u010d\u00edkov\u00e1 zaostala o dal\u0161\u00edch deset bod\u016f. Do elitn\u00ed des\u00edtky se dostaly je\u0161t\u011b p\u00e1t\u00e1 Jarmila Macha\u010dov\u00e1, \u0161est\u00e1 Be\u00e1ta Hermanov\u00e1, dev\u00e1t\u00e1 Hana Rugovac a des\u00e1t\u00e1 Veronika Barton\u00edkov\u00e1.<\/p>\n\n\n\n<p>V\u00fdsledky:<\/p>\n\n\n\n<p>Omnium:<\/p>\n\n\n\n<p>Mu\u017ei:<\/p>\n\n\n\n<p>1. Storm 145, 2. Leth 133, 3. Skivild (v\u0161ichni D\u00e1n.) 128, &#8230;5. M. Kobl\u00ed\u017eek 107, 9. Pad\u011blek (oba \u010cR) 63.<\/p>\n\n\n\n<p>\u017deny:<\/p>\n\n\n\n<p>1.Jastrabov\u00e1 (USA) 135, 2. B\u00e1rtov\u00e1 131, 3. \u0160ev\u010d\u00edkov\u00e1 121, &#8230;5. Macha\u010dov\u00e1 116, 6. Hermanov\u00e1 88, 9. Rugovac 82, 10. Barton\u00edkov\u00e1 (v\u0161echny \u010cR) 72.<\/p>\n\n\n\n<p>Junio\u0159i:<\/p>\n\n\n\n<p>1.Vr\u00e1na (\u010cR) 132, 2. Cesnek (SR) 125, 3. Frajbi\u0161 (\u010cR) 117.<\/p>\n\n\n\n<figure class=\"wp-block-image size-large\"><img loading=\"lazy\" decoding=\"async\" width=\"1024\" height=\"683\" src=\"https:\/\/www.czechcyclingfederation.com\/wp-content\/uploads\/2025\/09\/BrychtaJan_Prilba_Moravy_20250919_163244_DSC_1010-1024x683.jpg\" alt=\"\" class=\"wp-image-37710\" srcset=\"https:\/\/www.czechcyclingfederation.com\/wp-content\/uploads\/2025\/09\/BrychtaJan_Prilba_Moravy_20250919_163244_DSC_1010-1024x683.jpg 1024w, https:\/\/www.czechcyclingfederation.com\/wp-content\/uploads\/2025\/09\/BrychtaJan_Prilba_Moravy_20250919_163244_DSC_1010-300x200.jpg 300w, https:\/\/www.czechcyclingfederation.com\/wp-content\/uploads\/2025\/09\/BrychtaJan_Prilba_Moravy_20250919_163244_DSC_1010-768x512.jpg 768w, https:\/\/www.czechcyclingfederation.com\/wp-content\/uploads\/2025\/09\/BrychtaJan_Prilba_Moravy_20250919_163244_DSC_1010-1536x1024.jpg 1536w, https:\/\/www.czechcyclingfederation.com\/wp-content\/uploads\/2025\/09\/BrychtaJan_Prilba_Moravy_20250919_163244_DSC_1010-2048x1366.jpg 2048w, https:\/\/www.czechcyclingfederation.com\/wp-content\/uploads\/2025\/09\/BrychtaJan_Prilba_Moravy_20250919_163244_DSC_1010-1320x880.jpg 1320w\" sizes=\"auto, (max-width: 1024px) 100vw, 1024px\" \/><\/figure>\n\n\n\n<p>FOTO: Jan Brychta<\/p>\n","protected":false},"excerpt":{"rendered":"<p>Druh\u00fdm dnem zakon\u010dili dr\u00e1hov\u00ed cyklist\u00e9 P\u0159ilbu Moravy z\u00e1vody v\u00a0olympijsk\u00e9m omniu. V\u00a0podniku prvn\u00ed kategorie kalend\u00e1\u0159e UCI mezi mu\u017ei vyhr\u00e1l d\u00e1nsk\u00fd jezdec Theodor Storm.\u00a0 V\u00a0z\u00e1vodu \u017een byla nejlep\u0161\u00ed Megan Jastrabov\u00e1 z\u00a0USA, Gabriela B\u00e1rtov\u00e1 vybojovala druh\u00e9 m\u00edsto. Z\u00e1vod mu\u017e\u016f opanovali D\u00e1nov\u00e9. Spolu se Stormem vystoupili na stupn\u011b v\u00edt\u011bz\u016f jeho krajan\u00e9 Norman Lasse Leth a Robin Skivild. Nejlep\u0161\u00ed z&nbsp;dom\u00e1c\u00edch [&hellip;]<\/p>\n","protected":false},"author":8,"featured_media":37708,"comment_status":"closed","ping_status":"open","sticky":false,"template":"","format":"standard","meta":{"footnotes":""},"categories":[54,2],"tags":[9],"class_list":["post-37705","post","type-post","status-publish","format-standard","has-post-thumbnail","hentry","category-draha","category-novinky","tag-draha"],"_links":{"self":[{"href":"https:\/\/www.czechcyclingfederation.com\/en\/wp-json\/wp\/v2\/posts\/37705","targetHints":{"allow":["GET"]}}],"collection":[{"href":"https:\/\/www.czechcyclingfederation.com\/en\/wp-json\/wp\/v2\/posts"}],"about":[{"href":"https:\/\/www.czechcyclingfederation.com\/en\/wp-json\/wp\/v2\/types\/post"}],"author":[{"embeddable":true,"href":"https:\/\/www.czechcyclingfederation.com\/en\/wp-json\/wp\/v2\/users\/8"}],"replies":[{"embeddable":true,"href":"https:\/\/www.czechcyclingfederation.com\/en\/wp-json\/wp\/v2\/comments?post=37705"}],"version-history":[{"count":2,"href":"https:\/\/www.czechcyclingfederation.com\/en\/wp-json\/wp\/v2\/posts\/37705\/revisions"}],"predecessor-version":[{"id":37713,"href":"https:\/\/www.czechcyclingfederation.com\/en\/wp-json\/wp\/v2\/posts\/37705\/revisions\/37713"}],"wp:featuredmedia":[{"embeddable":true,"href":"https:\/\/www.czechcyclingfederation.com\/en\/wp-json\/wp\/v2\/media\/37708"}],"wp:attachment":[{"href":"https:\/\/www.czechcyclingfederation.com\/en\/wp-json\/wp\/v2\/media?parent=37705"}],"wp:term":[{"taxonomy":"category","embeddable":true,"href":"https:\/\/www.czechcyclingfederation.com\/en\/wp-json\/wp\/v2\/categories?post=37705"},{"taxonomy":"post_tag","embeddable":true,"href":"https:\/\/www.czechcyclingfederation.com\/en\/wp-json\/wp\/v2\/tags?post=37705"}],"curies":[{"name":"wp","href":"https:\/\/api.w.org\/{rel}","templated":true}]}}