{"id":37695,"date":"2025-09-18T21:59:58","date_gmt":"2025-09-18T19:59:58","guid":{"rendered":"https:\/\/www.czechcyclingfederation.com\/?p=37695"},"modified":"2025-09-19T07:13:39","modified_gmt":"2025-09-19T05:13:39","slug":"sevcikova-s-bartovou-vyhraly-prilbu-moravy","status":"publish","type":"post","link":"https:\/\/www.czechcyclingfederation.com\/en\/sevcikova-s-bartovou-vyhraly-prilbu-moravy\/","title":{"rendered":"\u0160ev\u010d\u00edkov\u00e1 s B\u00e1rtovou vyhr\u00e1ly P\u0159ilbu Moravy"},"content":{"rendered":"\n<p>Tradi\u010dn\u00ed dr\u00e1hov\u00e9 z\u00e1vody P\u0159ilba Moravy, kter\u00e9 jsou za\u0159azeny jako podnik prvn\u00ed kategorie v kalend\u00e1\u0159i Mezin\u00e1rodn\u00ed cyklistick\u00e9 unie (UCI), m\u011bly na \u00favod na programu z\u00e1vody v madisonu. A \u010desk\u00e9 reprezentantky Petra \u0160ev\u010d\u00edkov\u00e1 a Gabriela B\u00e1rtov\u00e1 v barv\u00e1ch Dukly Praha v nich slavily v\u00edt\u011bzstv\u00ed.<\/p>\n\n\n\n<p>Z\u00e1vod mu\u017e\u016f ovl\u00e1dli d\u00e1n\u0161t\u00ed jezdci Conrad Haugsted, Theodor Storm s 97 body p\u0159ed sv\u00fdmi krajany Skivildem a Lethem (81), t\u0159et\u00ed skon\u010dila dvojice TJ Favorit Brno Viktor Pad\u011blek s ma\u010farsk\u00fdm dr\u00e1ha\u0159em Bertoldem Drijverem s 55 body.<\/p>\n\n\n\n<p>V\u00fdsledky:<\/p>\n\n\n\n<p>Madison:<\/p>\n\n\n\n<p>\u017deny:<\/p>\n\n\n\n<p>1.\u0160ev\u010d\u00edkov\u00e1, B\u00e1rtov\u00e1 (Dukla Praha) 43, 2. Kozijev\u00e1, Jastrabov\u00e1 (Uzb.\/USA) 39, 3. V. Barton\u00edkov\u00e1, Pittnerov\u00e1 (Dukla Praha) 27.<\/p>\n\n\n\n<p>Mu\u017ei:<\/p>\n\n\n\n<p>1.Haugsted, Storm 97, 2. Skivild, Leth (v\u0161ichni D\u00e1n.) 81, 3. Viktor Pad\u011blek, Bertold Drijver (TJ Favorit Brno\/Ma\u010f.) 55, 4. Abshire, Winkler (USA\/D\u00e1n.) 25, 5. B\u00e1rta, M. Kobl\u00ed\u017eek (TUFO Pardus Prost\u011bjov) 16, 6. Rauschert, Vr\u00e1na (TUFO Pardus Prost\u011bjov) 2.<\/p>\n\n\n\n<p>FOTO: Milan Kadlec<\/p>\n","protected":false},"excerpt":{"rendered":"<p>Tradi\u010dn\u00ed dr\u00e1hov\u00e9 z\u00e1vody P\u0159ilba Moravy, kter\u00e9 jsou za\u0159azeny jako podnik prvn\u00ed kategorie v kalend\u00e1\u0159i Mezin\u00e1rodn\u00ed cyklistick\u00e9 unie (UCI), m\u011bly na \u00favod na programu z\u00e1vody v madisonu. A \u010desk\u00e9 reprezentantky Petra \u0160ev\u010d\u00edkov\u00e1 a Gabriela B\u00e1rtov\u00e1 v barv\u00e1ch Dukly Praha v nich slavily v\u00edt\u011bzstv\u00ed. Z\u00e1vod mu\u017e\u016f ovl\u00e1dli d\u00e1n\u0161t\u00ed jezdci Conrad Haugsted, Theodor Storm s 97 body p\u0159ed [&hellip;]<\/p>\n","protected":false},"author":8,"featured_media":37698,"comment_status":"closed","ping_status":"open","sticky":false,"template":"","format":"standard","meta":{"footnotes":""},"categories":[54,2],"tags":[9],"class_list":["post-37695","post","type-post","status-publish","format-standard","has-post-thumbnail","hentry","category-draha","category-novinky","tag-draha"],"_links":{"self":[{"href":"https:\/\/www.czechcyclingfederation.com\/en\/wp-json\/wp\/v2\/posts\/37695","targetHints":{"allow":["GET"]}}],"collection":[{"href":"https:\/\/www.czechcyclingfederation.com\/en\/wp-json\/wp\/v2\/posts"}],"about":[{"href":"https:\/\/www.czechcyclingfederation.com\/en\/wp-json\/wp\/v2\/types\/post"}],"author":[{"embeddable":true,"href":"https:\/\/www.czechcyclingfederation.com\/en\/wp-json\/wp\/v2\/users\/8"}],"replies":[{"embeddable":true,"href":"https:\/\/www.czechcyclingfederation.com\/en\/wp-json\/wp\/v2\/comments?post=37695"}],"version-history":[{"count":2,"href":"https:\/\/www.czechcyclingfederation.com\/en\/wp-json\/wp\/v2\/posts\/37695\/revisions"}],"predecessor-version":[{"id":37702,"href":"https:\/\/www.czechcyclingfederation.com\/en\/wp-json\/wp\/v2\/posts\/37695\/revisions\/37702"}],"wp:featuredmedia":[{"embeddable":true,"href":"https:\/\/www.czechcyclingfederation.com\/en\/wp-json\/wp\/v2\/media\/37698"}],"wp:attachment":[{"href":"https:\/\/www.czechcyclingfederation.com\/en\/wp-json\/wp\/v2\/media?parent=37695"}],"wp:term":[{"taxonomy":"category","embeddable":true,"href":"https:\/\/www.czechcyclingfederation.com\/en\/wp-json\/wp\/v2\/categories?post=37695"},{"taxonomy":"post_tag","embeddable":true,"href":"https:\/\/www.czechcyclingfederation.com\/en\/wp-json\/wp\/v2\/tags?post=37695"}],"curies":[{"name":"wp","href":"https:\/\/api.w.org\/{rel}","templated":true}]}}