{"id":37649,"date":"2025-09-14T21:06:21","date_gmt":"2025-09-14T19:06:21","guid":{"rendered":"https:\/\/www.czechcyclingfederation.com\/?p=37649"},"modified":"2025-09-14T21:07:41","modified_gmt":"2025-09-14T19:07:41","slug":"neuman-sampionem-serialu-skoda-cup-2025","status":"publish","type":"post","link":"https:\/\/www.czechcyclingfederation.com\/en\/neuman-sampionem-serialu-skoda-cup-2025\/","title":{"rendered":"Neuman \u0161ampionem seri\u00e1lu \u0160koda Cup 2025"},"content":{"rendered":"\n<p><strong>Dominik Neuman z ATT Investments je v\u00edt\u011bzem seri\u00e1lu \u0160koda Cup 2025. Na tr\u016fnu vyst\u0159\u00eddal Jakuba Otrubu, b\u00fdval\u00e9ho t\u00fdmov\u00e9ho kolegu, kter\u00fd tuzemsk\u00e9 poh\u00e1rov\u00e9 sc\u00e9n\u011b vl\u00e1dl v letech 2023 i 2024 a nyn\u00ed jezd\u00ed ve \u0161pan\u011blsk\u00e9m Caja Rural. V\u00edt\u011bzem z\u00e1v\u011bre\u010dn\u00e9ho podniku v J\u00edvov\u00e9 se stal Mat\u00fa\u0161 \u0160to\u010dek z formace Elkov Kasper.<\/strong><\/p>\n\n\n\n<p>Dev\u011btadvacetilet\u00fd brn\u011bnsk\u00fd rod\u00e1k Dominik Neuman vstupoval do z\u00e1v\u011bre\u010dn\u00e9ho d\u011bjstv\u00ed \u0160koda Cupu jako vedouc\u00ed mu\u017e seri\u00e1lu. A body za druh\u00e9 m\u00edsto v J\u00edvov\u00e9 mu v pohod\u011b sta\u010dily na celkov\u00fd triumf. &#8220;Na zvln\u011bn\u00e9m okruhu s dv\u011bma t\u00e1hl\u00fdmi kopci jsme cht\u011bli ud\u011blat z\u00e1vod hodn\u011b t\u011b\u017ek\u00fd, abychom ostatn\u00ed kluky unavili. Na\u0161\u00edm c\u00edlem bylo nechat odjet \u00fanik, kter\u00fd by pobral maximum bod\u016f a pro spurtuj\u00edc\u00ed skupinu u\u017e moc nezbylo. Nakonec byl sc\u00e9n\u00e1\u0159 tro\u0161ku jin\u00fd. \u0160imon Van\u00ed\u010dek mi p\u0159i hromadn\u00e9m dojezdu skv\u011ble rozjel spurt a j\u00e1 druh\u00fdm m\u00edstem potvrdil prvenstv\u00ed,&#8221; ohl\u00ed\u017eel se za bitvou v J\u00edvov\u00e9 Dominik Neuman z ATT Investments.<\/p>\n\n\n\n<figure class=\"wp-block-image size-large\"><img loading=\"lazy\" decoding=\"async\" width=\"1024\" height=\"683\" src=\"http:\/\/www.czechcyclingfederation.com\/wp-content\/uploads\/2025\/09\/vitez-zavodu-Stocek-1024x683.jpg\" alt=\"\" class=\"wp-image-37652\" srcset=\"https:\/\/www.czechcyclingfederation.com\/wp-content\/uploads\/2025\/09\/vitez-zavodu-Stocek-1024x683.jpg 1024w, https:\/\/www.czechcyclingfederation.com\/wp-content\/uploads\/2025\/09\/vitez-zavodu-Stocek-300x200.jpg 300w, https:\/\/www.czechcyclingfederation.com\/wp-content\/uploads\/2025\/09\/vitez-zavodu-Stocek-768x512.jpg 768w, https:\/\/www.czechcyclingfederation.com\/wp-content\/uploads\/2025\/09\/vitez-zavodu-Stocek-1536x1024.jpg 1536w, https:\/\/www.czechcyclingfederation.com\/wp-content\/uploads\/2025\/09\/vitez-zavodu-Stocek-2048x1366.jpg 2048w, https:\/\/www.czechcyclingfederation.com\/wp-content\/uploads\/2025\/09\/vitez-zavodu-Stocek-1320x880.jpg 1320w\" sizes=\"auto, (max-width: 1024px) 100vw, 1024px\" \/><\/figure>\n\n\n\n<p>Prvenstv\u00ed v \u0161est\u00e9m podniku sezony slavil slovensk\u00fd cyklista Mat\u00fa\u0161 \u0160to\u010dek z Elkov Kasper. &#8220;Doufali jsme, \u017ee m\u016f\u017eeme vyhr\u00e1t celkov\u00e9 po\u0159ad\u00ed s Jakubem \u0164oupal\u00edkem. Proto jsme velkou \u010d\u00e1st z\u00e1vodu tahali a ur\u010dovali tempo. Jen\u017ee nebylo moc m\u00edst, kde pole roztrhat. Ani na v\u011btru to ne\u0161lo. Tak\u017ee jsme se zam\u011b\u0159ili na kontrolu z\u00e1vodu. Posledn\u00ed t\u0159i kola kluci z ATT hodn\u011b \u00fato\u010dili. Kdy\u017e v n\u00e1jezdu do posledn\u00edho kola nastoupil Voltr s Garnekem, sko\u010dil jsem jim do h\u00e1ku. Kdy\u017e zb\u00fdvalo p\u011bt set metr\u016f do c\u00edle, tak jsem situaci vyhodnotil, \u017ee n\u00e1s peloton nesjede. A o dal\u0161\u00edch t\u0159i sta metr\u016f pozd\u011bji jsem nastoupil, proto\u017ee na \u010dele bal\u00edku byl Dominik Neuman a j\u00e1 cht\u011bl, abychom ze z\u00e1vodu vyt\u011b\u017eili alespo\u0148 d\u00edl\u010d\u00ed v\u00edt\u011bzstv\u00ed,&#8221; vysv\u011btlil Mat\u00fa\u0161 \u0160to\u010dek, kter\u00fd k triumfu let\u011bl pr\u016fm\u011brnou rychlost\u00ed 41,8 kilometr\u016f<\/p>\n\n\n\n<figure class=\"wp-block-image size-large\"><img loading=\"lazy\" decoding=\"async\" width=\"1024\" height=\"683\" src=\"http:\/\/www.czechcyclingfederation.com\/wp-content\/uploads\/2025\/09\/top-3-pohar-celkove-1024x683.jpg\" alt=\"\" class=\"wp-image-37654\" srcset=\"https:\/\/www.czechcyclingfederation.com\/wp-content\/uploads\/2025\/09\/top-3-pohar-celkove-1024x683.jpg 1024w, https:\/\/www.czechcyclingfederation.com\/wp-content\/uploads\/2025\/09\/top-3-pohar-celkove-300x200.jpg 300w, https:\/\/www.czechcyclingfederation.com\/wp-content\/uploads\/2025\/09\/top-3-pohar-celkove-768x512.jpg 768w, https:\/\/www.czechcyclingfederation.com\/wp-content\/uploads\/2025\/09\/top-3-pohar-celkove-1536x1024.jpg 1536w, https:\/\/www.czechcyclingfederation.com\/wp-content\/uploads\/2025\/09\/top-3-pohar-celkove-2048x1366.jpg 2048w, https:\/\/www.czechcyclingfederation.com\/wp-content\/uploads\/2025\/09\/top-3-pohar-celkove-1320x880.jpg 1320w\" sizes=\"auto, (max-width: 1024px) 100vw, 1024px\" \/><\/figure>\n\n\n\n<p>Domink Neuman dojel druh\u00fd v \u00favodn\u00edm podniku seri\u00e1lu Velk\u00e1 B\u00edte\u0161-Brno-Velk\u00e1 B\u00edte\u0161, pak byl sedm\u00fd v Kr\u00e1sn\u00e9 L\u00edp\u011b, ovl\u00e1dl z\u00e1vod v \u010cesk\u00e9 Kamenici, fini\u0161oval t\u0159et\u00ed v Kyjovsk\u00e9m Slov\u00e1cku, dvan\u00e1ct\u00fd projel c\u00edlem p\u0159i p\u0159edposledn\u00edm d\u011bjstv\u00ed v Orlick\u00fdch hor\u00e1ch a nyn\u00ed druh\u00fd v J\u00edvov\u00e9. &#8220;N\u011bkter\u00e9 ze z\u00e1vod\u016f byly hodn\u011b n\u00e1ro\u010dn\u00e9 a dost vrcha\u0159sk\u00e9, co\u017e m\u011b jako sprinterovi nesed\u011blo. Ale dok\u00e1zal jsem bodovat pravideln\u011b, doj\u00ed\u017ed\u011bl jsem hodn\u011b na stupn\u011b v\u00edt\u011bz\u016f a jednou vyhr\u00e1l. Tak\u017ee v J\u00edvov\u00e9 jen zb\u00fdvalo, abych v\u0161e potvrdil,&#8221; rekapituloval pr\u016fb\u011bh seri\u00e1lu \u0160koda Cup 2025 jeho v\u00edt\u011bz.<\/p>\n\n\n\n<p>&#8220;Cel\u00fd rok jsme se usilovali o absolutn\u00ed v\u00edt\u011bzstv\u00ed. Byly to tro\u0161ku nervy a m\u011bli jsme i d\u00e1vku \u0161t\u011bst\u00ed. Ale vy\u0161lo to. A ovl\u00e1dli jsme i t\u00fdmovou sout\u011b\u017e, tak\u017ee jsme moc spokojen\u00ed. Ide\u00e1ln\u00ed te\u010dka za poh\u00e1rovou sezonou.&#8221;<\/p>\n\n\n\n<figure class=\"wp-block-image size-large\"><img loading=\"lazy\" decoding=\"async\" width=\"1024\" height=\"683\" src=\"http:\/\/www.czechcyclingfederation.com\/wp-content\/uploads\/2025\/09\/BrychtaJan_CP_Jivova_20250914_183826_850_3057-1024x683.jpg\" alt=\"\" class=\"wp-image-37650\" srcset=\"https:\/\/www.czechcyclingfederation.com\/wp-content\/uploads\/2025\/09\/BrychtaJan_CP_Jivova_20250914_183826_850_3057-1024x683.jpg 1024w, https:\/\/www.czechcyclingfederation.com\/wp-content\/uploads\/2025\/09\/BrychtaJan_CP_Jivova_20250914_183826_850_3057-300x200.jpg 300w, https:\/\/www.czechcyclingfederation.com\/wp-content\/uploads\/2025\/09\/BrychtaJan_CP_Jivova_20250914_183826_850_3057-768x512.jpg 768w, https:\/\/www.czechcyclingfederation.com\/wp-content\/uploads\/2025\/09\/BrychtaJan_CP_Jivova_20250914_183826_850_3057-1536x1024.jpg 1536w, https:\/\/www.czechcyclingfederation.com\/wp-content\/uploads\/2025\/09\/BrychtaJan_CP_Jivova_20250914_183826_850_3057-2048x1366.jpg 2048w, https:\/\/www.czechcyclingfederation.com\/wp-content\/uploads\/2025\/09\/BrychtaJan_CP_Jivova_20250914_183826_850_3057-1320x880.jpg 1320w\" sizes=\"auto, (max-width: 1024px) 100vw, 1024px\" \/><\/figure>\n\n\n\n<p><strong>\u0160koda Cup 2025 &#8211; J\u00edvov\u00e1 (160 km): <\/strong>1. \u0160to\u010dek (SR, Elkov Kasper) 3:49:31 hod., 2. Neuman (ATT Investments), 3. Van\u00ed\u010dek (ATT Investments), 4. J. \u0164oupal\u00edk (Elkov Kasper), 5. Garnek (Pol., Chrobry Scott Glogow), 6. Pol\u00e1k (Fany Gastro Integray) v\u0161. stejn\u00fd \u010das.<br><strong>Kone\u010dn\u00e9 po\u0159ad\u00ed seri\u00e1lu \u0160koda Cup 2025: <\/strong>1. Neuman (ATT Investments) 222 bod\u016f, 2. J. \u0164oupal\u00edk (Elkov Kasper) 194, 3. Turek (ATT Investments) 153, 4. \u0160. Zah\u00e1lka (Elkov Kasper) 129, 5. Je\u017eek (Brilon Racing) 115), 6. M. Zah\u00e1lka (Elkov Kasper) 111.<\/p>\n\n\n\n<p>Foto: Jan Brychta<\/p>\n","protected":false},"excerpt":{"rendered":"<p>Dominik Neuman z ATT Investments je v\u00edt\u011bzem seri\u00e1lu \u0160koda Cup 2025. Na tr\u016fnu vyst\u0159\u00eddal Jakuba Otrubu, b\u00fdval\u00e9ho t\u00fdmov\u00e9ho kolegu, kter\u00fd tuzemsk\u00e9 poh\u00e1rov\u00e9 sc\u00e9n\u011b vl\u00e1dl v letech 2023 i 2024 a nyn\u00ed jezd\u00ed ve \u0161pan\u011blsk\u00e9m Caja Rural. V\u00edt\u011bzem z\u00e1v\u011bre\u010dn\u00e9ho podniku v J\u00edvov\u00e9 se stal Mat\u00fa\u0161 \u0160to\u010dek z formace Elkov Kasper. Dev\u011btadvacetilet\u00fd brn\u011bnsk\u00fd rod\u00e1k Dominik Neuman vstupoval [&hellip;]<\/p>\n","protected":false},"author":30,"featured_media":37656,"comment_status":"closed","ping_status":"open","sticky":false,"template":"","format":"standard","meta":{"footnotes":""},"categories":[2,46],"tags":[11],"class_list":["post-37649","post","type-post","status-publish","format-standard","has-post-thumbnail","hentry","category-novinky","category-novinky-sportovni-centra","tag-silnice"],"_links":{"self":[{"href":"https:\/\/www.czechcyclingfederation.com\/en\/wp-json\/wp\/v2\/posts\/37649","targetHints":{"allow":["GET"]}}],"collection":[{"href":"https:\/\/www.czechcyclingfederation.com\/en\/wp-json\/wp\/v2\/posts"}],"about":[{"href":"https:\/\/www.czechcyclingfederation.com\/en\/wp-json\/wp\/v2\/types\/post"}],"author":[{"embeddable":true,"href":"https:\/\/www.czechcyclingfederation.com\/en\/wp-json\/wp\/v2\/users\/30"}],"replies":[{"embeddable":true,"href":"https:\/\/www.czechcyclingfederation.com\/en\/wp-json\/wp\/v2\/comments?post=37649"}],"version-history":[{"count":2,"href":"https:\/\/www.czechcyclingfederation.com\/en\/wp-json\/wp\/v2\/posts\/37649\/revisions"}],"predecessor-version":[{"id":37659,"href":"https:\/\/www.czechcyclingfederation.com\/en\/wp-json\/wp\/v2\/posts\/37649\/revisions\/37659"}],"wp:featuredmedia":[{"embeddable":true,"href":"https:\/\/www.czechcyclingfederation.com\/en\/wp-json\/wp\/v2\/media\/37656"}],"wp:attachment":[{"href":"https:\/\/www.czechcyclingfederation.com\/en\/wp-json\/wp\/v2\/media?parent=37649"}],"wp:term":[{"taxonomy":"category","embeddable":true,"href":"https:\/\/www.czechcyclingfederation.com\/en\/wp-json\/wp\/v2\/categories?post=37649"},{"taxonomy":"post_tag","embeddable":true,"href":"https:\/\/www.czechcyclingfederation.com\/en\/wp-json\/wp\/v2\/tags?post=37649"}],"curies":[{"name":"wp","href":"https:\/\/api.w.org\/{rel}","templated":true}]}}