{"id":37637,"date":"2025-09-14T20:49:02","date_gmt":"2025-09-14T18:49:02","guid":{"rendered":"https:\/\/www.czechcyclingfederation.com\/?p=37637"},"modified":"2025-09-14T20:49:05","modified_gmt":"2025-09-14T18:49:05","slug":"kvasnickova-nejlepsi-v-jivove-i-celkovou-vitezkou-mnd-cupu","status":"publish","type":"post","link":"https:\/\/www.czechcyclingfederation.com\/en\/kvasnickova-nejlepsi-v-jivove-i-celkovou-vitezkou-mnd-cupu\/","title":{"rendered":"Kvasni\u010dkov\u00e1 nejlep\u0161\u00ed v\u00a0J\u00edvov\u00e9 i celkovou v\u00edt\u011bzkou MND Cupu"},"content":{"rendered":"\n<p><strong>Eli\u0161ka Kvasni\u010dkov\u00e1<\/strong> (VIF Cycling Team) vyhr\u00e1la v&nbsp;\u017eensk\u00e9 elitn\u00ed kategorii z\u00e1v\u011bre\u010dn\u00fd z\u00e1vod MND Cupu \u2013 \u010cesk\u00e9ho poh\u00e1ru v&nbsp;silni\u010dn\u00ed cyklistice ml\u00e1de\u017ee a \u017een, kter\u00fd se jel v&nbsp;J\u00edvov\u00e9 u \u0160ternberku. A krom\u011b prvenstv\u00ed je i celkovou v\u00edt\u011bzkou seri\u00e1lu.<\/p>\n\n\n\n<p><em>\u201eZ dne\u0161n\u00edho v\u00edt\u011bzstv\u00ed m\u00e1m velikou radost. Z\u00e1vod se n\u00e1m povedl d\u00edky skv\u011bl\u00e9 pr\u00e1ci cel\u00e9ho t\u00fdmu. Z\u00e1rove\u0148 se poda\u0159ilo i v\u00edt\u011bzstv\u00ed a druh\u00e9 m\u00edsto v celkov\u00e9 klasifikaci MND cupu, pro m\u011b a Ver\u010du Jandovou, a v\u00edt\u011bzstv\u00ed v kategorii juniorek pro Karol\u00ednu \u0160picarovou. A tak\u00e9 v\u00edt\u011bzstv\u00ed v t\u00fdmech v kategorii \u017een. Z cel\u00e9 sez\u00f3ny m\u00e1m dobr\u00fd pocit a mysl\u00edm si, \u017ee to dopadlo nejl\u00e9pe, jak mohlo,\u201c<\/em> \u0159ekla Eli\u0161ka Kvasni\u010dkov\u00e1.<\/p>\n\n\n\n<p>Z\u00e1vod nem\u00e9n\u011b presti\u017en\u00ed juniorsk\u00e9 kategorie ovl\u00e1dl Slov\u00e1k <strong>Martin Halu\u0161ka<\/strong>, druh\u00fd skon\u010dil <strong>Adam Frajbi\u0161 <\/strong>z&nbsp;Dukly Praha a t\u0159et\u00ed <strong>Martin Icha<\/strong> (Mapei Merida Ka\u0148kovsk\u00fd). Celkov\u00fdm v\u00edt\u011bzem se stal <strong>Mat\u011bj Pit\u00e1k<\/strong> (Mapei Merida Ka\u0148kovsk\u00fd), kter\u00fd u\u017e nemohl b\u00fdt p\u0159edsti\u017een, tak\u017ee mohl v&nbsp;klidu p\u0159ijet v&nbsp;hlavn\u00edm poli na 19. m\u00edst\u011b.<\/p>\n\n\n\n<figure class=\"wp-block-image size-large\"><img loading=\"lazy\" decoding=\"async\" width=\"1024\" height=\"683\" src=\"https:\/\/www.czechcyclingfederation.com\/wp-content\/uploads\/2025\/09\/juniori-1024x683.jpg\" alt=\"\" class=\"wp-image-37646\" srcset=\"https:\/\/www.czechcyclingfederation.com\/wp-content\/uploads\/2025\/09\/juniori-1024x683.jpg 1024w, https:\/\/www.czechcyclingfederation.com\/wp-content\/uploads\/2025\/09\/juniori-300x200.jpg 300w, https:\/\/www.czechcyclingfederation.com\/wp-content\/uploads\/2025\/09\/juniori-768x512.jpg 768w, https:\/\/www.czechcyclingfederation.com\/wp-content\/uploads\/2025\/09\/juniori-1536x1024.jpg 1536w, https:\/\/www.czechcyclingfederation.com\/wp-content\/uploads\/2025\/09\/juniori-2048x1366.jpg 2048w, https:\/\/www.czechcyclingfederation.com\/wp-content\/uploads\/2025\/09\/juniori-1320x880.jpg 1320w\" sizes=\"auto, (max-width: 1024px) 100vw, 1024px\" \/><\/figure>\n\n\n\n<p><em>\u201eUjeli jsme celkem ne\u010dekan\u011b, dlouho jsme spolupracovali a pak se skupina za\u010dala d\u011blit. V\u011b\u0159il jsem si na z\u00e1v\u011bre\u010dn\u00fd sprint, ale bylo to t\u011b\u017ek\u00e9 a t\u011bsn\u00e9. M\u00e1lem jsem prohr\u00e1l, proto\u017ee jsem jel ze \u0161patn\u00e9 strany, ale vy\u0161lo to, tak\u017ee jsem spokojen\u00fd,\u201c<\/em> prohl\u00e1sil v\u00edt\u011bz z\u00e1vodu Martin Halu\u0161ka.<\/p>\n\n\n\n<p>A kdo slavil celkov\u00e9 prvenstv\u00ed v MND Cupu v&nbsp;dal\u0161\u00edch kategori\u00edch? Juniorky vyhr\u00e1la <strong>Karol\u00edna \u0160picarov\u00e1<\/strong> (VIF Cycling Team), kadety <strong>\u0160t\u011bp\u00e1n Kala\u0161<\/strong> (TJ Stadion Louny), kadetky <strong>Karol\u00edna Rothbauerov\u00e1 <\/strong>(Lyko Klub Prachatice), star\u0161\u00ed \u017e\u00e1ky <strong>Adam Jindr\u00e1k <\/strong>(Mapei Merida Ka\u0148kovsk\u00fd), star\u0161\u00ed \u017e\u00e1kyn\u011b <strong>Nela Dr\u00e1bkov\u00e1<\/strong> (Expres CZ \u2013 BMD Team Kol\u00edn), kategorii mlad\u0161\u00edch \u017e\u00e1k\u016f <strong>\u0160t\u011bp\u00e1n Hur\u00e1k<\/strong> (Auto \u0160koda Mlad\u00e1 Boleslav) a mlad\u0161\u00edch \u017e\u00e1ky\u0148 <strong>Emma H\u00e1jkov\u00e1<\/strong> (Favorit Brno).<\/p>\n\n\n\n<p class=\"has-medium-font-size\"><strong>P\u0159ehled v\u00fdsledk\u016f<\/strong><\/p>\n\n\n\n<p><strong>\u017deny <\/strong>(58 km): 1. Kvasni\u010dkov\u00e1 (VIF Cycling Team) 1:37:35, 2. Doud\u011brov\u00e1 (Dukla Praha) stejn\u00fd \u010das, 3. Jandov\u00e1 (VIF Cycling Team) +3, 4. Drbohlavov\u00e1 (Lawi Junior Team) +1:07, 5. Dubcov\u00e1 (VIF Cycling Team) +4:51. <strong>Kone\u010dn\u00e9 po\u0159ad\u00ed MND Cupu: <\/strong>1. Kvasni\u010dkov\u00e1 580, 2. Jandov\u00e1 451, 3. Panu\u0161ov\u00e1 (Brilon Racing Team MB) 431.<\/p>\n\n\n\n<p><strong>Junio\u0159i <\/strong>(72,6 km): 1. Halu\u0161ka (SR) 1:46:21, 2. Frajbi\u0161 (Dukla Praha) stejn\u00fd \u010das, 3. M. Icha (Mapei Merida Ka\u0148kovsk\u00fd) +20. <strong>Kone\u010dn\u00e9 po\u0159ad\u00ed MND Cupu: <\/strong>1. Pit\u00e1k (Mapei Merida Ka\u0148kovsk\u00fd) 774, 2. Mat\u011bjek (Dukla Praha) 674, 3. Ra\u0161ka (Mapei Merida Ka\u0148kovsk\u00fd) 550.<\/p>\n\n\n\n<p><strong>Juniorky <\/strong>(58,08): 1. Drhov\u00e1 (Brilon Racing Team MB) 1:37:33, 2. Jiroutkov\u00e1 (Lawi junior team), 3. \u0160picarov\u00e1 (VIF Cycling Team) ob\u011b stejn\u00fd \u010das. <strong>Kone\u010dn\u00e9 po\u0159ad\u00ed MND Cupu: <\/strong>1. \u0160picarov\u00e1 781, 2. Drhov\u00e1 745, 3. A. Han\u00e1kov\u00e1 (Hanak Sisters Cycling Academy) 584.<\/p>\n\n\n\n<p><strong>Kadeti<\/strong> (58 km): 1. Hlad\u00edk (Brilon Racing Team MB) 1:27:18. <strong>Kone\u010dn\u00e9 po\u0159ad\u00ed MND Cupu: <\/strong>1. Kala\u0161 (TJ Stadion Louny) 723.<\/p>\n\n\n\n<p><strong>Kadetky <\/strong>(43,56 km): 1. S\u00edtkov\u00e1 (ACK Star\u00e1 Ves nad Ond\u0159ejnic\u00ed) 1:12:21. <strong>Kone\u010dn\u00e9 po\u0159ad\u00ed MND Cupu: <\/strong>1. Rothbauerov\u00e1 (Lyko Klub Prachatice).<\/p>\n\n\n\n<p><strong>Star\u0161\u00ed \u017e\u00e1ci <\/strong>(43,56 km): 1. Jindr\u00e1k (Mapei Merida Ka\u0148kovsk\u00fd) 1:12:21. <strong>Kone\u010dn\u00e9 po\u0159ad\u00ed MND Cupu: <\/strong>1. Jindr\u00e1k 1&nbsp;151.<\/p>\n\n\n\n<p><strong>Star\u0161\u00ed \u017e\u00e1kyn\u011b <\/strong>(14,5 km): 1. Burs\u00edkov\u00e1 (Expres CZ \u2013 BMD Team Kol\u00edn) 24:50. <strong>Kone\u010dn\u00e9 po\u0159ad\u00ed MND Cupu: <\/strong>1. Dr\u00e1bkov\u00e1 (Expres CZ \u2013 BMD Team Kol\u00edn) 774.<\/p>\n\n\n\n<p><strong>Mlad\u0161\u00ed \u017e\u00e1ci <\/strong>(14,5 km): 1. Hur\u00e1k (Auto \u0160koda Mlad\u00e1 Boleslav) 24:49. <strong>Kone\u010dn\u00e9 po\u0159ad\u00ed MND Cupu: <\/strong>1. Hur\u00e1k 856.<\/p>\n\n\n\n<p><strong>Mlad\u0161\u00ed \u017e\u00e1kyn\u011b <\/strong>(14,5 km): 1. Dibl\u00edkov\u00e1 (SK \u017damberk Tessuti Sport) 25:38. <strong>Kone\u010dn\u00e9 po\u0159ad\u00ed MND Cupu: <\/strong>1. H\u00e1jkov\u00e1 (Favorit Brno) 814.<\/p>\n\n\n\n<p>Foto: Jan Brychta<\/p>\n","protected":false},"excerpt":{"rendered":"<p>Eli\u0161ka Kvasni\u010dkov\u00e1 (VIF Cycling Team) vyhr\u00e1la v&nbsp;\u017eensk\u00e9 elitn\u00ed kategorii z\u00e1v\u011bre\u010dn\u00fd z\u00e1vod MND Cupu \u2013 \u010cesk\u00e9ho poh\u00e1ru v&nbsp;silni\u010dn\u00ed cyklistice ml\u00e1de\u017ee a \u017een, kter\u00fd se jel v&nbsp;J\u00edvov\u00e9 u \u0160ternberku. A krom\u011b prvenstv\u00ed je i celkovou v\u00edt\u011bzkou seri\u00e1lu. \u201eZ dne\u0161n\u00edho v\u00edt\u011bzstv\u00ed m\u00e1m velikou radost. Z\u00e1vod se n\u00e1m povedl d\u00edky skv\u011bl\u00e9 pr\u00e1ci cel\u00e9ho t\u00fdmu. Z\u00e1rove\u0148 se poda\u0159ilo i v\u00edt\u011bzstv\u00ed [&hellip;]<\/p>\n","protected":false},"author":15,"featured_media":37644,"comment_status":"closed","ping_status":"open","sticky":false,"template":"","format":"standard","meta":{"footnotes":""},"categories":[2,18],"tags":[11],"class_list":["post-37637","post","type-post","status-publish","format-standard","has-post-thumbnail","hentry","category-novinky","category-silnice","tag-silnice"],"_links":{"self":[{"href":"https:\/\/www.czechcyclingfederation.com\/en\/wp-json\/wp\/v2\/posts\/37637","targetHints":{"allow":["GET"]}}],"collection":[{"href":"https:\/\/www.czechcyclingfederation.com\/en\/wp-json\/wp\/v2\/posts"}],"about":[{"href":"https:\/\/www.czechcyclingfederation.com\/en\/wp-json\/wp\/v2\/types\/post"}],"author":[{"embeddable":true,"href":"https:\/\/www.czechcyclingfederation.com\/en\/wp-json\/wp\/v2\/users\/15"}],"replies":[{"embeddable":true,"href":"https:\/\/www.czechcyclingfederation.com\/en\/wp-json\/wp\/v2\/comments?post=37637"}],"version-history":[{"count":2,"href":"https:\/\/www.czechcyclingfederation.com\/en\/wp-json\/wp\/v2\/posts\/37637\/revisions"}],"predecessor-version":[{"id":37648,"href":"https:\/\/www.czechcyclingfederation.com\/en\/wp-json\/wp\/v2\/posts\/37637\/revisions\/37648"}],"wp:featuredmedia":[{"embeddable":true,"href":"https:\/\/www.czechcyclingfederation.com\/en\/wp-json\/wp\/v2\/media\/37644"}],"wp:attachment":[{"href":"https:\/\/www.czechcyclingfederation.com\/en\/wp-json\/wp\/v2\/media?parent=37637"}],"wp:term":[{"taxonomy":"category","embeddable":true,"href":"https:\/\/www.czechcyclingfederation.com\/en\/wp-json\/wp\/v2\/categories?post=37637"},{"taxonomy":"post_tag","embeddable":true,"href":"https:\/\/www.czechcyclingfederation.com\/en\/wp-json\/wp\/v2\/tags?post=37637"}],"curies":[{"name":"wp","href":"https:\/\/api.w.org\/{rel}","templated":true}]}}