{"id":376,"date":"2020-04-28T03:32:59","date_gmt":"2020-04-28T01:32:59","guid":{"rendered":"http:\/\/www.czechcyclingfederation.com\/?p=376"},"modified":"2020-07-16T13:41:33","modified_gmt":"2020-07-16T11:41:33","slug":"trenuj-s-repre-draha-1-dil-jiri-jezek","status":"publish","type":"post","link":"https:\/\/www.czechcyclingfederation.com\/en\/trenuj-s-repre-draha-1-dil-jiri-jezek\/","title":{"rendered":"Tr\u00e9nuj s repre DR\u00c1HA &#8211; 1. d\u00edl Ji\u0159\u00ed Je\u017eek"},"content":{"rendered":"\n<p>Dne\u0161n\u00edm hostem projektu \u201eTr\u00e9nuj s repre!\u201c je Ji\u0159\u00ed Je\u017eek \u2013 \u201eJe\u017eura\u201c.<\/p>\n\n\n\n<p>Nej\u00fasp\u011b\u0161n\u011bj\u0161\u00ed cyklista sv\u011btov\u00e9 paralympijsk\u00e9 historie Ji\u0159\u00ed Je\u017eek z\u016fst\u00e1v\u00e1 i po ukon\u010den\u00ed z\u00e1vodn\u00ed kari\u00e9ry v pln\u00e9 kondici. Tr\u00e9ninkov\u00e9 d\u00e1vky lehce upravil a sn\u00ed\u017eil, oproti z\u00e1vodn\u00edmu obdob\u00ed si cyklistiku mnohem v\u00edce u\u017e\u00edv\u00e1. Ale sportuje pravideln\u011b, prakticky ka\u017ed\u00fd den. Kdy\u017e se mu nechce na kolo, nebo pokud ho kv\u016fli pr\u00e1ci nest\u00edh\u00e1, jde aspo\u0148 b\u011bhat. Sport a tr\u00e9nink Jirku prost\u011b bav\u00ed.<br><br>Ji\u0159\u00ed Je\u017eek se stal vyhled\u00e1van\u00fdm a respektovan\u00fdm ambasadorem sportu, je a poradcem d\u016fle\u017eit\u00fdch n\u00e1rodn\u00edch sportovn\u00edch instituc\u00ed na \u00farovni N\u00e1rodn\u00ed sportovn\u00ed agentury, ministerstev, \u010cOV, N\u00e1rodn\u00edho resortn\u00edho centra vrcholov\u00e9ho sportu ASC Dukla Praha i Hlavn\u00edho M\u011bsta Prahy. Tak\u00e9 se v\u011bnuje cel\u00e9 \u0159ad\u011b projekt\u016f pro \u0161irokou ve\u0159ejnost, jako nap\u0159. cyklistick\u00fd We Love Cycling nebo v\u0161esportovn\u00ed aplikace EPP &#8211; pom\u00e1hej pohybem.<br><br>Sv\u016fj \u017eivotn\u00ed p\u0159\u00edb\u011bh popsal v knize Frajer, kter\u00e1 i p\u0159es druh\u00e9, roz\u0161\u00ed\u0159en\u00e9 vyd\u00e1n\u00ed byla beznad\u011bjn\u011b vyprod\u00e1na.<br><br>Dal\u0161\u00ed informace naleznete n\u00ed\u017ee v p\u0159\u00edsp\u011bvku na Facebooku.<\/p>\n\n\n\n<figure><iframe loading=\"lazy\" allowfullscreen=\"true\" height=\"534\" src=\"https:\/\/www.facebook.com\/plugins\/video.php?href=https%3A%2F%2Fwww.facebook.com%2Fczechcyclingfederation%2Fvideos%2F536553706997930%2F&amp;show_text=1&amp;width=560\" width=\"560\"><\/iframe><\/figure>\n","protected":false},"excerpt":{"rendered":"<p>Dne\u0161n\u00edm hostem projektu \u201eTr\u00e9nuj s repre!\u201c je Ji\u0159\u00ed Je\u017eek \u2013 \u201eJe\u017eura\u201c. Nej\u00fasp\u011b\u0161n\u011bj\u0161\u00ed cyklista sv\u011btov\u00e9 paralympijsk\u00e9 historie Ji\u0159\u00ed Je\u017eek z\u016fst\u00e1v\u00e1 i po ukon\u010den\u00ed z\u00e1vodn\u00ed kari\u00e9ry v pln\u00e9 kondici. Tr\u00e9ninkov\u00e9 d\u00e1vky lehce upravil a sn\u00ed\u017eil, oproti z\u00e1vodn\u00edmu obdob\u00ed si cyklistiku mnohem v\u00edce u\u017e\u00edv\u00e1. Ale sportuje pravideln\u011b, prakticky ka\u017ed\u00fd den. Kdy\u017e se mu nechce na kolo, nebo pokud [&hellip;]<\/p>\n","protected":false},"author":1,"featured_media":377,"comment_status":"closed","ping_status":"open","sticky":false,"template":"","format":"standard","meta":{"footnotes":""},"categories":[54,2],"tags":[9],"class_list":["post-376","post","type-post","status-publish","format-standard","has-post-thumbnail","hentry","category-draha","category-novinky","tag-draha"],"_links":{"self":[{"href":"https:\/\/www.czechcyclingfederation.com\/en\/wp-json\/wp\/v2\/posts\/376","targetHints":{"allow":["GET"]}}],"collection":[{"href":"https:\/\/www.czechcyclingfederation.com\/en\/wp-json\/wp\/v2\/posts"}],"about":[{"href":"https:\/\/www.czechcyclingfederation.com\/en\/wp-json\/wp\/v2\/types\/post"}],"author":[{"embeddable":true,"href":"https:\/\/www.czechcyclingfederation.com\/en\/wp-json\/wp\/v2\/users\/1"}],"replies":[{"embeddable":true,"href":"https:\/\/www.czechcyclingfederation.com\/en\/wp-json\/wp\/v2\/comments?post=376"}],"version-history":[{"count":1,"href":"https:\/\/www.czechcyclingfederation.com\/en\/wp-json\/wp\/v2\/posts\/376\/revisions"}],"predecessor-version":[{"id":378,"href":"https:\/\/www.czechcyclingfederation.com\/en\/wp-json\/wp\/v2\/posts\/376\/revisions\/378"}],"wp:featuredmedia":[{"embeddable":true,"href":"https:\/\/www.czechcyclingfederation.com\/en\/wp-json\/wp\/v2\/media\/377"}],"wp:attachment":[{"href":"https:\/\/www.czechcyclingfederation.com\/en\/wp-json\/wp\/v2\/media?parent=376"}],"wp:term":[{"taxonomy":"category","embeddable":true,"href":"https:\/\/www.czechcyclingfederation.com\/en\/wp-json\/wp\/v2\/categories?post=376"},{"taxonomy":"post_tag","embeddable":true,"href":"https:\/\/www.czechcyclingfederation.com\/en\/wp-json\/wp\/v2\/tags?post=376"}],"curies":[{"name":"wp","href":"https:\/\/api.w.org\/{rel}","templated":true}]}}