{"id":37598,"date":"2025-09-12T18:42:16","date_gmt":"2025-09-12T16:42:16","guid":{"rendered":"https:\/\/www.czechcyclingfederation.com\/?p=37598"},"modified":"2025-09-12T18:42:33","modified_gmt":"2025-09-12T16:42:33","slug":"barbora-bukovska-ma-bronz-z-ms","status":"publish","type":"post","link":"https:\/\/www.czechcyclingfederation.com\/en\/barbora-bukovska-ma-bronz-z-ms\/","title":{"rendered":"Barbora Bukovsk\u00e1 m\u00e1 bronz z MS"},"content":{"rendered":"\n<p><strong>\u0160estn\u00e1ctilet\u00e1 Barbora Bukovsk\u00e1 vybojovala bronzovou medaili na mistrovstv\u00ed sv\u011bta horsk\u00fdch kol v z\u00e1vod\u011b cross country. P\u00e1te\u010dn\u00ed z\u00e1vod juniorek ve \u0161v\u00fdcarsk\u00e9 Crans Montan\u011b ovl\u00e1dla jednozna\u010dn\u011b Slovinka \u0160erkeziov\u00e1.<\/strong><\/p>\n\n\n\n<p>&#8220;Jela jsem suprov\u00fd z\u00e1vod krom\u011b druh\u00e9ho kola, kdy jsem m\u011bla lehkou krizi,&#8221; \u0159\u00edkala v c\u00edli Barbora Bukovsk\u00e1.<\/p>\n\n\n\n<p>Do z\u00e1vodu v Crans Montan\u011b dob\u0159e vstoupila a byla na medailov\u00fdch pozic\u00edch, v druh\u00e9m kole se v\u0161ak propadla na \u010dtvrtou p\u0159\u00ed\u010dku za Francouzku Revolovou.<\/p>\n\n\n\n<figure class=\"wp-block-image size-large\"><img loading=\"lazy\" decoding=\"async\" width=\"1024\" height=\"683\" src=\"http:\/\/www.czechcyclingfederation.com\/wp-content\/uploads\/2025\/09\/Bukovska2-1024x683.jpeg\" alt=\"\" class=\"wp-image-37601\" srcset=\"https:\/\/www.czechcyclingfederation.com\/wp-content\/uploads\/2025\/09\/Bukovska2-1024x683.jpeg 1024w, https:\/\/www.czechcyclingfederation.com\/wp-content\/uploads\/2025\/09\/Bukovska2-300x200.jpeg 300w, https:\/\/www.czechcyclingfederation.com\/wp-content\/uploads\/2025\/09\/Bukovska2-768x512.jpeg 768w, https:\/\/www.czechcyclingfederation.com\/wp-content\/uploads\/2025\/09\/Bukovska2-1536x1024.jpeg 1536w, https:\/\/www.czechcyclingfederation.com\/wp-content\/uploads\/2025\/09\/Bukovska2-2048x1366.jpeg 2048w, https:\/\/www.czechcyclingfederation.com\/wp-content\/uploads\/2025\/09\/Bukovska2-1320x880.jpeg 1320w\" sizes=\"auto, (max-width: 1024px) 100vw, 1024px\" \/><\/figure>\n\n\n\n<p>&#8220;Pro moji psychiku \u0161lo o \u0161patn\u00fd okam\u017eik. Ale \u0159\u00edkala jsem si, \u017ee soupe\u0159ku ur\u010dit\u011b p\u0159edjedu a medaili vybojuji. Nakonec m\u011bla defekt, co\u017e mi tro\u0161ku pomohlo,&#8221; vracela se \u010desk\u00e1 z\u00e1vodnice ke kritick\u00e9mu okam\u017eiku.<\/p>\n\n\n\n<p>Od t\u0159et\u00edho kola u\u017e se pohybovala na t\u0159et\u00ed p\u0159\u00ed\u010dce, kterou s p\u0159ehledem pohl\u00eddala a c\u00edlem projela o sedmadvacet sekund p\u0159ed pron\u00e1sledovatelkou.<\/p>\n\n\n\n<p>&#8220;Kdy\u017e jsem vid\u011bla, \u017ee m\u00e1 Revolov\u00e1 defekt, jela jsem naplno a zkusila bitvu o medaili rozhodnout ve sv\u016fj prosp\u011bch. Nav\u00edc u\u017e jsem se vzpamatovala z fyzick\u00e9 krize. Nohy povolily,&#8221; vypr\u00e1v\u011bla Barbora Bukovsk\u00e1, kter\u00e1 tak francouzsk\u00e9 soupe\u0159ce vr\u00e1tila por\u00e1\u017eku z leto\u0161n\u00edho mistrovstv\u00ed sv\u011bta v cyklokrosu. Tam dojela Revolov\u00e1 prvn\u00ed a \u010desk\u00e1 juniorka druh\u00e1.<\/p>\n\n\n\n<p>&#8220;Jak jsem se propracovala na stupn\u011b v\u00edt\u011bz\u016f, nakoplo m\u011b to. V z\u00e1v\u011bru jsem jela na jistotu, abych udr\u017eela medaili,&#8221; rekapitulovala bitvu z Crans Montany Barbora Bukovsk\u00e1.<\/p>\n\n\n\n<figure class=\"wp-block-image size-large\"><img loading=\"lazy\" decoding=\"async\" width=\"1024\" height=\"683\" src=\"http:\/\/www.czechcyclingfederation.com\/wp-content\/uploads\/2025\/09\/Bukovska3-1024x683.jpeg\" alt=\"\" class=\"wp-image-37599\" srcset=\"https:\/\/www.czechcyclingfederation.com\/wp-content\/uploads\/2025\/09\/Bukovska3-1024x683.jpeg 1024w, https:\/\/www.czechcyclingfederation.com\/wp-content\/uploads\/2025\/09\/Bukovska3-300x200.jpeg 300w, https:\/\/www.czechcyclingfederation.com\/wp-content\/uploads\/2025\/09\/Bukovska3-768x512.jpeg 768w, https:\/\/www.czechcyclingfederation.com\/wp-content\/uploads\/2025\/09\/Bukovska3-1536x1024.jpeg 1536w, https:\/\/www.czechcyclingfederation.com\/wp-content\/uploads\/2025\/09\/Bukovska3-2048x1366.jpeg 2048w, https:\/\/www.czechcyclingfederation.com\/wp-content\/uploads\/2025\/09\/Bukovska3-1320x880.jpeg 1320w\" sizes=\"auto, (max-width: 1024px) 100vw, 1024px\" \/><\/figure>\n\n\n\n<p>&#8220;P\u0159ed z\u00e1vodem jsem byla nerv\u00f3zn\u00ed, \u0161patn\u011b jsem spala. Ale byl to p\u0159irozen\u00fd stres. Ted jsem maxim\u00e1ln\u011b spokojen\u00e1,&#8221; usm\u00edvala se \u010desk\u00e1 z\u00e1vodnice s medail\u00ed na krku.<\/p>\n\n\n\n<p>Barbora Bukovsk\u00e1 vybojovala pro \u010desk\u00e9 barvy v olympijsk\u00e9m cross country prvn\u00ed medaili od roku 2020, kdy byla Aneta Novotn\u00e1 t\u0159et\u00ed rovn\u011b\u017e mezi juniorkami p\u0159i MS v Rakousku.<\/p>\n\n\n\n<p>V z\u00e1vod\u011b junior\u016f vybojoval Kry\u0161tof Ba\u017eant sedmn\u00e1ctou p\u0159\u00ed\u010dku. Titul z\u00edskal z dlouho nesm\u00edrn\u011b vyrovnan\u00e9ho z\u00e1vodu osmn\u00e1ctilet\u00fd Francouz Lucas Teste.<\/p>\n\n\n\n<p><strong>V\u00fdsledky MS &#8211; cross country, juniorky:<\/strong> 1. \u0160erkeziov\u00e1 (Slov.) 1:01:27 min., 2. Grossmannov\u00e1 (\u0160v\u00fdc.) +1:13 min., 3. Bukovsk\u00e1 +2:50 min., \u202617. Gottwaldov\u00e1 +7:11, 22. Grohov\u00e1 (v\u0161echny \u010cR) +7:54<\/p>\n\n\n\n<p><strong>Junio\u0159i<\/strong>: 1. Teste (Fr..) 1:14:49 hod., 2. Suren (Nam.) +11, 3. Iten (\u0160v\u00fdc.) +31, \u202617. Ba\u017eant (\u010cR) +3:51 min.<\/p>\n\n\n\n<p>Foto: Filip Bezd\u011bk<\/p>\n","protected":false},"excerpt":{"rendered":"<p>\u0160estn\u00e1ctilet\u00e1 Barbora Bukovsk\u00e1 vybojovala bronzovou medaili na mistrovstv\u00ed sv\u011bta horsk\u00fdch kol v z\u00e1vod\u011b cross country. P\u00e1te\u010dn\u00ed z\u00e1vod juniorek ve \u0161v\u00fdcarsk\u00e9 Crans Montan\u011b ovl\u00e1dla jednozna\u010dn\u011b Slovinka \u0160erkeziov\u00e1. &#8220;Jela jsem suprov\u00fd z\u00e1vod krom\u011b druh\u00e9ho kola, kdy jsem m\u011bla lehkou krizi,&#8221; \u0159\u00edkala v c\u00edli Barbora Bukovsk\u00e1. Do z\u00e1vodu v Crans Montan\u011b dob\u0159e vstoupila a byla na medailov\u00fdch pozic\u00edch, [&hellip;]<\/p>\n","protected":false},"author":30,"featured_media":37603,"comment_status":"closed","ping_status":"open","sticky":false,"template":"","format":"standard","meta":{"footnotes":""},"categories":[2],"tags":[10],"class_list":["post-37598","post","type-post","status-publish","format-standard","has-post-thumbnail","hentry","category-novinky","tag-mtb"],"_links":{"self":[{"href":"https:\/\/www.czechcyclingfederation.com\/en\/wp-json\/wp\/v2\/posts\/37598","targetHints":{"allow":["GET"]}}],"collection":[{"href":"https:\/\/www.czechcyclingfederation.com\/en\/wp-json\/wp\/v2\/posts"}],"about":[{"href":"https:\/\/www.czechcyclingfederation.com\/en\/wp-json\/wp\/v2\/types\/post"}],"author":[{"embeddable":true,"href":"https:\/\/www.czechcyclingfederation.com\/en\/wp-json\/wp\/v2\/users\/30"}],"replies":[{"embeddable":true,"href":"https:\/\/www.czechcyclingfederation.com\/en\/wp-json\/wp\/v2\/comments?post=37598"}],"version-history":[{"count":2,"href":"https:\/\/www.czechcyclingfederation.com\/en\/wp-json\/wp\/v2\/posts\/37598\/revisions"}],"predecessor-version":[{"id":37606,"href":"https:\/\/www.czechcyclingfederation.com\/en\/wp-json\/wp\/v2\/posts\/37598\/revisions\/37606"}],"wp:featuredmedia":[{"embeddable":true,"href":"https:\/\/www.czechcyclingfederation.com\/en\/wp-json\/wp\/v2\/media\/37603"}],"wp:attachment":[{"href":"https:\/\/www.czechcyclingfederation.com\/en\/wp-json\/wp\/v2\/media?parent=37598"}],"wp:term":[{"taxonomy":"category","embeddable":true,"href":"https:\/\/www.czechcyclingfederation.com\/en\/wp-json\/wp\/v2\/categories?post=37598"},{"taxonomy":"post_tag","embeddable":true,"href":"https:\/\/www.czechcyclingfederation.com\/en\/wp-json\/wp\/v2\/tags?post=37598"}],"curies":[{"name":"wp","href":"https:\/\/api.w.org\/{rel}","templated":true}]}}