{"id":37569,"date":"2025-09-11T08:41:34","date_gmt":"2025-09-11T06:41:34","guid":{"rendered":"https:\/\/www.czechcyclingfederation.com\/?p=37569"},"modified":"2025-09-11T16:55:30","modified_gmt":"2025-09-11T14:55:30","slug":"jivova-se-chysta-na-finale-skoda-cupu-i-mnd-cupu","status":"publish","type":"post","link":"https:\/\/www.czechcyclingfederation.com\/en\/jivova-se-chysta-na-finale-skoda-cupu-i-mnd-cupu\/","title":{"rendered":"J\u00edvov\u00e1 se chyst\u00e1 na fin\u00e1le \u0160koda Cupu i MND Cupu"},"content":{"rendered":"\n<p>Obec J\u00edvov\u00e1 u \u0160ternberka host\u00ed v&nbsp;ned\u011bli fin\u00e1le obou poh\u00e1rov\u00fdch seri\u00e1l\u016f v&nbsp;silni\u010dn\u00ed cyklistice. Sv\u00e9 celkov\u00e9 v\u00edt\u011bze pozn\u00e1 mu\u017esk\u00e1 elita i kategorie U23 ve \u0160koda Cupu a tak\u00e9 v\u0161echny kategorie v&nbsp;\u010cP ml\u00e1de\u017ee a \u017een MND Cupu. Pro n\u011bkter\u00e9 z\u00e1vodn\u00edky to bude posledn\u00ed start p\u0159ed mistrovstv\u00edm sv\u011bta ve Rwand\u011b.<\/p>\n\n\n\n<figure class=\"wp-block-image size-large\"><img loading=\"lazy\" decoding=\"async\" width=\"1024\" height=\"683\" src=\"http:\/\/www.czechcyclingfederation.com\/wp-content\/uploads\/2025\/09\/horni-skoda-1024x683.jpg\" alt=\"\" class=\"wp-image-37577\" srcset=\"https:\/\/www.czechcyclingfederation.com\/wp-content\/uploads\/2025\/09\/horni-skoda-1024x683.jpg 1024w, https:\/\/www.czechcyclingfederation.com\/wp-content\/uploads\/2025\/09\/horni-skoda-300x200.jpg 300w, https:\/\/www.czechcyclingfederation.com\/wp-content\/uploads\/2025\/09\/horni-skoda-768x512.jpg 768w, https:\/\/www.czechcyclingfederation.com\/wp-content\/uploads\/2025\/09\/horni-skoda-1536x1024.jpg 1536w, https:\/\/www.czechcyclingfederation.com\/wp-content\/uploads\/2025\/09\/horni-skoda-2048x1365.jpg 2048w, https:\/\/www.czechcyclingfederation.com\/wp-content\/uploads\/2025\/09\/horni-skoda-1320x880.jpg 1320w\" sizes=\"auto, (max-width: 1024px) 100vw, 1024px\" \/><\/figure>\n\n\n\n<p><em>\u201eChyst\u00e1me se na to sv\u011bdomit\u011b,\u201c<\/em> \u0159\u00edk\u00e1 \u0159editel z\u00e1vodu <strong>Rostislav Broke\u0161<\/strong>. <em>\u201ePo\u0159adatelstv\u00ed jsme se chopili a\u017e v&nbsp;kv\u011btnu, kdy\u017e z&nbsp;kalend\u00e1\u0159e vypadl p\u016fvodn\u011b pl\u00e1novan\u00fd z\u00e1vod, ale mysl\u00edm, \u017ee jsme v\u0161echno zvl\u00e1dli. M\u00e1me zku\u0161enosti z&nbsp;po\u0159\u00e1d\u00e1n\u00ed silni\u010dn\u00edho krit\u00e9ria v&nbsp;B\u011blkovic\u00edch, kde mus\u00edme rovn\u011b\u017e jednat z&nbsp;\u0159adou slo\u017eek,\u201c<\/em> prozrazuje Broke\u0161 z&nbsp;po\u0159adatelsk\u00e9ho t\u00fdmu Superior Team Jesen\u00edk. <em>\u201eS organizac\u00ed n\u00e1m pom\u00e1h\u00e1 i Jirka Ka\u0148kovsk\u00fd z&nbsp;t\u00fdmu Mapei Merida Ka\u0148kovsk\u00fd, tak\u017ee v\u011b\u0159\u00edm, \u017ee si u n\u00e1s v\u0161ichni v\u00edkend pln\u00fd cyklistiky u\u017eij\u00ed a bude n\u00e1m p\u0159\u00e1t i po\u010das\u00ed.\u201c<\/em><\/p>\n\n\n\n<figure class=\"wp-block-image size-large\"><img loading=\"lazy\" decoding=\"async\" width=\"1024\" height=\"683\" src=\"https:\/\/www.czechcyclingfederation.com\/wp-content\/uploads\/2025\/09\/att-jede-1024x683.jpg\" alt=\"\" class=\"wp-image-37579\" srcset=\"https:\/\/www.czechcyclingfederation.com\/wp-content\/uploads\/2025\/09\/att-jede-1024x683.jpg 1024w, https:\/\/www.czechcyclingfederation.com\/wp-content\/uploads\/2025\/09\/att-jede-300x200.jpg 300w, https:\/\/www.czechcyclingfederation.com\/wp-content\/uploads\/2025\/09\/att-jede-768x512.jpg 768w, https:\/\/www.czechcyclingfederation.com\/wp-content\/uploads\/2025\/09\/att-jede-1536x1024.jpg 1536w, https:\/\/www.czechcyclingfederation.com\/wp-content\/uploads\/2025\/09\/att-jede-2048x1365.jpg 2048w, https:\/\/www.czechcyclingfederation.com\/wp-content\/uploads\/2025\/09\/att-jede-1320x880.jpg 1320w\" sizes=\"auto, (max-width: 1024px) 100vw, 1024px\" \/><\/figure>\n\n\n\n<p>P\u0159edehrou poh\u00e1rov\u00fdm kl\u00e1n\u00edm bude sobotn\u00ed krit\u00e9rium v\u00a0B\u011blkovic\u00edch, v\u00a0ned\u011bli dopoledne zah\u00e1j\u00ed boje o poh\u00e1rov\u00e9 body ml\u00e1de\u017enick\u00e9 kategorie a \u017eeny v\u00a0r\u00e1mci MND Cupu, ve 14.45 pak odstartuje spole\u010dn\u00fd z\u00e1vod mu\u017esk\u00e9 elity a kategorie U23 na 159 km.<\/p>\n\n\n\n<p>V\u0161echny kategorie budou z\u00e1vodit na okruhu se startem i c\u00edlem v&nbsp;J\u00edvov\u00e9 dlouh\u00e9m 14,52 km. <em>\u201eJe to sp\u00ed\u0161e klasik\u00e1\u0159sk\u00e1 tra\u0165, hodn\u011b technick\u00e1, spravedliv\u00e1. Ur\u010dit\u011b nepo\u010d\u00edt\u00e1m, \u017ee by v&nbsp;c\u00edli spurtoval cel\u00fd peloton, sp\u00ed\u0161 to p\u0159ijede nad\u011blen\u00e9 na skupiny,\u201c<\/em> odhaduje \u0159editel z\u00e1vodu.<\/p>\n\n\n\n<figure class=\"wp-block-image size-large\"><img loading=\"lazy\" decoding=\"async\" width=\"1024\" height=\"683\" src=\"https:\/\/www.czechcyclingfederation.com\/wp-content\/uploads\/2025\/09\/elkov-1024x683.jpg\" alt=\"\" class=\"wp-image-37581\" srcset=\"https:\/\/www.czechcyclingfederation.com\/wp-content\/uploads\/2025\/09\/elkov-1024x683.jpg 1024w, https:\/\/www.czechcyclingfederation.com\/wp-content\/uploads\/2025\/09\/elkov-300x200.jpg 300w, https:\/\/www.czechcyclingfederation.com\/wp-content\/uploads\/2025\/09\/elkov-768x512.jpg 768w, https:\/\/www.czechcyclingfederation.com\/wp-content\/uploads\/2025\/09\/elkov-1536x1024.jpg 1536w, https:\/\/www.czechcyclingfederation.com\/wp-content\/uploads\/2025\/09\/elkov-2048x1365.jpg 2048w, https:\/\/www.czechcyclingfederation.com\/wp-content\/uploads\/2025\/09\/elkov-1320x880.jpg 1320w\" sizes=\"auto, (max-width: 1024px) 100vw, 1024px\" \/><\/figure>\n\n\n\n<p>Jak\u00e1 je situace p\u0159ed fin\u00e1le ve \u0160koda Cupu? Vede <strong>Dominik Neuman<\/strong> (ATT Investments) se 177 body, druh\u00fd je <strong>Jakub \u0164oupal\u00edk<\/strong> (Elkov Kasper) 166, t\u0159et\u00ed <strong>Daniel Turek<\/strong> (ATT Investments) 136.<\/p>\n\n\n\n<p>Pr\u016fb\u011b\u017en\u00e9 po\u0159ad\u00ed \u017een v&nbsp;MND Cupu vede <strong>Eli\u0161ka Kvasni\u010dkov\u00e1<\/strong> (VIF Cycling Team) se 442 body, za n\u00ed jsou <strong>Anna Panu\u0161ov\u00e1<\/strong> (Brilon Racing Team MB, 418 b.) a t\u0159et\u00ed <strong>Nela Slan\u00edkov\u00e1<\/strong> (Dukla Praha, 394 b.).<\/p>\n\n\n\n<figure class=\"wp-block-image size-large\"><img loading=\"lazy\" decoding=\"async\" width=\"1024\" height=\"682\" src=\"https:\/\/www.czechcyclingfederation.com\/wp-content\/uploads\/2025\/09\/vif-1024x682.jpg\" alt=\"\" class=\"wp-image-37583\" srcset=\"https:\/\/www.czechcyclingfederation.com\/wp-content\/uploads\/2025\/09\/vif-1024x682.jpg 1024w, https:\/\/www.czechcyclingfederation.com\/wp-content\/uploads\/2025\/09\/vif-300x200.jpg 300w, https:\/\/www.czechcyclingfederation.com\/wp-content\/uploads\/2025\/09\/vif-768x511.jpg 768w, https:\/\/www.czechcyclingfederation.com\/wp-content\/uploads\/2025\/09\/vif-1536x1022.jpg 1536w, https:\/\/www.czechcyclingfederation.com\/wp-content\/uploads\/2025\/09\/vif-2048x1363.jpg 2048w, https:\/\/www.czechcyclingfederation.com\/wp-content\/uploads\/2025\/09\/vif-1320x879.jpg 1320w\" sizes=\"auto, (max-width: 1024px) 100vw, 1024px\" \/><\/figure>\n\n\n\n<p>V kategorii junior\u016f u\u017e nem\u016f\u017ee b\u00fdt p\u0159edsti\u017een <strong>Mat\u011bj Pit\u00e1k<\/strong> (Mapei Merida Ka\u0148kovsk\u00fd), nejlep\u0161\u00ed juniorkou je zat\u00edm <strong>Karol\u00edna \u0160picarov\u00e1<\/strong> (VIF Cycling Team), kter\u00e1 nasb\u00edrala 757 b.<\/p>\n\n\n\n<p>Nejlep\u0161\u00edm kadetem je p\u0159ed fin\u00e1le v&nbsp;J\u00edvov\u00e9 <strong>\u0160t\u011bp\u00e1n Kala\u0161<\/strong> (Stadion Louny), mezi kadetkami je u\u017e jistou v\u00edt\u011bzkou <strong>Karol\u00edna Rothbauerov\u00e1<\/strong> (Lyko Klub Prachatice).<\/p>\n\n\n\n<p>V&nbsp;kategorii star\u0161\u00edch \u017e\u00e1k\u016f u\u017e m\u00e1 jist\u00e9 prvenstv\u00ed <strong>Adam Jindr\u00e1k<\/strong> (Mapei Merida Ka\u0148kovsk\u00fd), mezi star\u0161\u00edmi \u017e\u00e1kyn\u011bmi vede <strong>Nela Dr\u00e1bkov\u00e1<\/strong> (Expres CZ \u2013 BMD Team Kol\u00edn). V&nbsp;kategorii mlad\u0161\u00edch \u017e\u00e1k\u016f je zat\u00edm prvn\u00ed <strong>\u0160t\u011bp\u00e1n Hur\u00e1k<\/strong> (Auto \u0160koda Mlad\u00e1 Boleslav), mezi mlad\u0161\u00edmi \u017e\u00e1kyn\u011bmi <strong>Emma H\u00e1jkov\u00e1<\/strong> z&nbsp;Favoritu Brno.<\/p>\n\n\n\n<p>Foto: Filip Bezd\u011bk a Jan Brychta<\/p>\n","protected":false},"excerpt":{"rendered":"<p>Obec J\u00edvov\u00e1 u \u0160ternberka host\u00ed v&nbsp;ned\u011bli fin\u00e1le obou poh\u00e1rov\u00fdch seri\u00e1l\u016f v&nbsp;silni\u010dn\u00ed cyklistice. Sv\u00e9 celkov\u00e9 v\u00edt\u011bze pozn\u00e1 mu\u017esk\u00e1 elita i kategorie U23 ve \u0160koda Cupu a tak\u00e9 v\u0161echny kategorie v&nbsp;\u010cP ml\u00e1de\u017ee a \u017een MND Cupu. Pro n\u011bkter\u00e9 z\u00e1vodn\u00edky to bude posledn\u00ed start p\u0159ed mistrovstv\u00edm sv\u011bta ve Rwand\u011b. \u201eChyst\u00e1me se na to sv\u011bdomit\u011b,\u201c \u0159\u00edk\u00e1 \u0159editel z\u00e1vodu Rostislav [&hellip;]<\/p>\n","protected":false},"author":15,"featured_media":37572,"comment_status":"closed","ping_status":"open","sticky":false,"template":"","format":"standard","meta":{"footnotes":""},"categories":[2,18],"tags":[11],"class_list":["post-37569","post","type-post","status-publish","format-standard","has-post-thumbnail","hentry","category-novinky","category-silnice","tag-silnice"],"_links":{"self":[{"href":"https:\/\/www.czechcyclingfederation.com\/en\/wp-json\/wp\/v2\/posts\/37569","targetHints":{"allow":["GET"]}}],"collection":[{"href":"https:\/\/www.czechcyclingfederation.com\/en\/wp-json\/wp\/v2\/posts"}],"about":[{"href":"https:\/\/www.czechcyclingfederation.com\/en\/wp-json\/wp\/v2\/types\/post"}],"author":[{"embeddable":true,"href":"https:\/\/www.czechcyclingfederation.com\/en\/wp-json\/wp\/v2\/users\/15"}],"replies":[{"embeddable":true,"href":"https:\/\/www.czechcyclingfederation.com\/en\/wp-json\/wp\/v2\/comments?post=37569"}],"version-history":[{"count":4,"href":"https:\/\/www.czechcyclingfederation.com\/en\/wp-json\/wp\/v2\/posts\/37569\/revisions"}],"predecessor-version":[{"id":37586,"href":"https:\/\/www.czechcyclingfederation.com\/en\/wp-json\/wp\/v2\/posts\/37569\/revisions\/37586"}],"wp:featuredmedia":[{"embeddable":true,"href":"https:\/\/www.czechcyclingfederation.com\/en\/wp-json\/wp\/v2\/media\/37572"}],"wp:attachment":[{"href":"https:\/\/www.czechcyclingfederation.com\/en\/wp-json\/wp\/v2\/media?parent=37569"}],"wp:term":[{"taxonomy":"category","embeddable":true,"href":"https:\/\/www.czechcyclingfederation.com\/en\/wp-json\/wp\/v2\/categories?post=37569"},{"taxonomy":"post_tag","embeddable":true,"href":"https:\/\/www.czechcyclingfederation.com\/en\/wp-json\/wp\/v2\/tags?post=37569"}],"curies":[{"name":"wp","href":"https:\/\/api.w.org\/{rel}","templated":true}]}}