{"id":37544,"date":"2025-09-09T19:22:11","date_gmt":"2025-09-09T17:22:11","guid":{"rendered":"https:\/\/www.czechcyclingfederation.com\/?p=37544"},"modified":"2025-09-09T19:54:40","modified_gmt":"2025-09-09T17:54:40","slug":"spesna-a-cerny-na-ms-v-short-tracku-jednadvacati","status":"publish","type":"post","link":"https:\/\/www.czechcyclingfederation.com\/en\/spesna-a-cerny-na-ms-v-short-tracku-jednadvacati\/","title":{"rendered":"Sp\u011b\u0161n\u00e1 a \u010cern\u00fd na MS v short tracku jednadvac\u00e1t\u00ed"},"content":{"rendered":"\n<p><strong>V t\u0159et\u00ed des\u00edtce byli klasifikov\u00e1ni v\u0161ichni \u010de\u0161t\u00ed reprezentanti, kte\u0159\u00ed nastoupili do \u00fatern\u00edch z\u00e1vod\u016f mistrovstv\u00ed sv\u011bta horsk\u00fdch kol v short tracku ve \u0161v\u00fdcarsk\u00e9m Zermattu. Nejlep\u0161\u00ed byli v kategorii do t\u0159iadvaceti let Simona Sp\u011b\u0161n\u00e1 a Patrik \u010cern\u00fd. Oba projeli c\u00edlem na jednadvac\u00e1t\u00e9 pozici.<\/strong><\/p>\n\n\n\n<p><em>&#8220;Povedl se mi start, co\u017e bylo kl\u00ed\u010dov\u00e9. Bohu\u017eel v dal\u0161\u00edm pr\u016fb\u011bhu se mi neda\u0159ilo dr\u017eet pozici. Z\u00e1vod byl hodn\u011b rychly, nejelo se mi \u00fapln\u011b ide\u00e1ln\u011b. Sna\u017eila jsem se sk\u00e1kat soupe\u0159k\u00e1m do h\u00e1ku, ale nepoda\u0159ilo se. V\u00fdsledek rozhodn\u011b nen\u00ed podle o\u010dek\u00e1v\u00e1n\u00ed, cht\u011bla jsem ze z\u00e1vodu v\u00edce,&#8221;<\/em> posteskla si dvacetilet\u00e1 Simona Sp\u011b\u0161n\u00e1, kter\u00e1 byla v gener\u00e1lce na MS minul\u00fd t\u00fdden v Les Gets v short tracku osm\u00e1.<\/p>\n\n\n\n<figure class=\"wp-block-image size-large\"><img loading=\"lazy\" decoding=\"async\" width=\"1024\" height=\"683\" src=\"http:\/\/www.czechcyclingfederation.com\/wp-content\/uploads\/2025\/09\/Photo-09.09.2025-15-31-35-1024x683.jpg\" alt=\"\" class=\"wp-image-37547\" srcset=\"https:\/\/www.czechcyclingfederation.com\/wp-content\/uploads\/2025\/09\/Photo-09.09.2025-15-31-35-1024x683.jpg 1024w, https:\/\/www.czechcyclingfederation.com\/wp-content\/uploads\/2025\/09\/Photo-09.09.2025-15-31-35-300x200.jpg 300w, https:\/\/www.czechcyclingfederation.com\/wp-content\/uploads\/2025\/09\/Photo-09.09.2025-15-31-35-768x512.jpg 768w, https:\/\/www.czechcyclingfederation.com\/wp-content\/uploads\/2025\/09\/Photo-09.09.2025-15-31-35-1536x1024.jpg 1536w, https:\/\/www.czechcyclingfederation.com\/wp-content\/uploads\/2025\/09\/Photo-09.09.2025-15-31-35-2048x1365.jpg 2048w, https:\/\/www.czechcyclingfederation.com\/wp-content\/uploads\/2025\/09\/Photo-09.09.2025-15-31-35-1320x880.jpg 1320w\" sizes=\"auto, (max-width: 1024px) 100vw, 1024px\" \/><\/figure>\n\n\n\n<p>Jej\u00ed v\u00fdkon v z\u00e1vod\u011b mistrovstv\u00ed sv\u011bta v\u00fdrazn\u011b poznamenal karambol v p\u0159\u00edprav\u011b. <em>&#8220;V sobotu jsem m\u011bla p\u0159i tr\u00e9ninku nep\u0159\u00edjemn\u00fd p\u00e1d. Spadla jsem jako hru\u0161ka, ani jsem nestihla reagovat. Bouchla jsem se do hlavy, m\u00e1m dva stehy na obo\u010d\u00ed, ulomen\u00fd zub, od\u0159eniny na ruce, b\u0159ichu, boku a zadku. Bojovala jsem s otokem oka a moc jsem toho v posledn\u00edch dnech nevid\u011bla. Do z\u00e1vodu se situace zlep\u0161ila, ale hlava pot\u0159ebuje je\u0161t\u011b n\u011bjak\u00fd \u010das na regeneraci. Nevymlouv\u00e1m se, to nen\u00ed m\u016fj styl. Ale moje p\u0159edz\u00e1vodn\u00ed p\u0159\u00edprava nebyla ide\u00e1ln\u00ed. Vlastn\u011b jsem se nedostala v\u016fbec na kolo. Bolest hlavy mi nedovolila jet l\u00e9pe. Vlastn\u011b ani nem\u016f\u017eu b\u00fdt kv\u016fli v\u00fdsledku na\u0161tvan\u00e1,&#8221; <\/em>vykl\u00e1dala Sp\u011b\u0161n\u00e1 po z\u00e1vod\u011b, kter\u00fd tvo\u0159ilo osm kilometrov\u00fdch okruh\u016f.<\/p>\n\n\n\n<p>V z\u00e1vod\u011b mu\u017e\u016f do t\u0159iadvaceti let vybojoval jednadvac\u00e1tou p\u0159\u00ed\u010dku Patrik \u010cern\u00fd. <em>&#8220;Startoval jsem z posledn\u00ed \u0159ady, vlastn\u011b jako \u00fapln\u011b posledn\u00ed, proto\u017ee se mi moc nepovedla kvalifikace,&#8221;<\/em> \u0159\u00edkal dvacetilet\u00fd \u010desk\u00fd reprezentant, pro n\u011bho\u017e p\u0159edstavuje v\u00fdsledek v z\u00e1vod\u011b na deset kilometr\u016f maximum na nejvy\u0161\u0161\u00ed \u00farovni. <em>&#8220;Mysl\u00edm, \u017ee jsem byl hodn\u011b siln\u00fd ve v\u00fdjezdech i v technick\u00e9 pas\u00e1\u017ei, na rovink\u00e1ch jsem tro\u0161ku zaost\u00e1val. S ohledem na startovn\u00ed pozici bylo jednadvac\u00e1t\u00e9 m\u00edsto maximum.&#8221;<\/em><\/p>\n\n\n\n<figure class=\"wp-block-image size-large\"><img loading=\"lazy\" decoding=\"async\" width=\"1024\" height=\"683\" src=\"http:\/\/www.czechcyclingfederation.com\/wp-content\/uploads\/2025\/09\/Photo-09.09.2025-16-07-42-1024x683.jpg\" alt=\"\" class=\"wp-image-37549\" srcset=\"https:\/\/www.czechcyclingfederation.com\/wp-content\/uploads\/2025\/09\/Photo-09.09.2025-16-07-42-1024x683.jpg 1024w, https:\/\/www.czechcyclingfederation.com\/wp-content\/uploads\/2025\/09\/Photo-09.09.2025-16-07-42-300x200.jpg 300w, https:\/\/www.czechcyclingfederation.com\/wp-content\/uploads\/2025\/09\/Photo-09.09.2025-16-07-42-768x512.jpg 768w, https:\/\/www.czechcyclingfederation.com\/wp-content\/uploads\/2025\/09\/Photo-09.09.2025-16-07-42-1536x1024.jpg 1536w, https:\/\/www.czechcyclingfederation.com\/wp-content\/uploads\/2025\/09\/Photo-09.09.2025-16-07-42-2048x1365.jpg 2048w, https:\/\/www.czechcyclingfederation.com\/wp-content\/uploads\/2025\/09\/Photo-09.09.2025-16-07-42-1320x880.jpg 1320w\" sizes=\"auto, (max-width: 1024px) 100vw, 1024px\" \/><\/figure>\n\n\n\n<p>Mezi \u017eenskou elitou nastoupila do z\u00e1vodu jako jedin\u00e1 \u010desk\u00e1 reprezentantka J<strong>itka \u010c\u00e1belick\u00e1<\/strong>. V c\u00edli byla klasifikov\u00e1na jako sedmadvac\u00e1t\u00e1.<\/p>\n\n\n\n<p><strong>V\u00fdsledky MS &#8211; short track<\/strong><\/p>\n\n\n\n<p><strong>\u017deny do 23 let: <\/strong>1. Holmgrenov\u00e1 (Kan.) 19:52 min., 2. Hahnov\u00e1 (N\u011bm.) +20, 3. Jacobsov\u00e1 \u00a0(JAR) +26, &#8230;21. Sp\u011b\u0161n\u00e1 +58, 29. Han\u00e1kov\u00e1 (ob\u011b \u010cR) +1 kolo.<br><strong>Mu\u017ei do 23 let:<\/strong> 1. Boichis (Fr.) 20:57 min., 2. Treudler (\u0160v\u00fdc.) stejn\u00fd \u010das, 3. Pedersen (Kan.) +2, &#8230;21. \u010cern\u00fd (\u010cR) +43.<br><strong>\u017deny<\/strong>: 1. Kellerov\u00e1 (\u0160v\u00fdc.) 20:43 min., 2. Rissvedsov\u00e1 (\u0160v\u00e9d.) +4, 3. Jacksonov\u00e1 (Kan.) +14, &#8230;27. \u010c\u00e1belick\u00e1 (\u010cR) +3 kola<br><strong>Mu\u017ei<\/strong>: 1. Koretzky (Fr.) 21:26 min., 2. Blevins (USA) +1, 3. Azzaro (Fr.) +3.<\/p>\n\n\n\n<p>Foto: Filip Bezd\u011bk<\/p>\n","protected":false},"excerpt":{"rendered":"<p>V t\u0159et\u00ed des\u00edtce byli klasifikov\u00e1ni v\u0161ichni \u010de\u0161t\u00ed reprezentanti, kte\u0159\u00ed nastoupili do \u00fatern\u00edch z\u00e1vod\u016f mistrovstv\u00ed sv\u011bta horsk\u00fdch kol v short tracku ve \u0161v\u00fdcarsk\u00e9m Zermattu. Nejlep\u0161\u00ed byli v kategorii do t\u0159iadvaceti let Simona Sp\u011b\u0161n\u00e1 a Patrik \u010cern\u00fd. Oba projeli c\u00edlem na jednadvac\u00e1t\u00e9 pozici. &#8220;Povedl se mi start, co\u017e bylo kl\u00ed\u010dov\u00e9. Bohu\u017eel v dal\u0161\u00edm pr\u016fb\u011bhu se mi neda\u0159ilo [&hellip;]<\/p>\n","protected":false},"author":30,"featured_media":37555,"comment_status":"closed","ping_status":"open","sticky":false,"template":"","format":"standard","meta":{"footnotes":""},"categories":[2],"tags":[10],"class_list":["post-37544","post","type-post","status-publish","format-standard","has-post-thumbnail","hentry","category-novinky","tag-mtb"],"_links":{"self":[{"href":"https:\/\/www.czechcyclingfederation.com\/en\/wp-json\/wp\/v2\/posts\/37544","targetHints":{"allow":["GET"]}}],"collection":[{"href":"https:\/\/www.czechcyclingfederation.com\/en\/wp-json\/wp\/v2\/posts"}],"about":[{"href":"https:\/\/www.czechcyclingfederation.com\/en\/wp-json\/wp\/v2\/types\/post"}],"author":[{"embeddable":true,"href":"https:\/\/www.czechcyclingfederation.com\/en\/wp-json\/wp\/v2\/users\/30"}],"replies":[{"embeddable":true,"href":"https:\/\/www.czechcyclingfederation.com\/en\/wp-json\/wp\/v2\/comments?post=37544"}],"version-history":[{"count":4,"href":"https:\/\/www.czechcyclingfederation.com\/en\/wp-json\/wp\/v2\/posts\/37544\/revisions"}],"predecessor-version":[{"id":37562,"href":"https:\/\/www.czechcyclingfederation.com\/en\/wp-json\/wp\/v2\/posts\/37544\/revisions\/37562"}],"wp:featuredmedia":[{"embeddable":true,"href":"https:\/\/www.czechcyclingfederation.com\/en\/wp-json\/wp\/v2\/media\/37555"}],"wp:attachment":[{"href":"https:\/\/www.czechcyclingfederation.com\/en\/wp-json\/wp\/v2\/media?parent=37544"}],"wp:term":[{"taxonomy":"category","embeddable":true,"href":"https:\/\/www.czechcyclingfederation.com\/en\/wp-json\/wp\/v2\/categories?post=37544"},{"taxonomy":"post_tag","embeddable":true,"href":"https:\/\/www.czechcyclingfederation.com\/en\/wp-json\/wp\/v2\/tags?post=37544"}],"curies":[{"name":"wp","href":"https:\/\/api.w.org\/{rel}","templated":true}]}}