{"id":37539,"date":"2025-09-08T21:59:33","date_gmt":"2025-09-08T19:59:33","guid":{"rendered":"https:\/\/www.czechcyclingfederation.com\/?p=37539"},"modified":"2025-09-09T08:37:03","modified_gmt":"2025-09-09T06:37:03","slug":"pridal-druhy-okolo-jiznich-cech","status":"publish","type":"post","link":"https:\/\/www.czechcyclingfederation.com\/en\/pridal-druhy-okolo-jiznich-cech\/","title":{"rendered":"P\u0159idal druh\u00fd Okolo ji\u017en\u00edch \u010cech"},"content":{"rendered":"\n<p><strong>Tom\u00e1\u0161 P\u0159idal<\/strong> z&nbsp;t\u00fdmu Elkov Kasper potvrdil dobrou formu z&nbsp;posledn\u00edch t\u00fddn\u016f druh\u00fdm m\u00edstem na etapov\u00e9m z\u00e1vod\u011b Okolo ji\u017en\u00edch \u010cech. V\u00edt\u011bzem se stal 21let\u00fd britsk\u00fd cyklista&nbsp;<strong>William Smith<\/strong>&nbsp;z&nbsp;development t\u00fdmu Visma Lease a Bike. <\/p>\n\n\n\n<p>P\u0159idal se na kone\u010dn\u00e9 druh\u00e9 m\u00edsto posunul po dev\u00e1t\u00e9 p\u0159\u00ed\u010dce v&nbsp;posledn\u00ed etap\u011b, p\u0159ed n\u00ed\u017e byl pr\u016fb\u011b\u017en\u011b t\u0159et\u00ed. Nejl\u00e9pe mu vy\u0161la kr\u00e1lovsk\u00e1 etapa s&nbsp;c\u00edlem na Horsk\u00e9 Kvild\u011b, kde potvrdil sv\u00e9 vrcha\u0159sk\u00e9 kvality a skon\u010dil \u010dtvrt\u00fd se ztr\u00e1tou 17 sekund na Smithe.<\/p>\n\n\n\n<p><em>\u201eDruh\u00e9 m\u00edsto je velmi dobr\u00fd v\u00fdsledek pro m\u011b i pro n\u00e1\u0161 t\u00fdm. Te\u010f m\u011b je\u0161t\u011b \u010dek\u00e1 posledn\u00ed z\u00e1vod \u0160koda Cupu a pak u\u017e budu m\u00edt fin\u00e1ln\u00ed p\u0159\u00edpravu na mistrovstv\u00ed sv\u011bta,\u201c<\/em> \u0159ekl P\u0159idal, kter\u00fd bude startovat v\u00a0kategorii U23.<\/p>\n\n\n\n<p>Z&nbsp;dal\u0161\u00edch \u010desk\u00fdch z\u00e1vodn\u00edk\u016f o sob\u011b dal v\u011bd\u011bt ve 2. etap\u011b \u010dtvrt\u00fd <strong>\u0160imon Van\u00ed\u010dek<\/strong> (ATT Investments) a stejn\u00e9 um\u00edst\u011bn\u00ed zopakoval i v&nbsp;z\u00e1v\u011bre\u010dn\u00e9m d\u011bjstv\u00ed.<\/p>\n\n\n\n<p>Foto: Filip Bezd\u011bk<\/p>\n","protected":false},"excerpt":{"rendered":"<p>Tom\u00e1\u0161 P\u0159idal z&nbsp;t\u00fdmu Elkov Kasper potvrdil dobrou formu z&nbsp;posledn\u00edch t\u00fddn\u016f druh\u00fdm m\u00edstem na etapov\u00e9m z\u00e1vod\u011b Okolo ji\u017en\u00edch \u010cech. V\u00edt\u011bzem se stal 21let\u00fd britsk\u00fd cyklista&nbsp;William Smith&nbsp;z&nbsp;development t\u00fdmu Visma Lease a Bike. P\u0159idal se na kone\u010dn\u00e9 druh\u00e9 m\u00edsto posunul po dev\u00e1t\u00e9 p\u0159\u00ed\u010dce v&nbsp;posledn\u00ed etap\u011b, p\u0159ed n\u00ed\u017e byl pr\u016fb\u011b\u017en\u011b t\u0159et\u00ed. Nejl\u00e9pe mu vy\u0161la kr\u00e1lovsk\u00e1 etapa s&nbsp;c\u00edlem na Horsk\u00e9 [&hellip;]<\/p>\n","protected":false},"author":15,"featured_media":37540,"comment_status":"closed","ping_status":"open","sticky":false,"template":"","format":"standard","meta":{"footnotes":""},"categories":[2,18],"tags":[11],"class_list":["post-37539","post","type-post","status-publish","format-standard","has-post-thumbnail","hentry","category-novinky","category-silnice","tag-silnice"],"_links":{"self":[{"href":"https:\/\/www.czechcyclingfederation.com\/en\/wp-json\/wp\/v2\/posts\/37539","targetHints":{"allow":["GET"]}}],"collection":[{"href":"https:\/\/www.czechcyclingfederation.com\/en\/wp-json\/wp\/v2\/posts"}],"about":[{"href":"https:\/\/www.czechcyclingfederation.com\/en\/wp-json\/wp\/v2\/types\/post"}],"author":[{"embeddable":true,"href":"https:\/\/www.czechcyclingfederation.com\/en\/wp-json\/wp\/v2\/users\/15"}],"replies":[{"embeddable":true,"href":"https:\/\/www.czechcyclingfederation.com\/en\/wp-json\/wp\/v2\/comments?post=37539"}],"version-history":[{"count":2,"href":"https:\/\/www.czechcyclingfederation.com\/en\/wp-json\/wp\/v2\/posts\/37539\/revisions"}],"predecessor-version":[{"id":37543,"href":"https:\/\/www.czechcyclingfederation.com\/en\/wp-json\/wp\/v2\/posts\/37539\/revisions\/37543"}],"wp:featuredmedia":[{"embeddable":true,"href":"https:\/\/www.czechcyclingfederation.com\/en\/wp-json\/wp\/v2\/media\/37540"}],"wp:attachment":[{"href":"https:\/\/www.czechcyclingfederation.com\/en\/wp-json\/wp\/v2\/media?parent=37539"}],"wp:term":[{"taxonomy":"category","embeddable":true,"href":"https:\/\/www.czechcyclingfederation.com\/en\/wp-json\/wp\/v2\/categories?post=37539"},{"taxonomy":"post_tag","embeddable":true,"href":"https:\/\/www.czechcyclingfederation.com\/en\/wp-json\/wp\/v2\/tags?post=37539"}],"curies":[{"name":"wp","href":"https:\/\/api.w.org\/{rel}","templated":true}]}}