{"id":3746,"date":"2021-03-19T22:14:58","date_gmt":"2021-03-19T21:14:58","guid":{"rendered":"http:\/\/www.czechcyclingfederation.com\/?p=3746"},"modified":"2021-03-28T21:11:15","modified_gmt":"2021-03-28T19:11:15","slug":"kralem-cyklistiky-2020-vyhlasen-tomas-babek","status":"publish","type":"post","link":"https:\/\/www.czechcyclingfederation.com\/en\/kralem-cyklistiky-2020-vyhlasen-tomas-babek\/","title":{"rendered":"Kr\u00e1lem cyklistiky 2020 se stal Tom\u00e1\u0161 B\u00e1bek!"},"content":{"rendered":"\n<p>Kr\u00e1lem cyklistiky roku 2020 se stal ji\u017e podruh\u00e9 ve sv\u00e9 kari\u00e9\u0159e sprinter Tom\u00e1\u0161 B\u00e1bek. V&nbsp;tradi\u010dn\u00ed anket\u011b o nejlep\u0161\u00edho cyklistu roku, kter\u00e1 se pravideln\u011b kon\u00e1 ji\u017e 56 let, obdr\u017eel \u010desk\u00fd reprezentant v&nbsp;dr\u00e1hov\u00e9 cyklistice Tom\u00e1\u0161 B\u00e1bek nejvy\u0161\u0161\u00ed po\u010det hlas\u016f. Druh\u00fd nejvy\u0161\u0161\u00ed po\u010det hlas\u016f z\u00edskal silni\u010d\u00e1\u0159 Josef \u010cern\u00fd a o t\u0159et\u00ed m\u00edsto se se shodn\u00fdm po\u010dtem hlas\u016f v anket\u011b pod\u011blili biker Ond\u0159ej Cink s nad\u011bjn\u00fdm Mathiasem Vackem.<\/p>\n\n\n\n<p>B\u00e1bkovo prvenstv\u00ed v anket\u011b p\u0159inesly zejm\u00e9na jeho v\u00fdkony a v\u00fdsledky na lo\u0148sk\u00e9m dr\u00e1hov\u00e9m vrcholu roku 2020, na Evropsk\u00e9m \u0161ampion\u00e1tu na dr\u00e1ze v bulharsk\u00e9m Plovdivu. Tom\u00e1\u0161 na n\u011bm vybojoval zlato v z\u00e1vodu na 1 km s pevn\u00fdm startem a spolu s Dominikem Topinkou, Martinem \u010cechmanem a Jakubem \u0160\u0165astn\u00fdm st\u0159\u00edbro v t\u00fdmov\u00e9m sprintu.<\/p>\n\n\n\n<p><em>\u201eJ\u00e1 si tohoto ocen\u011bn\u00ed v&nbsp;anket\u011b velice v\u00e1\u017e\u00edm. Beru to tak\u00e9 jako kompenzaci za lo\u0148sk\u00fd rok, kdy jsem si myslel, \u017ee po v\u00edt\u011bzstv\u00ed na Evropsk\u00fdch hr\u00e1ch v Baku bych mohl Kr\u00e1le vyhr\u00e1t. Je to ov\u0161em ocen\u011bn\u00ed nejen moj\u00ed pr\u00e1ce, ale i tren\u00e9ra Petra Klime\u0161e a v\u0161ech lid\u00ed z Dukly Brno,<\/em>\u201c \u0159ekl \u00fa\u0159aduj\u00edc\u00ed Mistr Evropy Tom\u00e1\u0161 B\u00e1bek.<\/p>\n\n\n\n<figure class=\"wp-block-image size-large\"><img loading=\"lazy\" decoding=\"async\" width=\"819\" height=\"1024\" src=\"http:\/\/www.czechcyclingfederation.com\/wp-content\/uploads\/2021\/03\/Kral-Cyklistiky-2020_42-819x1024.jpg\" alt=\"\" class=\"wp-image-3760\" srcset=\"https:\/\/www.czechcyclingfederation.com\/wp-content\/uploads\/2021\/03\/Kral-Cyklistiky-2020_42-819x1024.jpg 819w, https:\/\/www.czechcyclingfederation.com\/wp-content\/uploads\/2021\/03\/Kral-Cyklistiky-2020_42-160x200.jpg 160w, https:\/\/www.czechcyclingfederation.com\/wp-content\/uploads\/2021\/03\/Kral-Cyklistiky-2020_42-768x960.jpg 768w, https:\/\/www.czechcyclingfederation.com\/wp-content\/uploads\/2021\/03\/Kral-Cyklistiky-2020_42-1229x1536.jpg 1229w, https:\/\/www.czechcyclingfederation.com\/wp-content\/uploads\/2021\/03\/Kral-Cyklistiky-2020_42-1638x2048.jpg 1638w, https:\/\/www.czechcyclingfederation.com\/wp-content\/uploads\/2021\/03\/Kral-Cyklistiky-2020_42-1320x1650.jpg 1320w, https:\/\/www.czechcyclingfederation.com\/wp-content\/uploads\/2021\/03\/Kral-Cyklistiky-2020_42-scaled.jpg 2048w\" sizes=\"auto, (max-width: 819px) 100vw, 819px\" \/><figcaption>Tom\u00e1\u0161 B\u00e1bek &#8211; Kr\u00e1l cyklistiky 2020<\/figcaption><\/figure>\n\n\n\n<p>Druh\u00fd v&nbsp;anket\u011b, reprezentant v&nbsp;silni\u010dn\u00ed cyklistice Josef \u010cern\u00fd, zaujal hlasuj\u00edc\u00ed odborn\u00edky a novin\u00e1\u0159e zcela jist\u011b sv\u00fdm lo\u0148sk\u00fdm v\u00fdborn\u00fdm v\u00fdkonem, kdy\u017e dok\u00e1zal po s\u00f3lov\u00e9 j\u00edzd\u011b vyhr\u00e1t 19. etapu Giro d\u00b4Italia, co\u017e mu pomohlo rovn\u011b\u017e ke smlouv\u011b v presti\u017en\u00ed WorldTourov\u00e9 st\u00e1ji Deceuninck\u2013Quick-Step. Svou lo\u0148skou z\u00e1vodn\u00ed sez\u00f3nu a v\u00fdhled do t\u00e9 leto\u0161n\u00ed Josef p\u0159ibl\u00ed\u017eil i v&nbsp;r\u00e1mci slavnostn\u00edho ve\u010dera: <em>&#8220;Sv\u00e9 dal\u0161\u00ed \u00fa\u010dinkov\u00e1n\u00ed v profesion\u00e1ln\u00edm pelotonu jsem \u0159e\u0161il p\u0159es sv\u00e9ho mana\u017eera a na Giru, kter\u00e9 bylo prakticky a\u017e v z\u00e1v\u011bru sezony, jsem se sna\u017eil o co nejlep\u0161\u00ed v\u00fdsledek. Do t\u00e9 doby jsem nem\u011bl je\u0161t\u011b podepsanou smlouvu. To se poda\u0159ilo a\u017e koncem listopadu. M\u016fj nov\u00fd t\u00fdm sb\u00edr\u00e1 nejv\u00edce v\u00edt\u011bzstv\u00ed, je tu skv\u011bl\u00e1 parta a Zden\u011bk \u0160tybar se v\u0161\u00edm poradil, na soust\u0159ed\u011bn\u00ed jsme v\u017edy byli spolu. V kontaktu jsme st\u00e1le i kdy\u017e nem\u00e1me stejn\u00fd program,&#8221; <\/em>\u0159ekl \u010dasovk\u00e1\u0159sk\u00fd specialita. <em>&#8220;Na ty se budu soust\u0159e\u010fovat i letos a douf\u00e1m, \u017ee n\u011bco p\u0159edvedu,&#8221;<\/em> dodal.<\/p>\n\n\n\n<p>Ond\u0159ej Cink, kter\u00fd se v&nbsp;anket\u011b d\u011bl\u00ed s&nbsp;Mathiasem Vackem o t\u0159et\u00ed m\u00edsto, m\u011bl uplynul\u00fd rok velmi n\u00e1ro\u010dn\u00fd. Pot\u00fdkal se se zdravotn\u00edmi pot\u00ed\u017eemi a musel absolvovat men\u0161\u00ed operaci srdce. P\u0159esto vybojoval skv\u011bl\u00e9 p\u00e1t\u00e9 m\u00edsto na sv\u011btov\u00e9m \u0161ampion\u00e1tu.&nbsp; &#8220;<em>Pandemickou situaci jsem zpo\u010d\u00e1tku vn\u00edmal relativn\u011b v pohod\u011b, ale nyn\u00ed to ji\u017e trv\u00e1 hodn\u011b dlouho a pro v\u0161echny je to psychicky n\u00e1ro\u010dn\u00e9. Je dobr\u00e9, \u017ee se alespo\u0148 n\u011bjak z\u00e1vod\u011bn\u00ed m\u016f\u017eeme v\u011bnovat, ale rozhodn\u011b to nen\u00ed jako d\u0159\u00edve.&#8221;<\/em><\/p>\n\n\n\n<figure class=\"wp-block-image size-large is-resized\"><img loading=\"lazy\" decoding=\"async\" src=\"http:\/\/www.czechcyclingfederation.com\/wp-content\/uploads\/2021\/03\/Kral-Cyklistiky-2020_28-1024x683.jpg\" alt=\"\" class=\"wp-image-3750\" width=\"580\" height=\"386\" srcset=\"https:\/\/www.czechcyclingfederation.com\/wp-content\/uploads\/2021\/03\/Kral-Cyklistiky-2020_28-1024x683.jpg 1024w, https:\/\/www.czechcyclingfederation.com\/wp-content\/uploads\/2021\/03\/Kral-Cyklistiky-2020_28-300x200.jpg 300w, https:\/\/www.czechcyclingfederation.com\/wp-content\/uploads\/2021\/03\/Kral-Cyklistiky-2020_28-768x512.jpg 768w, https:\/\/www.czechcyclingfederation.com\/wp-content\/uploads\/2021\/03\/Kral-Cyklistiky-2020_28-1536x1024.jpg 1536w, https:\/\/www.czechcyclingfederation.com\/wp-content\/uploads\/2021\/03\/Kral-Cyklistiky-2020_28-2048x1365.jpg 2048w, https:\/\/www.czechcyclingfederation.com\/wp-content\/uploads\/2021\/03\/Kral-Cyklistiky-2020_28-1320x880.jpg 1320w\" sizes=\"auto, (max-width: 580px) 100vw, 580px\" \/><figcaption>Ond\u0159ej Cink, t\u0159et\u00ed v anket\u011b Kr\u00e1l cyklistiky 2020<\/figcaption><\/figure>\n\n\n\n<p>V&nbsp;kategorii Juniorka a Junior roku 2020 byli vyhl\u00e1\u0161eni Aneta Novotn\u00e1, lo\u0148sk\u00e1 bronzov\u00e1 medailistka z Mistrovstv\u00ed sv\u011bta horsk\u00fdch kol a lo\u0148sk\u00fd Mistr Evropy v&nbsp;\u010dasovce Mathias Vacek. I p\u0159es to, \u017ee juniorsk\u00e1 kategorie byla v&nbsp;roce 2020 nejv\u00edce zasa\u017eenou kategori\u00ed, co do mno\u017estv\u00ed zru\u0161en\u00fdch \u0161ampion\u00e1t\u016f, poda\u0159ilo se \u010desk\u00fdm juniork\u00e1m a junior\u016fm v\u00fdsledkov\u011b prosadit a vybojovat \u0159adu cenn\u00fdch um\u00edst\u011bn\u00ed v&nbsp;evropsk\u00e9m i sv\u011btov\u00e9m pelotonu, co\u017e je d\u00edky t\u011bmto mlad\u00fdm nad\u011bj\u00edm pro \u010deskou cyklistiku skv\u011bl\u00fd v\u00fdhled do budoucnosti.<\/p>\n\n\n\n<figure class=\"wp-block-image size-large\"><img loading=\"lazy\" decoding=\"async\" width=\"1024\" height=\"683\" src=\"http:\/\/www.czechcyclingfederation.com\/wp-content\/uploads\/2021\/03\/Kral-Cyklistiky-2020_09-1024x683.jpg\" alt=\"\" class=\"wp-image-3751\" srcset=\"https:\/\/www.czechcyclingfederation.com\/wp-content\/uploads\/2021\/03\/Kral-Cyklistiky-2020_09-1024x683.jpg 1024w, https:\/\/www.czechcyclingfederation.com\/wp-content\/uploads\/2021\/03\/Kral-Cyklistiky-2020_09-300x200.jpg 300w, https:\/\/www.czechcyclingfederation.com\/wp-content\/uploads\/2021\/03\/Kral-Cyklistiky-2020_09-768x512.jpg 768w, https:\/\/www.czechcyclingfederation.com\/wp-content\/uploads\/2021\/03\/Kral-Cyklistiky-2020_09-1536x1024.jpg 1536w, https:\/\/www.czechcyclingfederation.com\/wp-content\/uploads\/2021\/03\/Kral-Cyklistiky-2020_09-2048x1365.jpg 2048w, https:\/\/www.czechcyclingfederation.com\/wp-content\/uploads\/2021\/03\/Kral-Cyklistiky-2020_09-1320x880.jpg 1320w\" sizes=\"auto, (max-width: 1024px) 100vw, 1024px\" \/><figcaption>Aneta Novotn\u00e1 &#8211; Juniorka roku 2020<\/figcaption><\/figure>\n\n\n\n<p>V&nbsp;r\u00e1mci ve\u010dera bylo tak\u00e9 odhaleno nov\u00e9 logo \u010cesk\u00e9ho svazu cyklistiky. Prezident \u010cSC Petr Marek p\u0159edstavil hlavn\u00ed my\u0161lenku jeho vzniku: <em>\u201eCht\u011bli jsme, aby nov\u00e9 logo bylo sv\u00fdm pojet\u00edm spole\u010dn\u00e9 pro v\u0161echny cyklisty a v\u0161echny cyklistick\u00e9 discipl\u00edny, co\u017e se douf\u00e1m povedlo.\u201c <\/em>Spole\u010dn\u00e9 pojet\u00ed podoby loga a spojen\u00ed v\u0161ech discipl\u00edn i v\u0161ech \u00farovn\u00ed v\u00fdkonnosti cyklist\u016f v\u010detn\u011b hobby jezdc\u016f pak je\u0161t\u011b dopl\u0148uje nov\u00fd claim svazu \u201eJedem za v\u0161echny\u201c.<\/p>\n\n\n\n<figure class=\"wp-block-image size-large\"><img loading=\"lazy\" decoding=\"async\" width=\"1024\" height=\"237\" src=\"http:\/\/www.czechcyclingfederation.com\/wp-content\/uploads\/2021\/03\/CSC-Logo-Horizontal-RGB-CZ-1024x237.jpg\" alt=\"\" class=\"wp-image-3752\" srcset=\"https:\/\/www.czechcyclingfederation.com\/wp-content\/uploads\/2021\/03\/CSC-Logo-Horizontal-RGB-CZ-1024x237.jpg 1024w, https:\/\/www.czechcyclingfederation.com\/wp-content\/uploads\/2021\/03\/CSC-Logo-Horizontal-RGB-CZ-300x70.jpg 300w, https:\/\/www.czechcyclingfederation.com\/wp-content\/uploads\/2021\/03\/CSC-Logo-Horizontal-RGB-CZ-768x178.jpg 768w, https:\/\/www.czechcyclingfederation.com\/wp-content\/uploads\/2021\/03\/CSC-Logo-Horizontal-RGB-CZ-1536x356.jpg 1536w, https:\/\/www.czechcyclingfederation.com\/wp-content\/uploads\/2021\/03\/CSC-Logo-Horizontal-RGB-CZ-1320x306.jpg 1320w, https:\/\/www.czechcyclingfederation.com\/wp-content\/uploads\/2021\/03\/CSC-Logo-Horizontal-RGB-CZ.jpg 2036w\" sizes=\"auto, (max-width: 1024px) 100vw, 1024px\" \/><figcaption>Nov\u00e9 logo \u010cesk\u00e9ho svazu cyklistiky<\/figcaption><\/figure>\n\n\n\n<figure class=\"wp-block-image size-large\"><img loading=\"lazy\" decoding=\"async\" width=\"1024\" height=\"662\" src=\"http:\/\/www.czechcyclingfederation.com\/wp-content\/uploads\/2021\/03\/claim-jedem-za-v\u0161echny-1024x662.jpg\" alt=\"\" class=\"wp-image-3754\" srcset=\"https:\/\/www.czechcyclingfederation.com\/wp-content\/uploads\/2021\/03\/claim-jedem-za-v\u0161echny-1024x662.jpg 1024w, https:\/\/www.czechcyclingfederation.com\/wp-content\/uploads\/2021\/03\/claim-jedem-za-v\u0161echny-300x194.jpg 300w, https:\/\/www.czechcyclingfederation.com\/wp-content\/uploads\/2021\/03\/claim-jedem-za-v\u0161echny-768x496.jpg 768w, https:\/\/www.czechcyclingfederation.com\/wp-content\/uploads\/2021\/03\/claim-jedem-za-v\u0161echny.jpg 1150w\" sizes=\"auto, (max-width: 1024px) 100vw, 1024px\" \/><figcaption>Nov\u00fd komunika\u010dn\u00ed claim <\/figcaption><\/figure>\n\n\n\n<p>Petr Marek rovn\u011b\u017e zm\u00ednil i pl\u00e1ny a vize \u010cesk\u00e9ho svazu cyklistiky do dal\u0161\u00edch let. Velk\u00fd d\u016fraz bude kladen na bezpe\u010dnost cyklist\u016f v&nbsp;silni\u010dn\u00edm provozu a tak\u00e9 na \u201ehobby\u201c a virtu\u00e1ln\u00ed cyklistiku. &#8220;<em> V&nbsp;lo\u0148sk\u00e9m roce &nbsp;doznala cyklistika vzhledem k&nbsp;epidemiologick\u00e9 situaci velk\u00e9ho vzr\u016fstu, proto\u017ee j\u00edzda na kole byla jedna z&nbsp;m\u00e1la sportovn\u00edch aktivit, kter\u00e9 mohli lid\u00e9 b\u011bhem omezen\u00ed pohybu provozovat, za co\u017e jsme byli velmi r\u00e1di. N\u00e1sledn\u011b v&nbsp;obdob\u00ed lockdownu, kdy se ji\u017e nedalo ani chodit ven, jsme p\u0159ipravili a spustili projekt virtu\u00e1ln\u00ed cyklistiky \u0160KODA e CUP, b\u011bhem kter\u00e9ho se mohou cyklist\u00e9 udr\u017eovat v&nbsp;kondici, zaz\u00e1vodit si a to i se z\u00e1vodn\u00edky z&nbsp;cel\u00e9ho sv\u011bta a p\u0159itom jet doma v&nbsp;ob\u00fdv\u00e1ku. A dal\u0161\u00ed velmi v\u00fdznamnou prioritou, kter\u00e9 se chceme a mus\u00edme v\u011bnovat je bezpe\u010dnost cyklist\u016f v&nbsp;silni\u010dn\u00edm provozu a ve spolupr\u00e1ci se \u0160KODA Auto je to startovn\u00ed v\u00fdst\u0159el to pro nov\u00e9 heslo Jedem za v\u0161echny,<\/em>&#8221; \u0159ekl Petr Marek.<\/p>\n\n\n\n<figure class=\"wp-block-image size-large\"><img loading=\"lazy\" decoding=\"async\" width=\"1024\" height=\"512\" src=\"http:\/\/www.czechcyclingfederation.com\/wp-content\/uploads\/2021\/03\/Kral-Cyklistiky-2020_26-1024x512.jpg\" alt=\"\" class=\"wp-image-3766\" srcset=\"https:\/\/www.czechcyclingfederation.com\/wp-content\/uploads\/2021\/03\/Kral-Cyklistiky-2020_26-1024x512.jpg 1024w, https:\/\/www.czechcyclingfederation.com\/wp-content\/uploads\/2021\/03\/Kral-Cyklistiky-2020_26-300x150.jpg 300w, https:\/\/www.czechcyclingfederation.com\/wp-content\/uploads\/2021\/03\/Kral-Cyklistiky-2020_26-768x384.jpg 768w, https:\/\/www.czechcyclingfederation.com\/wp-content\/uploads\/2021\/03\/Kral-Cyklistiky-2020_26-1536x768.jpg 1536w, https:\/\/www.czechcyclingfederation.com\/wp-content\/uploads\/2021\/03\/Kral-Cyklistiky-2020_26-2048x1024.jpg 2048w, https:\/\/www.czechcyclingfederation.com\/wp-content\/uploads\/2021\/03\/Kral-Cyklistiky-2020_26-1320x660.jpg 1320w\" sizes=\"auto, (max-width: 1024px) 100vw, 1024px\" \/><figcaption>Slavnostn\u00ed vyhl\u00e1\u0161en\u00ed kr\u00e1le \u010desk\u00e9 cyklistiky za rok 2020 v pra\u017esk\u00e9m Pr\u016fmyslov\u00e9m pal\u00e1ci.<\/figcaption><\/figure>\n\n\n\n<p>Cel\u00fd pr\u016fb\u011bh slavnostn\u00edho vyhla\u0161ov\u00e1n\u00ed ankety Kr\u00e1l cyklistiky byl pod\u0159\u00edzen p\u0159\u00edsn\u00fdm epidemiologick\u00fdm opat\u0159en\u00edm. V&nbsp;maxim\u00e1ln\u00ed m\u00ed\u0159e bylo p\u0159istoupeno k&nbsp;virtu\u00e1ln\u00edmu p\u0159edstaven\u00ed ocen\u011bn\u00fdch. Sc\u00e9n\u011b dominoval \u201eob\u00fdvac\u00ed pokoj s&nbsp;velkou televiz\u00ed\u201c, do kter\u00e9ho usedali pozvan\u00ed host\u00e9 a ocen\u011bn\u00ed sportovci v&nbsp;hlavn\u00edch kategori\u00edch. Na podium ve studiu vystoupili jen v\u00edt\u011bzov\u00e9 hlavn\u00edch kategori\u00ed &#8211; nejlep\u0161\u00ed juniorka bikerka Aneta Novotn\u00e1, jej\u00ed prot\u011bj\u0161ek Mathias Vacek v\u0161ak pouze z obrazovky, d\u00e1le Tom\u00e1\u0161 B\u00e1bek a Ond\u0159ej Cink, zat\u00edmco Pepa \u010cern\u00fd, z&nbsp;d\u016fvodu \u00fa\u010dasti na etapov\u00e9m z\u00e1vod\u011b v Belgii, pozdravil v\u0161echny rovn\u011b\u017e jen z obrazovky.<\/p>\n\n\n\n<p>Do S\u00edn\u011b sl\u00e1vy byl p\u0159iv\u00edt\u00e1n dal\u0161\u00ed nov\u00fd \u010dlen, b\u00fdval\u00fd vynikaj\u00edc\u00ed silni\u010d\u00e1\u0159 Anton\u00edn Barton\u00ed\u010dek. V minulosti byli uvedeni do S\u00edn\u011b sl\u00e1vy nejv\u011bt\u0161\u00ed legendy \u010desk\u00e9 a \u010deskoslovensk\u00e9 cyklistiky Ji\u0159\u00ed Daler, brat\u0159i Jan a Jind\u0159ich Posp\u00ed\u0161ilov\u00e9, Jan Smol\u00edk a Jan Vesel\u00fd. Jejich nov\u00fd par\u0165\u00e1k Barton\u00ed\u010dek vyhr\u00e1l \u0161est etap na Z\u00e1vodu m\u00edru, byl tren\u00e9rem reprezenta\u010dn\u00edho v\u00fdb\u011bru a po revoluci v roce 1989 se z n\u011bj stal \u00fasp\u011b\u0161n\u00fd \u201ecyklobyznysmen\u201c. <em>&#8220;\u017divot cyklisty byl nejkr\u00e1sn\u011bj\u0161\u00ed<\/em>,&#8221; \u0159ekl a zavzpom\u00ednal na z\u00e1v\u011bry etap, kdy se o vav\u0159\u00edny bojovalo p\u0159ed vyprodan\u00fdmi stadiony na dlouh\u00e9m \u0161kv\u00e1rov\u00e9m okruhu.<\/p>\n\n\n\n<figure class=\"wp-block-image size-large\"><img loading=\"lazy\" decoding=\"async\" width=\"1024\" height=\"683\" src=\"http:\/\/www.czechcyclingfederation.com\/wp-content\/uploads\/2021\/03\/Kral-Cyklistiky-2020_49-1024x683.jpg\" alt=\"\" class=\"wp-image-3756\" srcset=\"https:\/\/www.czechcyclingfederation.com\/wp-content\/uploads\/2021\/03\/Kral-Cyklistiky-2020_49-1024x683.jpg 1024w, https:\/\/www.czechcyclingfederation.com\/wp-content\/uploads\/2021\/03\/Kral-Cyklistiky-2020_49-300x200.jpg 300w, https:\/\/www.czechcyclingfederation.com\/wp-content\/uploads\/2021\/03\/Kral-Cyklistiky-2020_49-768x512.jpg 768w, https:\/\/www.czechcyclingfederation.com\/wp-content\/uploads\/2021\/03\/Kral-Cyklistiky-2020_49-1536x1024.jpg 1536w\" sizes=\"auto, (max-width: 1024px) 100vw, 1024px\" \/><figcaption>Anton\u00edn Barton\u00ed\u010dek &#8211; S\u00ed\u0148 sl\u00e1vy <\/figcaption><\/figure>\n\n\n\n<p>Krom\u011b samotn\u00e9ho Kr\u00e1le a hlavn\u00edch ocen\u011bn\u00fdch byli vyhl\u00e1\u0161eni i nejlep\u0161\u00ed sportovci jednotliv\u00fdch discipl\u00edn, ti ov\u0161em ji\u017e jen virtu\u00e1ln\u011b. Zaj\u00edmavou \u010d\u00e1st\u00ed ve\u010dera bylo t\u00e9ma \u0160KODA AUTO ve spojen\u00ed s Tour de France. Div\u00e1k\u016fm byl p\u0159edstaven \u0159editelsk\u00fd v\u016fz &#8211; pln\u011b elektrick\u00e9 SUV \u0160KODA Enyaq iV, v n\u011bm\u017e absolvoval lo\u0148skou \u00b4Starou d\u00e1mu\u00b4 \u0159editel Christian Prudhomme a div\u00e1ci mohli nahl\u00e9dnout i do \u00fatrob interi\u00e9ru tohoto unik\u00e1tn\u00edho vozu.<\/p>\n\n\n\n<figure class=\"wp-block-image size-large is-resized\"><img loading=\"lazy\" decoding=\"async\" src=\"http:\/\/www.czechcyclingfederation.com\/wp-content\/uploads\/2021\/03\/Kral-Cyklistiky-2020_02-1024x683.jpg\" alt=\"\" class=\"wp-image-3768\" width=\"580\" height=\"386\" srcset=\"https:\/\/www.czechcyclingfederation.com\/wp-content\/uploads\/2021\/03\/Kral-Cyklistiky-2020_02-1024x683.jpg 1024w, https:\/\/www.czechcyclingfederation.com\/wp-content\/uploads\/2021\/03\/Kral-Cyklistiky-2020_02-300x200.jpg 300w, https:\/\/www.czechcyclingfederation.com\/wp-content\/uploads\/2021\/03\/Kral-Cyklistiky-2020_02-768x512.jpg 768w, https:\/\/www.czechcyclingfederation.com\/wp-content\/uploads\/2021\/03\/Kral-Cyklistiky-2020_02-1536x1024.jpg 1536w, https:\/\/www.czechcyclingfederation.com\/wp-content\/uploads\/2021\/03\/Kral-Cyklistiky-2020_02-2048x1365.jpg 2048w, https:\/\/www.czechcyclingfederation.com\/wp-content\/uploads\/2021\/03\/Kral-Cyklistiky-2020_02-1320x880.jpg 1320w\" sizes=\"auto, (max-width: 580px) 100vw, 580px\" \/><figcaption>Pln\u011b elektrick\u00e9 SUV \u0160KODA Enyaq iV &#8211; \u0159editelsk\u00fd v\u016fz Tour de France<\/figcaption><\/figure>\n\n\n\n<p>Nov\u00fd Kr\u00e1l cyklistiky 2020 Tom\u00e1\u0161 B\u00e1bek p\u0159evzal z rukou vedouc\u00edho marketingu \u0160KODA AUTO Petra Janeby symbolick\u00fd i prav\u00fd kl\u00ed\u010d k pln\u011b elektrick\u00e9mu automobilu modelu Enyaq iV, kter\u00fd bude moci t\u0159iat\u0159icetilet\u00fd dr\u00e1ha\u0159 v&nbsp;roce 2021 pou\u017e\u00edvat. <em>&#8220;Kr\u00e1l si zaslou\u017e\u00ed v\u017edy v\u0161e nejlep\u0161\u00ed a nejv\u00edc. V\u00edc prozrazovat nebudeme, ale mo\u017en\u00e1 se uvid\u00edme na Tour de France,&#8221; \u0159ekl Petr Janeba p\u0159i p\u0159ed\u00e1n\u00ed ceny. \u201eSpole\u010dnost \u0160KODA AUTO v\u017edy podporovala cyklistiku a fandila cyklist\u016fm! V\u011b\u0159\u00edm, \u017ee spojen\u00ed bez emisn\u00ed mobility voz\u016f \u0160KODA a cyklistiky bude v\u00edtan\u00e9 a nov\u00fd v\u016fz Eniaq, kter\u00fd bude doprov\u00e1zet cyklistick\u00e9 pelotony a z\u00e1vody z\u00e1vodn\u00edci ocen\u00ed. A\u0165 u\u017e proto, \u017ee auto bude velmi tich\u00e9, bude bezpe\u010dn\u00e9 a hlavn\u011b jim nebude ani tro\u0161i\u010dku smrd\u011bt. <\/em>:-)\u201c dodal pan Janeba s&nbsp;\u00fasm\u011bvem.<\/p>\n\n\n\n<figure class=\"wp-block-image size-large\"><img loading=\"lazy\" decoding=\"async\" width=\"1024\" height=\"683\" src=\"http:\/\/www.czechcyclingfederation.com\/wp-content\/uploads\/2021\/03\/Kral-Cyklistiky-2020_36-1024x683.jpg\" alt=\"\" class=\"wp-image-3771\" srcset=\"https:\/\/www.czechcyclingfederation.com\/wp-content\/uploads\/2021\/03\/Kral-Cyklistiky-2020_36-1024x683.jpg 1024w, https:\/\/www.czechcyclingfederation.com\/wp-content\/uploads\/2021\/03\/Kral-Cyklistiky-2020_36-300x200.jpg 300w, https:\/\/www.czechcyclingfederation.com\/wp-content\/uploads\/2021\/03\/Kral-Cyklistiky-2020_36-768x512.jpg 768w, https:\/\/www.czechcyclingfederation.com\/wp-content\/uploads\/2021\/03\/Kral-Cyklistiky-2020_36-1536x1024.jpg 1536w\" sizes=\"auto, (max-width: 1024px) 100vw, 1024px\" \/><figcaption>Slavnostn\u00ed vyhl\u00e1\u0161en\u00ed kr\u00e1le \u010desk\u00e9 cyklistiky za rok 2020 v pra\u017esk\u00e9m Pr\u016fmyslov\u00e9m pal\u00e1ci.<\/figcaption><\/figure>\n\n\n\n<p><em>Foto: Michal \u010cerven\u00fd<\/em><\/p>\n\n\n\n<p><strong>Kr\u00e1l cyklistiky 2020 \u2013 seznam ocen\u011bn\u00fdch<\/strong><\/p>\n\n\n\n<figure class=\"wp-block-table\"><table><tbody><tr><td><strong>Anketa Kr\u00e1l cyklistiky<\/strong><\/td><td><\/td><\/tr><tr><td>1<\/td><td>Tom\u00e1\u0161 B\u00e1bek<\/td><\/tr><tr><td>2<\/td><td>Josef \u010cern\u00fd<\/td><\/tr><tr><td>3<\/td><td>Ond\u0159ej Cink<\/td><\/tr><tr><td>3<\/td><td>Mathias Vacek<\/td><\/tr><tr><td><strong>Juniorka 2020<\/strong><\/td><td>Aneta Novotn\u00e1<\/td><\/tr><tr><td><strong>Junior 2020<\/strong><\/td><td>Mathias Vacek<\/td><\/tr><tr><td><strong>S\u00ed\u0148 sl\u00e1vy<\/strong><\/td><td>Anton\u00edn Barton\u00ed\u010dek<\/td><\/tr><\/tbody><\/table><\/figure>\n\n\n\n<p><strong>Ocen\u011bn\u00ed v jednotliv\u00fdch discipl\u00edn\u00e1ch&nbsp;<\/strong><\/p>\n\n\n\n<figure class=\"wp-block-table\"><table><tbody><tr><td>&nbsp;<\/td><td><strong>Nejlep\u0161\u00ed Mu\u017e<\/strong><\/td><td><strong>Nejlep\u0161\u00ed \u017dena<\/strong><\/td><td><strong>Nejlep\u0161\u00ed Junior<\/strong><\/td><td><strong>Nejlep\u0161\u00ed Juniorka<\/strong><\/td><\/tr><tr><td><strong>s\u00e1lovka<\/strong><\/td><td>Ji\u0159\u00ed Hrdli\u010dka st.<\/td><td>Ad\u00e9la P\u0159ibylov\u00e1<\/td><td>Dominik Ot\u00e1sek<\/td><td>Alena Florov\u00e1<\/td><\/tr><tr><td><strong>BMX<\/strong><\/td><td>Adam Hlad\u00edk<\/td><td>Eli\u0161ka Bart\u016f\u0148kov\u00e1<\/td><td>Mat\u011bj Linhart<\/td><td>Michaela H\u00e1jkov\u00e1<\/td><\/tr><tr><td><strong>cyklokros<\/strong><\/td><td>Michael Boro\u0161<\/td><td>Kate\u0159ina Nash<\/td><td>Mat\u011bj Str\u00e1nsk\u00fd<\/td><td>Julia Kopecky<\/td><\/tr><tr><td><strong>dr\u00e1ha<\/strong><\/td><td>Tom\u00e1\u0161 B\u00e1bek<\/td><td>S\u00e1ra Ka\u0148kovsk\u00e1<\/td><td>\u0160t\u011bp\u00e1n \u0160irok\u00fd<\/td><td>Gabriela B\u00e1rtov\u00e1<\/td><\/tr><tr><td><strong>MTB<\/strong><\/td><td>Ond\u0159ej Cink<\/td><td>Jitka \u010c\u00e1belick\u00e1<\/td><td>Jan Zatloukal<\/td><td>Aneta Novotn\u00e1<\/td><\/tr><tr><td><strong>para cyklistika<\/strong><\/td><td>Ivo Koblasa<\/td><td>Kate\u0159ina Anto\u0161ov\u00e1<\/td><td>&nbsp;<\/td><td>&nbsp;<\/td><\/tr><tr><td><strong>silnice<\/strong><\/td><td>Josef \u010cern\u00fd<\/td><td>Jarmila Macha\u010dov\u00e1<\/td><td>Mathias Vacek<\/td><td>Krist\u00fdna Burlov\u00e1<\/td><\/tr><\/tbody><\/table><\/figure>\n","protected":false},"excerpt":{"rendered":"<p>Kr\u00e1lem cyklistiky roku 2020 se stal ji\u017e podruh\u00e9 ve sv\u00e9 kari\u00e9\u0159e sprinter Tom\u00e1\u0161 B\u00e1bek. V&nbsp;tradi\u010dn\u00ed anket\u011b o nejlep\u0161\u00edho cyklistu roku, kter\u00e1 se pravideln\u011b kon\u00e1 ji\u017e 56 let, obdr\u017eel \u010desk\u00fd reprezentant v&nbsp;dr\u00e1hov\u00e9 cyklistice Tom\u00e1\u0161 B\u00e1bek nejvy\u0161\u0161\u00ed po\u010det hlas\u016f. Druh\u00fd nejvy\u0161\u0161\u00ed po\u010det hlas\u016f z\u00edskal silni\u010d\u00e1\u0159 Josef \u010cern\u00fd a o t\u0159et\u00ed m\u00edsto se se shodn\u00fdm po\u010dtem hlas\u016f v [&hellip;]<\/p>\n","protected":false},"author":3,"featured_media":3747,"comment_status":"closed","ping_status":"open","sticky":false,"template":"","format":"standard","meta":{"footnotes":""},"categories":[28,2],"tags":[119],"class_list":["post-3746","post","type-post","status-publish","format-standard","has-post-thumbnail","hentry","category-cesky-svaz-cyklistiky","category-novinky","tag-csc"],"_links":{"self":[{"href":"https:\/\/www.czechcyclingfederation.com\/en\/wp-json\/wp\/v2\/posts\/3746","targetHints":{"allow":["GET"]}}],"collection":[{"href":"https:\/\/www.czechcyclingfederation.com\/en\/wp-json\/wp\/v2\/posts"}],"about":[{"href":"https:\/\/www.czechcyclingfederation.com\/en\/wp-json\/wp\/v2\/types\/post"}],"author":[{"embeddable":true,"href":"https:\/\/www.czechcyclingfederation.com\/en\/wp-json\/wp\/v2\/users\/3"}],"replies":[{"embeddable":true,"href":"https:\/\/www.czechcyclingfederation.com\/en\/wp-json\/wp\/v2\/comments?post=3746"}],"version-history":[{"count":9,"href":"https:\/\/www.czechcyclingfederation.com\/en\/wp-json\/wp\/v2\/posts\/3746\/revisions"}],"predecessor-version":[{"id":3773,"href":"https:\/\/www.czechcyclingfederation.com\/en\/wp-json\/wp\/v2\/posts\/3746\/revisions\/3773"}],"wp:featuredmedia":[{"embeddable":true,"href":"https:\/\/www.czechcyclingfederation.com\/en\/wp-json\/wp\/v2\/media\/3747"}],"wp:attachment":[{"href":"https:\/\/www.czechcyclingfederation.com\/en\/wp-json\/wp\/v2\/media?parent=3746"}],"wp:term":[{"taxonomy":"category","embeddable":true,"href":"https:\/\/www.czechcyclingfederation.com\/en\/wp-json\/wp\/v2\/categories?post=3746"},{"taxonomy":"post_tag","embeddable":true,"href":"https:\/\/www.czechcyclingfederation.com\/en\/wp-json\/wp\/v2\/tags?post=3746"}],"curies":[{"name":"wp","href":"https:\/\/api.w.org\/{rel}","templated":true}]}}