{"id":37310,"date":"2025-09-05T21:28:46","date_gmt":"2025-09-05T19:28:46","guid":{"rendered":"https:\/\/www.czechcyclingfederation.com\/?p=37310"},"modified":"2025-09-05T21:28:49","modified_gmt":"2025-09-05T19:28:49","slug":"sabina-kosarkova-mistryni-sveta-v-pumptracku","status":"publish","type":"post","link":"https:\/\/www.czechcyclingfederation.com\/en\/sabina-kosarkova-mistryni-sveta-v-pumptracku\/","title":{"rendered":"Sabina Ko\u0161\u00e1rkov\u00e1 mistryn\u00ed sv\u011bta v\u00a0pumptracku!"},"content":{"rendered":"\n<p>\u010cesk\u00e1 reprezentantka <strong>Sabina Ko\u0161\u00e1rkov\u00e1<\/strong> je podruh\u00e9 v&nbsp;\u0159ad\u011b mistryn\u00ed sv\u011bta v&nbsp;cyklistick\u00e9 discipl\u00edn\u011b pumptrack! Dnes obh\u00e1jila ve \u0161v\u00fdcarsk\u00e9m Monthey na sv\u011btov\u00e9m \u0161ampion\u00e1tu MTB titul z&nbsp;jihoafrick\u00e9ho Durbanu.<\/p>\n\n\n\n<figure class=\"wp-block-image size-large\"><img loading=\"lazy\" decoding=\"async\" width=\"1024\" height=\"683\" src=\"https:\/\/www.czechcyclingfederation.com\/wp-content\/uploads\/2025\/09\/kosarkova-2-1024x683.jpg\" alt=\"\" class=\"wp-image-37313\" srcset=\"https:\/\/www.czechcyclingfederation.com\/wp-content\/uploads\/2025\/09\/kosarkova-2-1024x683.jpg 1024w, https:\/\/www.czechcyclingfederation.com\/wp-content\/uploads\/2025\/09\/kosarkova-2-300x200.jpg 300w, https:\/\/www.czechcyclingfederation.com\/wp-content\/uploads\/2025\/09\/kosarkova-2-768x512.jpg 768w, https:\/\/www.czechcyclingfederation.com\/wp-content\/uploads\/2025\/09\/kosarkova-2-1536x1024.jpg 1536w, https:\/\/www.czechcyclingfederation.com\/wp-content\/uploads\/2025\/09\/kosarkova-2-1320x880.jpg 1320w, https:\/\/www.czechcyclingfederation.com\/wp-content\/uploads\/2025\/09\/kosarkova-2.jpg 1600w\" sizes=\"auto, (max-width: 1024px) 100vw, 1024px\" \/><\/figure>\n\n\n\n<p>Devaten\u00e1ctilet\u00e1 Ko\u0161\u00e1rkov\u00e1 proch\u00e1zela celou sout\u011b\u017e\u00ed, kde startovalo 37 \u017een, naprosto suver\u00e9nn\u011b. Pouze ve \u010dtvrtfin\u00e1le skon\u010dila druh\u00e1, kdy\u017e ji porazila dal\u0161\u00ed velk\u00e1 favoritka, \u0161v\u00fdcarsk\u00e1 trojn\u00e1sobn\u00e1 mistryn\u011b sv\u011bta Christa von Niederhausernov\u00e1. Ob\u011b hladce postoupily i do fin\u00e1le a tam zajela o pouh\u00e9 dv\u011b setiny rychlej\u0161\u00ed j\u00edzdu \u010desk\u00e1 z\u00e1vodnice, kter\u00e1 startovala a\u017e jako druh\u00e1 za \u0160v\u00fdcarkou.<\/p>\n\n\n\n<figure class=\"wp-block-image size-large\"><img loading=\"lazy\" decoding=\"async\" width=\"1024\" height=\"683\" src=\"https:\/\/www.czechcyclingfederation.com\/wp-content\/uploads\/2025\/09\/CER_7877-1024x683.jpg\" alt=\"\" class=\"wp-image-37315\" srcset=\"https:\/\/www.czechcyclingfederation.com\/wp-content\/uploads\/2025\/09\/CER_7877-1024x683.jpg 1024w, https:\/\/www.czechcyclingfederation.com\/wp-content\/uploads\/2025\/09\/CER_7877-300x200.jpg 300w, https:\/\/www.czechcyclingfederation.com\/wp-content\/uploads\/2025\/09\/CER_7877-768x512.jpg 768w, https:\/\/www.czechcyclingfederation.com\/wp-content\/uploads\/2025\/09\/CER_7877-1536x1024.jpg 1536w, https:\/\/www.czechcyclingfederation.com\/wp-content\/uploads\/2025\/09\/CER_7877-1320x880.jpg 1320w, https:\/\/www.czechcyclingfederation.com\/wp-content\/uploads\/2025\/09\/CER_7877.jpg 1600w\" sizes=\"auto, (max-width: 1024px) 100vw, 1024px\" \/><\/figure>\n\n\n\n<p><em>\u201eJe to neskute\u010dn\u00e9, cel\u00fd skv\u011bl\u00fd den,\u201c <\/em>rozpl\u00fdvala se Ko\u0161\u00e1rkov\u00e1 kr\u00e1tce pot\u00e9, co na stupn\u00edch v\u00edt\u011bz\u016f dostala zlatou medaili, duhov\u00fd dres \u0161ampi\u00f3nky a speci\u00e1ln\u00ed trofej s\u00a0tradi\u010dn\u00edm \u0161v\u00fdcarsk\u00fdm zvoncem.<\/p>\n\n\n\n<figure class=\"wp-block-image size-large\"><img loading=\"lazy\" decoding=\"async\" width=\"1024\" height=\"683\" src=\"https:\/\/www.czechcyclingfederation.com\/wp-content\/uploads\/2025\/09\/kosarkova-4-1024x683.jpg\" alt=\"\" class=\"wp-image-37317\" srcset=\"https:\/\/www.czechcyclingfederation.com\/wp-content\/uploads\/2025\/09\/kosarkova-4-1024x683.jpg 1024w, https:\/\/www.czechcyclingfederation.com\/wp-content\/uploads\/2025\/09\/kosarkova-4-300x200.jpg 300w, https:\/\/www.czechcyclingfederation.com\/wp-content\/uploads\/2025\/09\/kosarkova-4-768x512.jpg 768w, https:\/\/www.czechcyclingfederation.com\/wp-content\/uploads\/2025\/09\/kosarkova-4-1536x1024.jpg 1536w, https:\/\/www.czechcyclingfederation.com\/wp-content\/uploads\/2025\/09\/kosarkova-4-1320x880.jpg 1320w, https:\/\/www.czechcyclingfederation.com\/wp-content\/uploads\/2025\/09\/kosarkova-4.jpg 1600w\" sizes=\"auto, (max-width: 1024px) 100vw, 1024px\" \/><\/figure>\n\n\n\n<p><em>\u201ePo\u0159\u00e1d to moc nepob\u00edr\u00e1m. P\u0159ed fin\u00e1le jsem byla hodn\u011b nerv\u00f3zn\u00ed. \u0160v\u00fdcarka jela doma, m\u011bla na sv\u00e9 stran\u011b fanou\u0161ky. Ani jsem jej\u00ed \u010das nevn\u00edmala, soust\u0159edila jsem se jen na svou j\u00edzdu. Nebyla \u00fapln\u011b ide\u00e1ln\u00ed, ale sta\u010dilo to. V\u00a0prvn\u00ed chv\u00edli jsem v\u016fbec nev\u011bd\u011bla, \u017ee jsem vyhr\u00e1la. Kdy\u017e \u0159ekli moje jm\u00e9no, \u0159vala jsem dojet\u00edm a sna\u017eila jsem se naj\u00edt kamar\u00e1dy, kte\u0159\u00ed tu byli,\u201c <\/em>popsala mistryn\u011b sv\u011bta.<\/p>\n\n\n\n<figure class=\"wp-block-image size-large\"><img loading=\"lazy\" decoding=\"async\" width=\"1024\" height=\"683\" src=\"https:\/\/www.czechcyclingfederation.com\/wp-content\/uploads\/2025\/09\/CEM_9843-1024x683.jpg\" alt=\"\" class=\"wp-image-37319\" srcset=\"https:\/\/www.czechcyclingfederation.com\/wp-content\/uploads\/2025\/09\/CEM_9843-1024x683.jpg 1024w, https:\/\/www.czechcyclingfederation.com\/wp-content\/uploads\/2025\/09\/CEM_9843-300x200.jpg 300w, https:\/\/www.czechcyclingfederation.com\/wp-content\/uploads\/2025\/09\/CEM_9843-768x512.jpg 768w, https:\/\/www.czechcyclingfederation.com\/wp-content\/uploads\/2025\/09\/CEM_9843-1536x1024.jpg 1536w, https:\/\/www.czechcyclingfederation.com\/wp-content\/uploads\/2025\/09\/CEM_9843-1320x880.jpg 1320w, https:\/\/www.czechcyclingfederation.com\/wp-content\/uploads\/2025\/09\/CEM_9843.jpg 1600w\" sizes=\"auto, (max-width: 1024px) 100vw, 1024px\" \/><\/figure>\n\n\n\n<p><em>\u201eJsem moc r\u00e1da, \u017ee jsem to dala, proto\u017ee obh\u00e1jit je v\u017edycky daleko t\u011b\u017e\u0161\u00ed ne\u017e vyhr\u00e1t poprv\u00e9. Ve fin\u00e1le jsem byla tro\u0161ku pod tlakem, v\u011bd\u011bla jsem, \u017ee nesm\u00edm ud\u011blat \u017e\u00e1dnou chybu. Nav\u00edc u\u017e doch\u00e1zely s\u00edly po t\u011bch p\u0159edchoz\u00edch j\u00edzd\u00e1ch. Jsou to neskute\u010dn\u00e9 pocity a m\u011bla jsem obrovskou radost, \u017ee si zase m\u016f\u017eu na p\u00f3diu zazp\u00edvat na\u0161i hymnu,\u201c<\/em> prozradila Ko\u0161\u00e1rkov\u00e1.<\/p>\n\n\n\n<figure class=\"wp-block-image size-large\"><img loading=\"lazy\" decoding=\"async\" width=\"1024\" height=\"683\" src=\"https:\/\/www.czechcyclingfederation.com\/wp-content\/uploads\/2025\/09\/kosarkova-3-1024x683.jpg\" alt=\"\" class=\"wp-image-37321\" srcset=\"https:\/\/www.czechcyclingfederation.com\/wp-content\/uploads\/2025\/09\/kosarkova-3-1024x683.jpg 1024w, https:\/\/www.czechcyclingfederation.com\/wp-content\/uploads\/2025\/09\/kosarkova-3-300x200.jpg 300w, https:\/\/www.czechcyclingfederation.com\/wp-content\/uploads\/2025\/09\/kosarkova-3-768x512.jpg 768w, https:\/\/www.czechcyclingfederation.com\/wp-content\/uploads\/2025\/09\/kosarkova-3-1536x1024.jpg 1536w, https:\/\/www.czechcyclingfederation.com\/wp-content\/uploads\/2025\/09\/kosarkova-3-1320x880.jpg 1320w, https:\/\/www.czechcyclingfederation.com\/wp-content\/uploads\/2025\/09\/kosarkova-3.jpg 1600w\" sizes=\"auto, (max-width: 1024px) 100vw, 1024px\" \/><\/figure>\n\n\n\n<p>Mistrem sv\u011bta v&nbsp;mu\u017esk\u00e9 elitn\u00ed kategorii se stal Francouz Eddy Clert\u00e9, kter\u00fd ve fin\u00e1le porazil dom\u00e1c\u00edho Tristana Borela.<\/p>\n\n\n\n<p><strong>V\u00fdsledky \u2013 \u017eeny: 1. Ko\u0161\u00e1rkov\u00e1<\/strong> (\u010cR), 2. von Niederhausernov\u00e1 (\u0160v\u00fdc.), 3. Blackov\u00e1 (N\u011bm.), 4. Petersoneov\u00e1 (Loty\u0161.).<\/p>\n\n\n\n<p><strong>Mu\u017ei: <\/strong>1. Clert\u00e9 (Fr.), 2. Borel (\u0160v\u00fdc.), 3. Elzenga (Niz.), 4. Gr\u00fcnig (\u0160v\u00fdc.).<\/p>\n\n\n\n<p>Foto: Michal \u010cerven\u00fd<\/p>\n","protected":false},"excerpt":{"rendered":"<p>\u010cesk\u00e1 reprezentantka Sabina Ko\u0161\u00e1rkov\u00e1 je podruh\u00e9 v&nbsp;\u0159ad\u011b mistryn\u00ed sv\u011bta v&nbsp;cyklistick\u00e9 discipl\u00edn\u011b pumptrack! Dnes obh\u00e1jila ve \u0161v\u00fdcarsk\u00e9m Monthey na sv\u011btov\u00e9m \u0161ampion\u00e1tu MTB titul z&nbsp;jihoafrick\u00e9ho Durbanu. Devaten\u00e1ctilet\u00e1 Ko\u0161\u00e1rkov\u00e1 proch\u00e1zela celou sout\u011b\u017e\u00ed, kde startovalo 37 \u017een, naprosto suver\u00e9nn\u011b. Pouze ve \u010dtvrtfin\u00e1le skon\u010dila druh\u00e1, kdy\u017e ji porazila dal\u0161\u00ed velk\u00e1 favoritka, \u0161v\u00fdcarsk\u00e1 trojn\u00e1sobn\u00e1 mistryn\u011b sv\u011bta Christa von Niederhausernov\u00e1. Ob\u011b hladce [&hellip;]<\/p>\n","protected":false},"author":15,"featured_media":37311,"comment_status":"closed","ping_status":"open","sticky":false,"template":"","format":"standard","meta":{"footnotes":""},"categories":[6,2],"tags":[10],"class_list":["post-37310","post","type-post","status-publish","format-standard","has-post-thumbnail","hentry","category-mtb","category-novinky","tag-mtb"],"_links":{"self":[{"href":"https:\/\/www.czechcyclingfederation.com\/en\/wp-json\/wp\/v2\/posts\/37310","targetHints":{"allow":["GET"]}}],"collection":[{"href":"https:\/\/www.czechcyclingfederation.com\/en\/wp-json\/wp\/v2\/posts"}],"about":[{"href":"https:\/\/www.czechcyclingfederation.com\/en\/wp-json\/wp\/v2\/types\/post"}],"author":[{"embeddable":true,"href":"https:\/\/www.czechcyclingfederation.com\/en\/wp-json\/wp\/v2\/users\/15"}],"replies":[{"embeddable":true,"href":"https:\/\/www.czechcyclingfederation.com\/en\/wp-json\/wp\/v2\/comments?post=37310"}],"version-history":[{"count":1,"href":"https:\/\/www.czechcyclingfederation.com\/en\/wp-json\/wp\/v2\/posts\/37310\/revisions"}],"predecessor-version":[{"id":37323,"href":"https:\/\/www.czechcyclingfederation.com\/en\/wp-json\/wp\/v2\/posts\/37310\/revisions\/37323"}],"wp:featuredmedia":[{"embeddable":true,"href":"https:\/\/www.czechcyclingfederation.com\/en\/wp-json\/wp\/v2\/media\/37311"}],"wp:attachment":[{"href":"https:\/\/www.czechcyclingfederation.com\/en\/wp-json\/wp\/v2\/media?parent=37310"}],"wp:term":[{"taxonomy":"category","embeddable":true,"href":"https:\/\/www.czechcyclingfederation.com\/en\/wp-json\/wp\/v2\/categories?post=37310"},{"taxonomy":"post_tag","embeddable":true,"href":"https:\/\/www.czechcyclingfederation.com\/en\/wp-json\/wp\/v2\/tags?post=37310"}],"curies":[{"name":"wp","href":"https:\/\/api.w.org\/{rel}","templated":true}]}}