{"id":37286,"date":"2025-09-01T13:19:33","date_gmt":"2025-09-01T11:19:33","guid":{"rendered":"https:\/\/www.czechcyclingfederation.com\/?p=37286"},"modified":"2025-09-01T13:35:28","modified_gmt":"2025-09-01T11:35:28","slug":"zmena-terminu-hsf-system-cupu-kolin","status":"publish","type":"post","link":"https:\/\/www.czechcyclingfederation.com\/en\/zmena-terminu-hsf-system-cupu-kolin\/","title":{"rendered":"Zm\u011bna term\u00ednu HSF System Cup Kol\u00edn a \u00faprava bodov\u00e1n\u00ed poh\u00e1ru!"},"content":{"rendered":"\n<p>Z\u00a0d\u016fvodu dopravn\u00edho omezen\u00ed byli po\u0159adatel\u00e9 nuceni zm\u011bnit term\u00edn kon\u00e1n\u00ed z\u00e1vodu HSF SYSTEM CUP 2025 v\u00a0Kol\u00edn\u011b z\u00a011.10. na 29. 11. 2025. Vzhledem k\u00a0tomu, \u017ee se o tomto v\u00edkendu v\u00a0ned\u011bli 30. 11. 2025 kon\u00e1 z\u00e1vod Sv\u011btov\u00e9ho poh\u00e1ru v\u00a0cyklokrosu ve francouzsk\u00e9m\u00a0Flamanville i pro ml\u00e1de\u017enick\u00e9 kategorie,\u00a0zm\u011bnilo se bodov\u00e1n\u00ed celkov\u00e9ho hodnocen\u00ed sout\u011b\u017ee jednotlivc\u016f pro kategorie mu\u017ei a \u017eeny. V\u00a0aktualizovan\u00e9 verzi se bude zapo\u010d\u00edt\u00e1vat 6 ze 7 z\u00e1vod\u016f (p\u016fvodn\u011b se zapo\u010d\u00edt\u00e1valy v\u0161echny z\u00e1vody), viz bod 6, odst. 1 rozpisu.<\/p>\n\n\n\n<p>V&nbsp;souvislosti s&nbsp;t\u00edm se v&nbsp;rozpisu zm\u011bnilo bodov\u00e1n\u00ed celkov\u00e9ho hodnocen\u00ed sout\u011b\u017ee jednotlivc\u016f pro kategorie mu\u017ei a \u017eeny. V&nbsp;aktualizovan\u00e9 verzi se bude zapo\u010d\u00edt\u00e1vat 6 ze 7 z\u00e1vod\u016f (p\u016fvodn\u011b se zapo\u010d\u00edt\u00e1valy v\u0161echny z\u00e1vody), viz bod 6, odst. 1 rozpisu.<\/p>\n\n\n\n<p><\/p>\n","protected":false},"excerpt":{"rendered":"<p>Z\u00a0d\u016fvodu dopravn\u00edho omezen\u00ed byli po\u0159adatel\u00e9 nuceni zm\u011bnit term\u00edn kon\u00e1n\u00ed z\u00e1vodu HSF SYSTEM CUP 2025 v\u00a0Kol\u00edn\u011b z\u00a011.10. na 29. 11. 2025. Vzhledem k\u00a0tomu, \u017ee se o tomto v\u00edkendu v\u00a0ned\u011bli 30. 11. 2025 kon\u00e1 z\u00e1vod Sv\u011btov\u00e9ho poh\u00e1ru v\u00a0cyklokrosu ve francouzsk\u00e9m\u00a0Flamanville i pro ml\u00e1de\u017enick\u00e9 kategorie,\u00a0zm\u011bnilo se bodov\u00e1n\u00ed celkov\u00e9ho hodnocen\u00ed sout\u011b\u017ee jednotlivc\u016f pro kategorie mu\u017ei a \u017eeny. V\u00a0aktualizovan\u00e9 verzi [&hellip;]<\/p>\n","protected":false},"author":32,"featured_media":33288,"comment_status":"closed","ping_status":"open","sticky":false,"template":"","format":"standard","meta":{"footnotes":""},"categories":[188,58,2],"tags":[59],"class_list":["post-37286","post","type-post","status-publish","format-standard","has-post-thumbnail","hentry","category-cyklokros-fotogalerie","category-cyklokros","category-novinky","tag-cyklokros"],"_links":{"self":[{"href":"https:\/\/www.czechcyclingfederation.com\/en\/wp-json\/wp\/v2\/posts\/37286","targetHints":{"allow":["GET"]}}],"collection":[{"href":"https:\/\/www.czechcyclingfederation.com\/en\/wp-json\/wp\/v2\/posts"}],"about":[{"href":"https:\/\/www.czechcyclingfederation.com\/en\/wp-json\/wp\/v2\/types\/post"}],"author":[{"embeddable":true,"href":"https:\/\/www.czechcyclingfederation.com\/en\/wp-json\/wp\/v2\/users\/32"}],"replies":[{"embeddable":true,"href":"https:\/\/www.czechcyclingfederation.com\/en\/wp-json\/wp\/v2\/comments?post=37286"}],"version-history":[{"count":3,"href":"https:\/\/www.czechcyclingfederation.com\/en\/wp-json\/wp\/v2\/posts\/37286\/revisions"}],"predecessor-version":[{"id":37292,"href":"https:\/\/www.czechcyclingfederation.com\/en\/wp-json\/wp\/v2\/posts\/37286\/revisions\/37292"}],"wp:featuredmedia":[{"embeddable":true,"href":"https:\/\/www.czechcyclingfederation.com\/en\/wp-json\/wp\/v2\/media\/33288"}],"wp:attachment":[{"href":"https:\/\/www.czechcyclingfederation.com\/en\/wp-json\/wp\/v2\/media?parent=37286"}],"wp:term":[{"taxonomy":"category","embeddable":true,"href":"https:\/\/www.czechcyclingfederation.com\/en\/wp-json\/wp\/v2\/categories?post=37286"},{"taxonomy":"post_tag","embeddable":true,"href":"https:\/\/www.czechcyclingfederation.com\/en\/wp-json\/wp\/v2\/tags?post=37286"}],"curies":[{"name":"wp","href":"https:\/\/api.w.org\/{rel}","templated":true}]}}