{"id":37266,"date":"2025-08-31T18:39:26","date_gmt":"2025-08-31T16:39:26","guid":{"rendered":"https:\/\/www.czechcyclingfederation.com\/?p=37266"},"modified":"2025-08-31T18:41:30","modified_gmt":"2025-08-31T16:41:30","slug":"spesna-v-les-gets-na-devatem-miste-cinka-zbrzdily-problemy","status":"publish","type":"post","link":"https:\/\/www.czechcyclingfederation.com\/en\/spesna-v-les-gets-na-devatem-miste-cinka-zbrzdily-problemy\/","title":{"rendered":"Sp\u011b\u0161n\u00e1 v Les Gets na dev\u00e1t\u00e9m m\u00edst\u011b, Cinka zbrzdily probl\u00e9my"},"content":{"rendered":"\n<p><strong>Skv\u011bl\u00fd v\u00fdsledek na Sv\u011btov\u00e9m poh\u00e1ru horsk\u00fdch kol ve francouzsk\u00e9m v Les Gets, p\u0159ed bl\u00ed\u017e\u00edc\u00edm se mistrovstv\u00ed sv\u011bta horsk\u00fdch kol, zaznamenala Simona Sp\u011b\u0161n\u00e1 v z\u00e1vod\u011b \u017een do t\u0159iadvaceti let.\u00a0<\/strong><\/p>\n\n\n\n<p>V p\u00e1te\u010dn\u00edm Short Tracku, na ji\u017e sedm\u00e9m d\u00edlu Sv\u011btov\u00e9ho poh\u00e1ru, obsadila \u010desk\u00e1 reprezentantka\u00a0v\u00fdborn\u00e9 osm\u00e9 m\u00edsto a v ned\u011bli svoj\u00ed v\u00fdkonnost potvrdila dev\u00e1t\u00fdm m\u00edstem v olympijsk\u00e9m cross country.\u00a0<\/p>\n\n\n\n<p><em>\u201eDneska to bylo fajn. Jela jsem si sv\u016fj z\u00e1vod, svoje tempo a ostatn\u00ed jsem v\u016fbec ne\u0159e\u0161ila. Byla jsem hodn\u011b rychl\u00e1 dol\u016f z kopce a mohla jsem si tam dovolit odpo\u010d\u00edvat. Vypad\u00e1 to, \u017ee jsem zp\u011bt. Tak te\u010f jen zachovat klid a zopakovat to p\u0159\u00ed\u0161t\u00ed t\u00fdden,\u201c <\/em>okomentovala v\u00fdsledek po z\u00e1vod\u011b Simona Sp\u011b\u0161n\u00e1.\u00a0<\/p>\n\n\n\n<p>Zato nejlep\u0161\u00ed \u010desk\u00fd biker Ond\u0159ej Cink, kter\u00fd v p\u00e1tek obsadil t\u0159in\u00e1ct\u00e9 m\u00edsto v Short Tracku a odstartoval z druh\u00e9 \u0159ady, se v z\u00e1vod\u011b cross country musel spokojit a\u017e se 42. m\u00edstem. Cinka postihly hned dva probl\u00e9my &#8211; na jednom ze skok\u016f utrp\u011bl svalov\u00e9 zran\u011bn\u00ed, kter\u00e9 ho v\u00fdrazn\u011b zpomalilo, a situaci je\u0161t\u011b zkomplikoval defekt v z\u00e1v\u011bru z\u00e1vodu. Na v\u00edt\u011bzn\u00e9ho Luku Martina z Francie nakonec ztratil v\u00edce ne\u017e \u0161est minut.<\/p>\n\n\n\n<p>V pr\u016fb\u011b\u017en\u00e9m hodnocen\u00ed seri\u00e1lu se \u010desk\u00fd reprezentant posunul z 8. na 11. p\u0159\u00ed\u010dku. V \u010dele z\u016fst\u00e1v\u00e1 Ameri\u010dan Christopher Blevins. P\u0159esto Cink z\u016fst\u00e1v\u00e1 jedn\u00edm z velk\u00fdch \u017eel\u00edzek v ohni \u2013 letos v \u010dervnu vybojoval v rakousk\u00e9m Leogangu sv\u00e9 prvn\u00ed v\u00edt\u011bzstv\u00ed ve Sv\u011btov\u00e9m poh\u00e1ru. Na mistrovstv\u00ed sv\u011bta ve \u0160v\u00fdcarsku ho \u010dek\u00e1 start nejen v cross country, ale tak\u00e9 v maratonu.<\/p>\n\n\n\n<p>V z\u00e1vod\u011b \u017een dominovala \u0160v\u00e9dka Jenny Rissvedsov\u00e1, kter\u00e1 zv\u00edt\u011bzila s n\u00e1skokem p\u0159es minutu. Sv\u011btov\u00fd poh\u00e1r vede Novoz\u00e9lan\u010fanka Samara Maxwellov\u00e1. Nejlep\u0161\u00ed \u010deskou reprezentantkou byla Jitka \u010c\u00e1belick\u00e1 na 43. m\u00edst\u011b.<\/p>\n\n\n\n<p>V\u00fdsledky:<\/p>\n\n\n\n<p>XCO:<\/p>\n\n\n\n<p><strong>\u017deny U23<br><\/strong>1. Valentina Corvi (ITA, Canyon Cllctv) 1:06:32 hod.<br>2.\u00a0Vida Lopez de San Roman (USA) +0:56<br>3. Isabella Holmgren (CAN, Lidl Trek) +1:17<br>&#8230;<br>9. Simona Sp\u011b\u0161n\u00e1 (Massi) +3:27<br>35. Eli\u0161ka Han\u00e1kov\u00e1 (Han\u00e1k Sisters) +10:05<\/p>\n\n\n\n<p><strong>Mu\u017ei U23<br><\/strong>1. Finn Treudler (SUI, Cube Factory)<br>2. Benjamin Kr\u00fcger (GER)<br>3. Alix Andre Gallis (FRA, Sunn Factory)<br>&#8230;<br>35. Patrik \u010cern\u00fd (Expres CZ BMD Kol\u00edn) +7:02<br>71. Ond\u0159ej Novotn\u00fd (Nutrend Specialized SKC) -1 kolo<\/p>\n\n\n\n<p><strong>\u017deny Elite:<br><\/strong>1. Jenny Rissveds (SWE, Cynon CLLCTV) 1:12:01<br>2. Alessandra Keller (SUI, Th\u00f6mus Maxon) +1:12<br>3. Samara Maxwell (NZL, Decathlon Ford) +1:32<br>&#8230;<br>43. Jitka \u010c\u00e1belick\u00e1 (Cabtech Racing) -1 kolo<br>57. Ad\u00e9la Holubov\u00e1 (Rouvy) -3 kola<\/p>\n\n\n\n<p><strong>Mu\u017ei Elite:<br><\/strong>1. Luca Martin (FRA, Cannondale Factory) 1:22:03<br>2. Luca Braidot (ITA, Willier-Vittoria) +0:12<br>3. Mathias Fl\u00fcckiger (Th\u00f6mus Maxon) +0:19<br>&#8230;<br>42. Ond\u0159ej Cink (Cube Factory) +6:20<br>49. Jan S\u00e1ska (Subterra Santa Cruz) +6:52<\/p>\n\n\n\n<p>XCC:&nbsp;<\/p>\n\n\n\n<p><strong>\u017deny U23:<br><\/strong>1. Vida Lopez de San Roman (USA) 22:35 min.<br>2. Valentina Corvi (ITA, Canyon Cllctv) +0:04<br>3. Olivia Onesti (FRA, BH Coloma) +0:11<br>&#8230;<br>8. Simona Sp\u011b\u0161n\u00e1 (Massi) +1:11<br>DNF. Eli\u0161ka Han\u00e1kov\u00e1 (Han\u00e1k Sisters)<\/p>\n\n\n\n<p><strong>Mu\u017ei U23:<br><\/strong>1. Finn Treudler (SUI, Cube Factory) 23:45 min.<br>2. Benjamin Kr\u00fcger (GER) +0:04<br>3. Gustav Heby Pedersen (DEN, Wilier Vittoria) +0:18<br>&#8230;<br>26. Patrik \u010cern\u00fd (Expres CZ BMD Kol\u00edn) -2 kola<\/p>\n\n\n\n<p>\u00a0<strong>\u017deny Elite:<br><\/strong>1. Jenny Rissveds (SWE, Canyon Cllctv) 22:18 min.<br>2. Alessandra Keller (SUI, Th\u00f6mus Maxon) +0:07<br>3. Samara Maxwell (NZL, Decathlon Ford) +0:19<br>&#8230;<br>38. Ad\u00e9la Holubov\u00e1 (Rouvy) +1:24.<\/p>\n\n\n\n<p><strong>Mu\u017ei Elite:<br><\/strong>1. Charlie Aldridge (GBR, Cannondale Factory)\u00a022:04 min<br>2. Martin Luca (FRA, Cannondale Factory) +0:00<br>3. Luca Braidot (ITA, Wilier Vittoria) +0:02<br>&#8230;<br>13.\u00a0Ond\u0159ej Cink (Cube Factory) +0:15.<\/p>\n\n\n\n<p>Foto: Michal \u010cerven\u00fd<\/p>\n","protected":false},"excerpt":{"rendered":"<p>Skv\u011bl\u00fd v\u00fdsledek na Sv\u011btov\u00e9m poh\u00e1ru horsk\u00fdch kol ve francouzsk\u00e9m v Les Gets, p\u0159ed bl\u00ed\u017e\u00edc\u00edm se mistrovstv\u00ed sv\u011bta horsk\u00fdch kol, zaznamenala Simona Sp\u011b\u0161n\u00e1 v z\u00e1vod\u011b \u017een do t\u0159iadvaceti let.\u00a0 V p\u00e1te\u010dn\u00edm Short Tracku, na ji\u017e sedm\u00e9m d\u00edlu Sv\u011btov\u00e9ho poh\u00e1ru, obsadila \u010desk\u00e1 reprezentantka\u00a0v\u00fdborn\u00e9 osm\u00e9 m\u00edsto a v ned\u011bli svoj\u00ed v\u00fdkonnost potvrdila dev\u00e1t\u00fdm m\u00edstem v olympijsk\u00e9m cross country.\u00a0 [&hellip;]<\/p>\n","protected":false},"author":9,"featured_media":37267,"comment_status":"closed","ping_status":"open","sticky":false,"template":"","format":"standard","meta":{"footnotes":""},"categories":[6,2,1],"tags":[10],"class_list":["post-37266","post","type-post","status-publish","format-standard","has-post-thumbnail","hentry","category-mtb","category-novinky","category-uncategorized-cs","tag-mtb"],"_links":{"self":[{"href":"https:\/\/www.czechcyclingfederation.com\/en\/wp-json\/wp\/v2\/posts\/37266","targetHints":{"allow":["GET"]}}],"collection":[{"href":"https:\/\/www.czechcyclingfederation.com\/en\/wp-json\/wp\/v2\/posts"}],"about":[{"href":"https:\/\/www.czechcyclingfederation.com\/en\/wp-json\/wp\/v2\/types\/post"}],"author":[{"embeddable":true,"href":"https:\/\/www.czechcyclingfederation.com\/en\/wp-json\/wp\/v2\/users\/9"}],"replies":[{"embeddable":true,"href":"https:\/\/www.czechcyclingfederation.com\/en\/wp-json\/wp\/v2\/comments?post=37266"}],"version-history":[{"count":2,"href":"https:\/\/www.czechcyclingfederation.com\/en\/wp-json\/wp\/v2\/posts\/37266\/revisions"}],"predecessor-version":[{"id":37271,"href":"https:\/\/www.czechcyclingfederation.com\/en\/wp-json\/wp\/v2\/posts\/37266\/revisions\/37271"}],"wp:featuredmedia":[{"embeddable":true,"href":"https:\/\/www.czechcyclingfederation.com\/en\/wp-json\/wp\/v2\/media\/37267"}],"wp:attachment":[{"href":"https:\/\/www.czechcyclingfederation.com\/en\/wp-json\/wp\/v2\/media?parent=37266"}],"wp:term":[{"taxonomy":"category","embeddable":true,"href":"https:\/\/www.czechcyclingfederation.com\/en\/wp-json\/wp\/v2\/categories?post=37266"},{"taxonomy":"post_tag","embeddable":true,"href":"https:\/\/www.czechcyclingfederation.com\/en\/wp-json\/wp\/v2\/tags?post=37266"}],"curies":[{"name":"wp","href":"https:\/\/api.w.org\/{rel}","templated":true}]}}