{"id":37251,"date":"2025-08-30T21:02:57","date_gmt":"2025-08-30T19:02:57","guid":{"rendered":"https:\/\/www.czechcyclingfederation.com\/?p=37251"},"modified":"2025-08-30T22:42:59","modified_gmt":"2025-08-30T20:42:59","slug":"bartova-vyhral-scratch-na-memorialu-otmara-malecka","status":"publish","type":"post","link":"https:\/\/www.czechcyclingfederation.com\/en\/bartova-vyhral-scratch-na-memorialu-otmara-malecka\/","title":{"rendered":"B\u00e1rtov\u00e1 vyhr\u00e1la scratch na Memori\u00e1lu Otmara Male\u010dka"},"content":{"rendered":"\n<p>Druh\u00fd den mezin\u00e1rodn\u00edch dr\u00e1hov\u00fdch z\u00e1vod\u016f &#8211;\u00a0 26. ro\u010dn\u00edku Grand Prix Prost\u011bjov \u2013 Memori\u00e1lu Otmara Male\u010dka p\u0159inesl \u010desk\u00fdm barv\u00e1m n\u011bkolik velmi kvalitn\u00edch v\u00fdsledk\u016f. T\u00edm nejlep\u0161\u00edm je v\u00edt\u011bzstv\u00ed Gabriely B\u00e1rtov\u00e9 z\u00a0Dukly Prahy ve scratchi, kter\u00e1 byla je\u0161t\u011b \u010dtvrt\u00e1 v\u00a0bodovac\u00edm z\u00e1vodu. Na stupn\u011b v\u00edt\u011bz\u016f dos\u00e1hl i t\u0159et\u00ed sprinter Martin \u010cechman (Dukla Brno) a rovn\u011b\u017e t\u0159et\u00ed Jarmila Macha\u010dov\u00e1 (Dukla Praha) v\u00a0bodovac\u00edm z\u00e1vod\u011b.<\/p>\n\n\n\n<figure class=\"wp-block-image size-large\"><img loading=\"lazy\" decoding=\"async\" width=\"1024\" height=\"682\" src=\"http:\/\/www.czechcyclingfederation.com\/wp-content\/uploads\/2025\/08\/Obrazek-WhatsApp-2025-08-30-v-20.36.32_79cb196c-1024x682.jpg\" alt=\"\" class=\"wp-image-37256\" srcset=\"https:\/\/www.czechcyclingfederation.com\/wp-content\/uploads\/2025\/08\/Obrazek-WhatsApp-2025-08-30-v-20.36.32_79cb196c-1024x682.jpg 1024w, https:\/\/www.czechcyclingfederation.com\/wp-content\/uploads\/2025\/08\/Obrazek-WhatsApp-2025-08-30-v-20.36.32_79cb196c-300x200.jpg 300w, https:\/\/www.czechcyclingfederation.com\/wp-content\/uploads\/2025\/08\/Obrazek-WhatsApp-2025-08-30-v-20.36.32_79cb196c-768x512.jpg 768w, https:\/\/www.czechcyclingfederation.com\/wp-content\/uploads\/2025\/08\/Obrazek-WhatsApp-2025-08-30-v-20.36.32_79cb196c.jpg 1280w\" sizes=\"auto, (max-width: 1024px) 100vw, 1024px\" \/><\/figure>\n\n\n\n<p>Omnium mu\u017e\u016f vyhr\u00e1l Max-David Briese z\u00a0N\u011bmecka, ale da\u0159ilo se i Adamu K\u0159enkovi (TJ Favorit Brno), kter\u00fd skon\u010dil \u0161est\u00fd, stejnou p\u0159\u00ed\u010dku bral ve sprintu Dominik Topinka (Dukla Brno). \u0160estou a sedmou p\u0159\u00ed\u010dku vybojovaly sprinterky Dukly Brno S\u00e1ra Peterkov\u00e1, resp. Anna Jaborn\u00edkov\u00e1. Junior Tom\u00e1\u0161 Vr\u00e1na (TUFO Pardus Prost\u011bjov) vyhr\u00e1l scratch a druh\u00fd byl ve vylu\u010dovac\u00edm z\u00e1vod\u011b.<\/p>\n\n\n\n<figure class=\"wp-block-image size-large\"><img loading=\"lazy\" decoding=\"async\" width=\"1024\" height=\"768\" src=\"http:\/\/www.czechcyclingfederation.com\/wp-content\/uploads\/2025\/08\/Obrazek-WhatsApp-2025-08-30-v-19.52.21_f27b5714-1024x768.jpg\" alt=\"\" class=\"wp-image-37254\" srcset=\"https:\/\/www.czechcyclingfederation.com\/wp-content\/uploads\/2025\/08\/Obrazek-WhatsApp-2025-08-30-v-19.52.21_f27b5714-1024x768.jpg 1024w, https:\/\/www.czechcyclingfederation.com\/wp-content\/uploads\/2025\/08\/Obrazek-WhatsApp-2025-08-30-v-19.52.21_f27b5714-267x200.jpg 267w, https:\/\/www.czechcyclingfederation.com\/wp-content\/uploads\/2025\/08\/Obrazek-WhatsApp-2025-08-30-v-19.52.21_f27b5714-768x576.jpg 768w, https:\/\/www.czechcyclingfederation.com\/wp-content\/uploads\/2025\/08\/Obrazek-WhatsApp-2025-08-30-v-19.52.21_f27b5714-1536x1152.jpg 1536w, https:\/\/www.czechcyclingfederation.com\/wp-content\/uploads\/2025\/08\/Obrazek-WhatsApp-2025-08-30-v-19.52.21_f27b5714-1320x990.jpg 1320w, https:\/\/www.czechcyclingfederation.com\/wp-content\/uploads\/2025\/08\/Obrazek-WhatsApp-2025-08-30-v-19.52.21_f27b5714.jpg 1600w\" sizes=\"auto, (max-width: 1024px) 100vw, 1024px\" \/><\/figure>\n\n\n\n<p>V\u00fdsledky:<\/p>\n\n\n\n<p>Mu\u017ei:<\/p>\n\n\n\n<p>Omnium:<\/p>\n\n\n\n<p>1.Briese 108, 2. Augenstein (oba N\u011bm.) 104, 3. Staniszewski (Pol.) 102, &#8230;6. K\u0159enek (\u010cR) 86.<\/p>\n\n\n\n<p>Sprint:<\/p>\n\n\n\n<p>Fin\u00e1le: D\u00f6rnbach (N\u011bm.) &#8211; Danyl\u010duk (Ukr.) 2:0, o 3. m\u00edsto: \u010cechman (\u010cR) &#8211; Denysenko (Ukr.) 2:0, &#8230;6. Topinka (\u010cR).<\/p>\n\n\n\n<p>\u017deny:<\/p>\n\n\n\n<p>Scratch:<\/p>\n\n\n\n<p>1.B\u00e1rtov\u00e1 (\u010cR), 2. Trackaov\u00e1 (Pol.), 3. Martinsov\u00e1 (Port.), 10. Rugovac (\u010cR).<\/p>\n\n\n\n<p>Bodovac\u00ed z\u00e1vod:<\/p>\n\n\n\n<p>1.Martinsov\u00e1 46, 2. Balej\u0161iteov\u00e1 (Lit.) 37, 3. Macha\u010dov\u00e1 (\u010cR) 31, 4. B\u00e1rtov\u00e1 23.<\/p>\n\n\n\n<p>Madison:<\/p>\n\n\n\n<p>1.Wankiewiczov\u00e1, Szczesna 41, 2. Trackaov\u00e1, Szalinsk\u00e1 34, 3. Sipkov\u00e1, Rabazynsk\u00e1 (v\u0161echny Pol.) 32, &#8230;6. B\u00e1rtov\u00e1, Macha\u010dov\u00e1 9.<\/p>\n\n\n\n<p>Keirin:<\/p>\n\n\n\n<p>1.Karwack\u00e1, 2. Sibiakov\u00e1, 3. Petriov\u00e1 (v\u0161echny Pol.), 4. V. Jaborn\u00edkov\u00e1, &#8230;6.&nbsp; Peterkov\u00e1, 7. A. Jaborn\u00edkov\u00e1 (v\u0161echny \u010cR).<\/p>\n\n\n\n<p>Junio\u0159i:<\/p>\n\n\n\n<p>Scratch:<\/p>\n\n\n\n<p>1.Vr\u00e1na (TUFO Pardus Prost\u011bjov), 2. Tassi (It.), 3. Richter (Dukla Praha).<\/p>\n\n\n\n<p>Vylu\u010dovac\u00ed z\u00e1vod:<\/p>\n\n\n\n<p>1.Tassi, 2. Vr\u00e1na, 3. Frajbi\u0161 (Dukla Praha).<\/p>\n\n\n\n<p>Bodovac\u00ed z\u00e1vod:<\/p>\n\n\n\n<p>1.Tassi 54, 2. Cesnek (SR) 52, 3. Richter 50.<\/p>\n","protected":false},"excerpt":{"rendered":"<p>Druh\u00fd den mezin\u00e1rodn\u00edch dr\u00e1hov\u00fdch z\u00e1vod\u016f &#8211;\u00a0 26. ro\u010dn\u00edku Grand Prix Prost\u011bjov \u2013 Memori\u00e1lu Otmara Male\u010dka p\u0159inesl \u010desk\u00fdm barv\u00e1m n\u011bkolik velmi kvalitn\u00edch v\u00fdsledk\u016f. T\u00edm nejlep\u0161\u00edm je v\u00edt\u011bzstv\u00ed Gabriely B\u00e1rtov\u00e9 z\u00a0Dukly Prahy ve scratchi, kter\u00e1 byla je\u0161t\u011b \u010dtvrt\u00e1 v\u00a0bodovac\u00edm z\u00e1vodu. Na stupn\u011b v\u00edt\u011bz\u016f dos\u00e1hl i t\u0159et\u00ed sprinter Martin \u010cechman (Dukla Brno) a rovn\u011b\u017e t\u0159et\u00ed Jarmila Macha\u010dov\u00e1 (Dukla [&hellip;]<\/p>\n","protected":false},"author":8,"featured_media":37252,"comment_status":"closed","ping_status":"open","sticky":false,"template":"","format":"standard","meta":{"footnotes":""},"categories":[54,2,46],"tags":[9],"class_list":["post-37251","post","type-post","status-publish","format-standard","has-post-thumbnail","hentry","category-draha","category-novinky","category-novinky-sportovni-centra","tag-draha"],"_links":{"self":[{"href":"https:\/\/www.czechcyclingfederation.com\/en\/wp-json\/wp\/v2\/posts\/37251","targetHints":{"allow":["GET"]}}],"collection":[{"href":"https:\/\/www.czechcyclingfederation.com\/en\/wp-json\/wp\/v2\/posts"}],"about":[{"href":"https:\/\/www.czechcyclingfederation.com\/en\/wp-json\/wp\/v2\/types\/post"}],"author":[{"embeddable":true,"href":"https:\/\/www.czechcyclingfederation.com\/en\/wp-json\/wp\/v2\/users\/8"}],"replies":[{"embeddable":true,"href":"https:\/\/www.czechcyclingfederation.com\/en\/wp-json\/wp\/v2\/comments?post=37251"}],"version-history":[{"count":2,"href":"https:\/\/www.czechcyclingfederation.com\/en\/wp-json\/wp\/v2\/posts\/37251\/revisions"}],"predecessor-version":[{"id":37262,"href":"https:\/\/www.czechcyclingfederation.com\/en\/wp-json\/wp\/v2\/posts\/37251\/revisions\/37262"}],"wp:featuredmedia":[{"embeddable":true,"href":"https:\/\/www.czechcyclingfederation.com\/en\/wp-json\/wp\/v2\/media\/37252"}],"wp:attachment":[{"href":"https:\/\/www.czechcyclingfederation.com\/en\/wp-json\/wp\/v2\/media?parent=37251"}],"wp:term":[{"taxonomy":"category","embeddable":true,"href":"https:\/\/www.czechcyclingfederation.com\/en\/wp-json\/wp\/v2\/categories?post=37251"},{"taxonomy":"post_tag","embeddable":true,"href":"https:\/\/www.czechcyclingfederation.com\/en\/wp-json\/wp\/v2\/tags?post=37251"}],"curies":[{"name":"wp","href":"https:\/\/api.w.org\/{rel}","templated":true}]}}