{"id":37210,"date":"2025-08-29T21:50:41","date_gmt":"2025-08-29T19:50:41","guid":{"rendered":"https:\/\/www.czechcyclingfederation.com\/?p=37210"},"modified":"2025-08-29T22:17:47","modified_gmt":"2025-08-29T20:17:47","slug":"veronika-jabornikova-a-jan-vones-treti-na-memorialu-otmara-malecka","status":"publish","type":"post","link":"https:\/\/www.czechcyclingfederation.com\/en\/veronika-jabornikova-a-jan-vones-treti-na-memorialu-otmara-malecka\/","title":{"rendered":"Veronika Jaborn\u00edkov\u00e1 a Jan Vone\u0161 t\u0159et\u00ed na Memori\u00e1lu Otmara Male\u010dka"},"content":{"rendered":"\n<p>Dv\u011b t\u0159et\u00ed m\u00edsta vybojovali \u010de\u0161t\u00edm jezdci na 26. ro\u010dn\u00edku dr\u00e1hov\u00fdch z\u00e1vod\u016f Grand Prix Prost\u011bjov &#8211; Memori\u00e1lu Otmara Male\u010dka. Na bronzov\u00fd stupe\u0148 se dostala sprinterka <strong>Veronika Jaborn\u00edkov\u00e1 <\/strong>a ve scratchi mu\u017e\u016f <strong>Jan Vone\u0161<\/strong>.<\/p>\n\n\n\n<p>Jen t\u011bsn\u011b pod stupni v\u00edt\u011bz\u016f skon\u010dil <strong>Martin \u010cechman<\/strong> v\u00a0keirinu, p\u00e1t\u00e9 m\u00edsto vybojoval <strong>Viktor Pad\u011blek <\/strong>v\u00a0bodovac\u00edm z\u00e1vodu, \u0161est\u00fd ve scratchi projel c\u00edlovou p\u00e1skou <strong>Maty\u00e1\u0161 Kobl\u00ed\u017eek<\/strong>.\u00a0 Mezi juniory vystoupil na nejvy\u0161\u0161\u00ed stupe\u0148 <strong>Tom\u00e1\u0161 Vr\u00e1na <\/strong>z\u00a0po\u0159\u00e1daj\u00edc\u00edho TUFO Pardus Prost\u011bjov v\u00a0omniu.<\/p>\n\n\n\n<p>Nejv\u00edce se da\u0159ilo n\u011bmeck\u00fdm dr\u00e1ha\u0159\u016fm. Moritz Augenstein vyhr\u00e1l bodovac\u00ed z\u00e1vod a spolu s&nbsp;Maxem Davidem Briesem i madison, Briese p\u0159idal prvenstv\u00ed ve scratchi.<\/p>\n\n\n\n<figure class=\"wp-block-image size-large\"><img loading=\"lazy\" decoding=\"async\" width=\"1024\" height=\"685\" src=\"http:\/\/www.czechcyclingfederation.com\/wp-content\/uploads\/2025\/08\/JS201952-1024x685.jpeg\" alt=\"\" class=\"wp-image-37211\" srcset=\"https:\/\/www.czechcyclingfederation.com\/wp-content\/uploads\/2025\/08\/JS201952-1024x685.jpeg 1024w, https:\/\/www.czechcyclingfederation.com\/wp-content\/uploads\/2025\/08\/JS201952-300x200.jpeg 300w, https:\/\/www.czechcyclingfederation.com\/wp-content\/uploads\/2025\/08\/JS201952-768x514.jpeg 768w, https:\/\/www.czechcyclingfederation.com\/wp-content\/uploads\/2025\/08\/JS201952.jpeg 1280w\" sizes=\"auto, (max-width: 1024px) 100vw, 1024px\" \/><\/figure>\n\n\n\n<p>V\u00fdsledky:<\/p>\n\n\n\n<p>Mu\u017ei:<\/p>\n\n\n\n<p>Scratch:<\/p>\n\n\n\n<p>1. Briese (N\u011bm.), 2. Slawek (Pol.), 3. Vone\u0161 , \u2026 6. M. Kobl\u00ed\u017eek (oba \u010cR).<\/p>\n\n\n\n<p>Bodovac\u00ed z\u00e1vod:<\/p>\n\n\n\n<p>1. Augenstein (N\u011bm.) 70, 2. Briese 58, 3. Wafler (Rak.) 39, &#8230;5. Pad\u011blek 28, 7. M. Kobl\u00ed\u017eek 26, 8. K\u0159enek (v\u0161ichni \u010cR) 25.<\/p>\n\n\n\n<p>Keirin:<\/p>\n\n\n\n<p>1. D\u00f6rnbach (N\u011bm.), 2. Danyl\u010duk (Ukr.), 3. Szalontay (Ma\u010f.), 4. \u010cechman, 9. Po\u0159\u00edzek (oba \u010cR).<\/p>\n\n\n\n<p>Madison:<\/p>\n\n\n\n<p>1. Augenstein, Briese 74, 2. Pszczolarski, Staniszewski (Pol.) 38, 3. Wafkler, Schmidbauer (Rak.) 30, &#8230;6. K\u0159enek, Drijver (\u010cR\/Ma\u010f.) 10, 7. M. Kobl\u00ed\u017eek, Vone\u0161 6.<\/p>\n\n\n\n<p>\u017deny:<\/p>\n\n\n\n<p>Omnium:<\/p>\n\n\n\n<p>1.Martinsov\u00e1 (Port.) 127, 2. Trackaov\u00e1 (Pol.) 117, 3. Tveitov\u00e1 (Nor.) 111, &#8230;10. Hermanov\u00e1 (\u010cR) 64.<\/p>\n\n\n\n<p>Sprint:<\/p>\n\n\n\n<p>Fin\u00e1le: Karwack\u00e1 &#8211; Petriov\u00e1 (ob\u011b Pol.) 2:0, o 3. m\u00edsto: V. Jaborn\u00edkov\u00e1 (\u010cR) &#8211; Rogeov\u00e1 (\u0160p.) 2:0.<\/p>\n\n\n\n<p>Junio\u0159i:<\/p>\n\n\n\n<p>Omnium:<\/p>\n\n\n\n<p>1.Vr\u00e1na (TUFO Pardus Prost\u011bjov) 158, 2. Richter (Dukla Praha) 156. 3. Tassi (It.) 147.<\/p>\n\n\n\n<figure class=\"wp-block-image size-large\"><img loading=\"lazy\" decoding=\"async\" width=\"1024\" height=\"685\" src=\"http:\/\/www.czechcyclingfederation.com\/wp-content\/uploads\/2025\/08\/JS202027-1024x685.jpeg\" alt=\"\" class=\"wp-image-37213\" srcset=\"https:\/\/www.czechcyclingfederation.com\/wp-content\/uploads\/2025\/08\/JS202027-1024x685.jpeg 1024w, https:\/\/www.czechcyclingfederation.com\/wp-content\/uploads\/2025\/08\/JS202027-300x200.jpeg 300w, https:\/\/www.czechcyclingfederation.com\/wp-content\/uploads\/2025\/08\/JS202027-768x514.jpeg 768w, https:\/\/www.czechcyclingfederation.com\/wp-content\/uploads\/2025\/08\/JS202027.jpeg 1280w\" sizes=\"auto, (max-width: 1024px) 100vw, 1024px\" \/><\/figure>\n\n\n\n<p>FOTO Jaroslav Svoboda<\/p>\n","protected":false},"excerpt":{"rendered":"<p>Dv\u011b t\u0159et\u00ed m\u00edsta vybojovali \u010de\u0161t\u00edm jezdci na 26. ro\u010dn\u00edku dr\u00e1hov\u00fdch z\u00e1vod\u016f Grand Prix Prost\u011bjov &#8211; Memori\u00e1lu Otmara Male\u010dka. Na bronzov\u00fd stupe\u0148 se dostala sprinterka Veronika Jaborn\u00edkov\u00e1 a ve scratchi mu\u017e\u016f Jan Vone\u0161. Jen t\u011bsn\u011b pod stupni v\u00edt\u011bz\u016f skon\u010dil Martin \u010cechman v\u00a0keirinu, p\u00e1t\u00e9 m\u00edsto vybojoval Viktor Pad\u011blek v\u00a0bodovac\u00edm z\u00e1vodu, \u0161est\u00fd ve scratchi projel c\u00edlovou p\u00e1skou Maty\u00e1\u0161 [&hellip;]<\/p>\n","protected":false},"author":8,"featured_media":37215,"comment_status":"closed","ping_status":"open","sticky":false,"template":"","format":"standard","meta":{"footnotes":""},"categories":[54,2],"tags":[9],"class_list":["post-37210","post","type-post","status-publish","format-standard","has-post-thumbnail","hentry","category-draha","category-novinky","tag-draha"],"_links":{"self":[{"href":"https:\/\/www.czechcyclingfederation.com\/en\/wp-json\/wp\/v2\/posts\/37210","targetHints":{"allow":["GET"]}}],"collection":[{"href":"https:\/\/www.czechcyclingfederation.com\/en\/wp-json\/wp\/v2\/posts"}],"about":[{"href":"https:\/\/www.czechcyclingfederation.com\/en\/wp-json\/wp\/v2\/types\/post"}],"author":[{"embeddable":true,"href":"https:\/\/www.czechcyclingfederation.com\/en\/wp-json\/wp\/v2\/users\/8"}],"replies":[{"embeddable":true,"href":"https:\/\/www.czechcyclingfederation.com\/en\/wp-json\/wp\/v2\/comments?post=37210"}],"version-history":[{"count":2,"href":"https:\/\/www.czechcyclingfederation.com\/en\/wp-json\/wp\/v2\/posts\/37210\/revisions"}],"predecessor-version":[{"id":37219,"href":"https:\/\/www.czechcyclingfederation.com\/en\/wp-json\/wp\/v2\/posts\/37210\/revisions\/37219"}],"wp:featuredmedia":[{"embeddable":true,"href":"https:\/\/www.czechcyclingfederation.com\/en\/wp-json\/wp\/v2\/media\/37215"}],"wp:attachment":[{"href":"https:\/\/www.czechcyclingfederation.com\/en\/wp-json\/wp\/v2\/media?parent=37210"}],"wp:term":[{"taxonomy":"category","embeddable":true,"href":"https:\/\/www.czechcyclingfederation.com\/en\/wp-json\/wp\/v2\/categories?post=37210"},{"taxonomy":"post_tag","embeddable":true,"href":"https:\/\/www.czechcyclingfederation.com\/en\/wp-json\/wp\/v2\/tags?post=37210"}],"curies":[{"name":"wp","href":"https:\/\/api.w.org\/{rel}","templated":true}]}}