{"id":3717,"date":"2021-03-16T10:43:00","date_gmt":"2021-03-16T09:43:00","guid":{"rendered":"http:\/\/www.czechcyclingfederation.com\/?p=3717"},"modified":"2021-03-18T22:33:02","modified_gmt":"2021-03-18T21:33:02","slug":"uvodni-kolo-skoda-prazskeho-mtb-poharu-se-odklada-2","status":"publish","type":"post","link":"https:\/\/www.czechcyclingfederation.com\/en\/uvodni-kolo-skoda-prazskeho-mtb-poharu-se-odklada-2\/","title":{"rendered":"\u00davodn\u00ed kolo \u0160KODA Pra\u017esk\u00e9ho MTB poh\u00e1ru se odkl\u00e1d\u00e1!"},"content":{"rendered":"\n<p><strong>Seri\u00e1l volno\u010dasov\u00fdch z\u00e1vod\u016f horsk\u00fdch kol v&nbsp;olympijsk\u00e9m cross contry pro v\u0161echny v\u011bkov\u00e9 i v\u00fdkonnostn\u00ed kategorie cyklist\u016f letos vstupuje do sv\u00e9 dev\u00e1t\u00e9 sez\u00f3ny.<\/strong><\/p>\n\n\n\n<p>B\u011bhem sv\u00e9 historie si cyklus pra\u017esk\u00fdch z\u00e1vod\u016f vytvo\u0159il po\u010detnou komunitu p\u0159\u00edznivc\u016f, presti\u017e, kter\u00e9 se t\u011b\u0161\u00ed v\u00edt\u011bzov\u00e9 jednotliv\u00fdch kategori\u00ed i osobit\u00fd styl v&nbsp;podob\u011b dres\u016f a ocen\u011bn\u00ed unik\u00e1tn\u00edmi um\u011bleck\u00fdmi poh\u00e1ry s pra\u017eskou dla\u017eebn\u00ed kostkou pro celkov\u00e9 v\u00edt\u011bze. Lo\u0148sk\u00fd koronavirov\u00fd ro\u010dn\u00edk prov\u00e1zelo n\u011bkolik term\u00ednov\u00fdch p\u0159esun\u016f reaguj\u00edc\u00edch na v\u00fdvoj pandemie a u\u017e nyn\u00ed je jasn\u00e9, \u017ee term\u00ednov\u00e9 zm\u011bny zas\u00e1hnou i leto\u0161n\u00ed ro\u010dn\u00edk.<\/p>\n\n\n\n<p>Jak ofici\u00e1ln\u011b ozn\u00e1mili po\u0159adatel\u00e9 seri\u00e1lu, \u00favodn\u00ed z\u00e1vod \u0160KODA Pra\u017esk\u00e9ho MTB poh\u00e1ru 2021 se z&nbsp;d\u016fvodu vl\u00e1dn\u00edch opat\u0159en\u00ed a n\u00e1sledn\u00e9 progn\u00f3zy pro nejbli\u017e\u0161\u00ed t\u00fddny odkl\u00e1d\u00e1 na zat\u00edm neur\u010den\u00fd term\u00edn.<\/p>\n\n\n\n<p>Z\u00e1vod p\u016fvodn\u011b pl\u00e1novan\u00fd na ned\u011bli 11. dubna m\u011bl b\u00fdt i premi\u00e9rou nov\u00e9ho z\u00e1vodn\u00edho okruhu, kter\u00fd od podzimu vznik\u00e1 v&nbsp;koridoru v\u00fdseku veden\u00ed vysok\u00e9ho nap\u011bt\u00ed a p\u0159ilehl\u00fdch stezk\u00e1ch v&nbsp;pra\u017esk\u00e9m Motole. &nbsp;<\/p>\n\n\n\n<p><em>\u201eAktu\u00e1ln\u00ed vl\u00e1dn\u00ed opat\u0159en\u00ed souvisej\u00edc\u00ed s&nbsp;pandemi\u00ed n\u00e1m neumo\u017e\u0148uj\u00ed uskute\u010dnit \u00favodn\u00ed kolo \u0160KODA Pra\u017esk\u00e9ho MTB poh\u00e1ru ve sv\u00e9m zaveden\u00e9m form\u00e1tu. Mus\u00edme tedy pl\u00e1novan\u00fd z\u00e1vod p\u0159esunout na jin\u00fd, pozd\u011bj\u0161\u00ed term\u00edn, kter\u00fd ur\u010d\u00edme a\u017e v&nbsp;n\u00e1vaznosti na v\u00fdvoj situace i mo\u017enosti, kter\u00e9 bude kalend\u00e1\u0159 z\u00e1vod\u016f nab\u00edzet abychom nebyli v&nbsp;p\u0159\u00edm\u00e9 kolizi s&nbsp;dal\u0161\u00edmi podniky horsk\u00fdch kol,\u201c<\/em>&nbsp;up\u0159es\u0148uje mana\u017eerka Jarka Krakovi\u010dov\u00e1 z&nbsp;po\u0159\u00e1daj\u00edc\u00edho t\u00fdmu SK Cyklist\u016f Praha NUTREND Specialized a s \u00fasm\u011bvem dod\u00e1v\u00e1:&nbsp;<\/p>\n\n\n\n<p><em>\u201cBude zaj\u00edmav\u00e9, jak\u00fd poh\u00e1r s&nbsp;pra\u017eskou dla\u017eebn\u00ed kostkou letos vymysl\u00ed kreativn\u011b um\u011bleck\u00e9 j\u00e1dro na\u0161eho po\u0159adatelsk\u00e9ho t\u00fdmu. V&nbsp;minul\u00e9m roce jsme m\u011bli poh\u00e1r ve form\u011b kostky v&nbsp;kleci, kter\u00e1 symbolizovala ovlivn\u011bn\u00ed sportu koronavirem, pro leto\u0161n\u00ed rok se tak p\u0159\u00edmo nab\u00edzej\u00ed dv\u011b kostky v&nbsp;kleci\u2026\u201c<\/em>&nbsp;&nbsp;&nbsp;<\/p>\n\n\n\n<p>\u0160KODA Pra\u017esk\u00fd MTB poh\u00e1r m\u00e1 zaj\u00edmavou organiza\u010dn\u00ed koncepci na kter\u00e9 se pod\u00edl\u00ed n\u011bkolik pra\u017esk\u00fdch klub\u016f. Gener\u00e1ln\u00edm po\u0159adatelem a zast\u0159e\u0161uj\u00edc\u00edm gestorem sout\u011b\u017ee je t\u00fdm SK Cyklist\u016f Praha NUTREND SPECIALIZED, kter\u00fd spolupracuje s&nbsp;t\u00fdmy SK VELO Praha, CALABRONE, ADASTRA Cycling Team a KBELY Cycling Team na zaji\u0161t\u011bn\u00ed jednotliv\u00fdch kol sout\u011b\u017ee. T\u00fdmy udr\u017euj\u00ed sv\u00e9 z\u00e1vodn\u00ed trat\u011b a bike parky na kter\u00fdch se z\u00e1vody jezd\u00ed pro celoro\u010dn\u00ed tr\u00e9nink a volno\u010dasov\u00e9 u\u017e\u00edv\u00e1n\u00ed. Dlouhodobou snahou po\u0159adatel\u016f seri\u00e1lu je tak\u00e9 legalizovat vyu\u017e\u00edvan\u00e9 cyklistick\u00e9 trasy v Praze pro celoro\u010dn\u00ed vyu\u017eit\u00ed po\u010detn\u00e9 cyklistick\u00e9 komunity, kterou Hlavn\u00ed m\u011bsto disponuje.&nbsp;<\/p>\n\n\n\n<p><strong><span style=\"text-decoration: underline;\">Term\u00edny z\u00e1vod\u016f \u0160KODA Pra\u017esk\u00fd MTB poh\u00e1r 2021:<br><\/span>ned\u011ble &nbsp;&nbsp;11.4.&nbsp;&nbsp; Motol \u2013&nbsp;<em>p\u0159esunuto na zat\u00edm neur\u010den\u00fd term\u00edn<\/em><\/strong><br><strong>sobota&nbsp; &nbsp;&nbsp;&nbsp;1.5.&nbsp;&nbsp; Kbely<\/strong><br><strong>ned\u011ble&nbsp;&nbsp;&nbsp;&nbsp; 2.5.&nbsp;&nbsp; Beckov<\/strong><br><strong>sobota&nbsp; 19.6. &nbsp;&nbsp;&nbsp;Zli\u010d\u00edn \u2013 P\u0159ebor Prahy<\/strong><br><strong>ned\u011ble&nbsp; 20.6.&nbsp;&nbsp;&nbsp; Zli\u010d\u00edn<\/strong><br><strong>sobota&nbsp; 11.9.&nbsp;&nbsp;&nbsp; Libu\u0161<\/strong><br><strong>ned\u011ble&nbsp; 12.9.&nbsp;&nbsp;&nbsp; Motol \u2013 Akademick\u00e9 Mistrovstv\u00ed \u010cesk\u00e9 republiky 2021<\/strong><\/p>\n","protected":false},"excerpt":{"rendered":"<p>Seri\u00e1l volno\u010dasov\u00fdch z\u00e1vod\u016f horsk\u00fdch kol v&nbsp;olympijsk\u00e9m cross contry pro v\u0161echny v\u011bkov\u00e9 i v\u00fdkonnostn\u00ed kategorie cyklist\u016f letos vstupuje do sv\u00e9 dev\u00e1t\u00e9 sez\u00f3ny. B\u011bhem sv\u00e9 historie si cyklus pra\u017esk\u00fdch z\u00e1vod\u016f vytvo\u0159il po\u010detnou komunitu p\u0159\u00edznivc\u016f, presti\u017e, kter\u00e9 se t\u011b\u0161\u00ed v\u00edt\u011bzov\u00e9 jednotliv\u00fdch kategori\u00ed i osobit\u00fd styl v&nbsp;podob\u011b dres\u016f a ocen\u011bn\u00ed unik\u00e1tn\u00edmi um\u011bleck\u00fdmi poh\u00e1ry s pra\u017eskou dla\u017eebn\u00ed kostkou pro celkov\u00e9 [&hellip;]<\/p>\n","protected":false},"author":9,"featured_media":3719,"comment_status":"closed","ping_status":"open","sticky":false,"template":"","format":"standard","meta":{"footnotes":""},"categories":[6,2],"tags":[10],"class_list":["post-3717","post","type-post","status-publish","format-standard","has-post-thumbnail","hentry","category-mtb","category-novinky","tag-mtb"],"_links":{"self":[{"href":"https:\/\/www.czechcyclingfederation.com\/en\/wp-json\/wp\/v2\/posts\/3717","targetHints":{"allow":["GET"]}}],"collection":[{"href":"https:\/\/www.czechcyclingfederation.com\/en\/wp-json\/wp\/v2\/posts"}],"about":[{"href":"https:\/\/www.czechcyclingfederation.com\/en\/wp-json\/wp\/v2\/types\/post"}],"author":[{"embeddable":true,"href":"https:\/\/www.czechcyclingfederation.com\/en\/wp-json\/wp\/v2\/users\/9"}],"replies":[{"embeddable":true,"href":"https:\/\/www.czechcyclingfederation.com\/en\/wp-json\/wp\/v2\/comments?post=3717"}],"version-history":[{"count":3,"href":"https:\/\/www.czechcyclingfederation.com\/en\/wp-json\/wp\/v2\/posts\/3717\/revisions"}],"predecessor-version":[{"id":3724,"href":"https:\/\/www.czechcyclingfederation.com\/en\/wp-json\/wp\/v2\/posts\/3717\/revisions\/3724"}],"wp:featuredmedia":[{"embeddable":true,"href":"https:\/\/www.czechcyclingfederation.com\/en\/wp-json\/wp\/v2\/media\/3719"}],"wp:attachment":[{"href":"https:\/\/www.czechcyclingfederation.com\/en\/wp-json\/wp\/v2\/media?parent=3717"}],"wp:term":[{"taxonomy":"category","embeddable":true,"href":"https:\/\/www.czechcyclingfederation.com\/en\/wp-json\/wp\/v2\/categories?post=3717"},{"taxonomy":"post_tag","embeddable":true,"href":"https:\/\/www.czechcyclingfederation.com\/en\/wp-json\/wp\/v2\/tags?post=3717"}],"curies":[{"name":"wp","href":"https:\/\/api.w.org\/{rel}","templated":true}]}}