{"id":37160,"date":"2025-08-28T08:28:56","date_gmt":"2025-08-28T06:28:56","guid":{"rendered":"https:\/\/www.czechcyclingfederation.com\/?p=37160"},"modified":"2025-08-28T09:01:23","modified_gmt":"2025-08-28T07:01:23","slug":"na-ms-horskych-kol-jede-36-ceskych-bikeru-nechybi-cink-ani-kosarkova","status":"publish","type":"post","link":"https:\/\/www.czechcyclingfederation.com\/en\/na-ms-horskych-kol-jede-36-ceskych-bikeru-nechybi-cink-ani-kosarkova\/","title":{"rendered":"Na MS horsk\u00fdch kol jede 36 \u010desk\u00fdch biker\u016f. Nechyb\u00ed Cink ani Ko\u0161\u00e1rkov\u00e1"},"content":{"rendered":"\n<p><strong>Celkem 36 \u010desk\u00fdch reprezentant\u016f se p\u0159edstav\u00ed na nadch\u00e1zej\u00edc\u00edm mistrovstv\u00ed sv\u011bta horsk\u00fdch kol ve \u0160v\u00fdcarsku. Mezi nominovan\u00fdmi nechyb\u00ed hv\u011bzdy jako Ond\u0159ej Cink nebo \u00fa\u0159aduj\u00edc\u00ed mistryn\u011b sv\u011bta v pumptracku Sabina Ko\u0161\u00e1rkov\u00e1.<\/strong><\/p>\n\n\n\n<p>D\u011bji\u0161t\u011bm z\u00e1vod\u016f v&nbsp;olympijsk\u00e9m cross country bude luxusn\u00ed alpsk\u00fd resort Crans Montana. Short track se uskute\u010dn\u00ed v&nbsp;nem\u00e9n\u011b atraktivn\u00ed lokalit\u011b, v&nbsp;poh\u00e1dkov\u00fdch kulis\u00e1ch Zermattu. Nicm\u00e9n\u011b ani dal\u0161\u00ed discipl\u00edny z&nbsp;rozv\u011btven\u00e9 rodiny MTB nep\u0159ijdou zkr\u00e1tka a odehraj\u00ed se nap\u0159\u00ed\u010d kantonem Valais v div\u00e1cky i turisticky atraktivn\u00edch lokalit\u00e1ch.<\/p>\n\n\n\n<p>Krom\u011b olympijsk\u00e9ho cross country se bude bojovat o tituly i v short tracku, \u0161tafet\u00e1ch, v&nbsp;maratonu, sjezdu, enduru, pumptracku a tak\u00e9 v&nbsp;kategorii e-bik\u016f.<\/p>\n\n\n\n<p>\u0160ampion\u00e1t zah\u00e1j\u00ed u\u017e v&nbsp;pond\u011bl\u00ed 1. z\u00e1\u0159\u00ed boje o tituly v&nbsp;enduru, v&nbsp;p\u00e1tek 5. z\u00e1\u0159\u00ed pojede o obhajobu zlata v&nbsp;pumptracku Sabina Ko\u0161\u00e1rkov\u00e1. O den pozd\u011bji absolvuj\u00ed sv\u016fj z\u00e1vod maratonci. <\/p>\n\n\n\n<p>Na maraton se \u0161v\u00fdcar\u0161t\u00ed po\u0159adatel\u00e9 pe\u010dliv\u011b chystaj\u00ed a d\u00e1vaj\u00ed sv\u00e9mu z\u00e1vodu punc nejn\u00e1ro\u010dn\u011bj\u0161\u00edho podniku v&nbsp;boji o duhov\u00fd trikot v&nbsp;historii MTB. Parametry vzbuzuj\u00ed respekt u\u017e jenom letm\u00fdm pohledem: d\u00e9lka 125 km, 5025 m p\u0159ev\u00fd\u0161en\u00ed s&nbsp;nevy\u0161\u0161\u00edm bodem ve v\u00fd\u0161ce 2792 m. V\u0161e bude umoc\u0148ovat p\u0159edpokl\u00e1dan\u00e1 teplota kolem jednoho stupn\u011b nad nulou v&nbsp;06:40 hodin, co\u017e je \u010das startu kategorie mu\u017e\u016f.<\/p>\n\n\n\n<p>\u010cesk\u00fd t\u00fdm bude m\u00edt na startu dv\u011b hv\u011bzdy, vicemistra sv\u011bta v&nbsp;maratonu Martina Sto\u0161ka a \u010deskou bikovou jedni\u010dku Ond\u0159eje Cinka, kter\u00fd pro\u017e\u00edv\u00e1 vynikaj\u00edc\u00ed sezonu.<\/p>\n\n\n\n<p><em>\u201eMartin pat\u0159\u00ed k&nbsp;absolutn\u00ed sv\u011btov\u00e9 \u0161pi\u010dce, je to zku\u0161en\u00fd maratonsk\u00fd specialista. Ond\u0159eje mnoho lid\u00ed vid\u00ed jen jako specialistu olympijsk\u00e9ho cross country, ale i on m\u00e1 za sebou \u0159adu start\u016f v&nbsp;maratonech t\u00e9 nejvy\u0161\u0161\u00ed kategorie, kde bojoval o p\u0159edn\u00ed um\u00edst\u011bn\u00ed. Jel i etapov\u00fd z\u00e1vod Cape Epic nebo silni\u010dn\u00ed Tour de France. To jsou obrovsk\u00e9 zku\u0161enosti z&nbsp;nejt\u011b\u017e\u0161\u00edch z\u00e1vod\u016f sv\u011bta. U\u017e p\u0159ed rokem \u0159\u00edkal, \u017ee by ten maraton cht\u011bl jet, vysloven\u011b se na tuto bikovou v\u00fdzvu t\u011b\u0161\u00ed\u2026 Mysl\u00edm si, \u017ee Ond\u0159ej i Martin jsou schopni bojovat o p\u0159edn\u00ed um\u00edst\u011bn\u00ed a za ur\u010dit\u00fdch okolnost\u00ed i o medaili,\u201c&nbsp;<\/em>\u0159ekl reprezenta\u010dn\u00ed tren\u00e9r <strong>Viktor Zapletal<\/strong>.<\/p>\n\n\n\n<figure class=\"wp-block-image size-large\"><img loading=\"lazy\" decoding=\"async\" width=\"1024\" height=\"683\" src=\"https:\/\/www.czechcyclingfederation.com\/wp-content\/uploads\/2025\/08\/Bukovska-_-UCI-MTB-World-Series-Nove-Mesto-na-Morave-SOBOTA-_-\u00a9Filip-Bezdek-2025-130-1024x683.jpg\" alt=\"\" class=\"wp-image-37166\" srcset=\"https:\/\/www.czechcyclingfederation.com\/wp-content\/uploads\/2025\/08\/Bukovska-_-UCI-MTB-World-Series-Nove-Mesto-na-Morave-SOBOTA-_-\u00a9Filip-Bezdek-2025-130-1024x683.jpg 1024w, https:\/\/www.czechcyclingfederation.com\/wp-content\/uploads\/2025\/08\/Bukovska-_-UCI-MTB-World-Series-Nove-Mesto-na-Morave-SOBOTA-_-\u00a9Filip-Bezdek-2025-130-300x200.jpg 300w, https:\/\/www.czechcyclingfederation.com\/wp-content\/uploads\/2025\/08\/Bukovska-_-UCI-MTB-World-Series-Nove-Mesto-na-Morave-SOBOTA-_-\u00a9Filip-Bezdek-2025-130-768x512.jpg 768w, https:\/\/www.czechcyclingfederation.com\/wp-content\/uploads\/2025\/08\/Bukovska-_-UCI-MTB-World-Series-Nove-Mesto-na-Morave-SOBOTA-_-\u00a9Filip-Bezdek-2025-130-1536x1024.jpg 1536w, https:\/\/www.czechcyclingfederation.com\/wp-content\/uploads\/2025\/08\/Bukovska-_-UCI-MTB-World-Series-Nove-Mesto-na-Morave-SOBOTA-_-\u00a9Filip-Bezdek-2025-130-2048x1366.jpg 2048w, https:\/\/www.czechcyclingfederation.com\/wp-content\/uploads\/2025\/08\/Bukovska-_-UCI-MTB-World-Series-Nove-Mesto-na-Morave-SOBOTA-_-\u00a9Filip-Bezdek-2025-130-1320x880.jpg 1320w\" sizes=\"auto, (max-width: 1024px) 100vw, 1024px\" \/><\/figure>\n\n\n\n<p>Co se t\u00fd\u010de olympijsk\u00e9ho cross country a \u0161tafet, ty jsou na programu a\u017e na z\u00e1v\u011br MS od 11. do 14. z\u00e1\u0159\u00ed. <em>\u201eNa\u0161imi \u017eel\u00edzky v&nbsp;ohni budou zejm\u00e9na ob\u011b juniorsk\u00e9 kategorie, mimo dvojn\u00e1sobn\u00e9 medailistky z&nbsp;mistrovstv\u00ed Evropy B\u00e1ry Bukovsk\u00e9 pat\u0159\u00ed k&nbsp;absolutn\u00ed sv\u011btov\u00e9 \u0161pi\u010dce i Am\u00e1lie Gottwaldov\u00e1 a Lucka Grohov\u00e1, to sam\u00e9 plat\u00ed o lo\u0148sk\u00e9m vicemistrovi Evropy, Kry\u0161tofu Ba\u017eantovi,\u201c <\/em>uvedl tren\u00e9r.<\/p>\n\n\n\n<p><em>\u201eV&nbsp;kategorii elite s\u00e1z\u00edme hlavn\u011b na Ond\u0159eje Cinka, kter\u00fd se bude sna\u017eit z\u00faro\u010dit svou formu i kvalitn\u00ed p\u0159\u00edpravu. Po z\u00e1vod\u011b v&nbsp;maratonu bude m\u00edt dostate\u010dn\u00fd prostor na odpo\u010dinek a nevid\u00edm v&nbsp;tom \u017e\u00e1dn\u00fd probl\u00e9m,\u201c \u0159ekl <\/em>Zapletal, kter\u00fd hodn\u011b v\u011b\u0159\u00ed i \u0161tafet\u011b. \u201e<em>Pojedou ji nejlep\u0161\u00ed z\u00e1vodn\u00edci a z\u00e1vodnice, kter\u00fdmi \u010desk\u00e9 MTB aktu\u00e1ln\u011b disponuje, v\u010detn\u011b Cinka, a junior\u016f Ba\u017eanta, Bukovsk\u00e9 a Gottwaldov\u00e9. Ur\u010dit\u011b m\u016f\u017eeme pom\u00fd\u0161let vysoko,\u201c<\/em> dodal.<\/p>\n\n\n\n<p>Posledn\u00ed prov\u011brkou p\u0159ed mistrovstv\u00edm sv\u011bta bude pro \u010desk\u00e9 reprezentanty v&nbsp;cross country z\u00e1vod Sv\u011btov\u00e9ho poh\u00e1ru ve francouzsk\u00e9m Les Gets, kter\u00fd absolvuj\u00ed v\u0161ichni nominovan\u00ed u\u017e o tomto v\u00edkendu. Juniory \u010dek\u00e1 z\u00e1vod Juniorsk\u00e9 sv\u011btov\u00e9 s\u00e9rie ve francouzsk\u00e9m st\u0159edisku Les Menouires.<\/p>\n\n\n\n<p class=\"has-medium-font-size\"><strong>NOMINACE REPREZENTACE \u010cR<\/strong><\/p>\n\n\n\n<p><strong>Cross country \u2013 mu\u017ei:<\/strong> Ond\u0159ej Cink, Jan S\u00e1ska. <strong>\u017deny: <\/strong>Jitka \u010c\u00e1belick\u00e1, Ad\u00e9la Holubov\u00e1. <strong>Mu\u017ei U23:<\/strong> Patrik \u010cern\u00fd, Ond\u0159ej Novotn\u00fd, Franti\u0161ek Hojka. <strong>\u017deny U23: <\/strong>Simona Sp\u011b\u0161n\u00e1, Eli\u0161ka Han\u00e1kov\u00e1. <strong>Junio\u0159i: <\/strong>Kry\u0161tof Ba\u017eant, Jakub Mu\u0161\u00e1lek. <strong>Juniorky: <\/strong>Barbora Bukovsk\u00e1, Lucie Grohov\u00e1, Am\u00e1lie Gottwaldov\u00e1.<\/p>\n\n\n\n<p><strong>Short track: <\/strong>Jitka \u010c\u00e1belick\u00e1, Simona Sp\u011b\u0161n\u00e1, Eli\u0161ka Han\u00e1kov\u00e1, Patrik \u010cern\u00fd, Franti\u0161ek Hojka.<\/p>\n\n\n\n<p><strong>\u0160tafeta: <\/strong>Kry\u0161tof Ba\u017eant, Patrik \u010cern\u00fd, Am\u00e1lie Gottwaldov\u00e1, Barbora Bukovsk\u00e1, Ad\u00e9la Holubov\u00e1, Ond\u0159ej Cink.<\/p>\n\n\n\n<p><strong>Maraton \u2013 mu\u017ei: <\/strong>Ond\u0159ej Cink, Martin Sto\u0161ek, Milan Damek, Filip Adel, Vojt\u011bch Neradil. <strong>\u017deny: <\/strong>Milena Kala\u0161ov\u00e1.<\/p>\n\n\n\n<p><strong>Sjezd \u2013 mu\u017ei: <\/strong>Ond\u0159ej Kole\u010d\u00edk, Kry\u0161tof H\u00fa\u0161\u0165, Maty\u00e1\u0161 Hrom\u00e1dka. <strong>\u017deny:<\/strong> Nikola Volejn\u00edkov\u00e1.<strong> Junio\u0159i: <\/strong>Maty\u00e1\u0161 Povoln\u00fd, \u0160t\u011bp\u00e1n Hurta.<\/p>\n\n\n\n<p><strong>Enduro \u2013 mu\u017ei: <\/strong>Vojt\u011bch Bl\u00e1ha, Mat\u011bj Charv\u00e1t, Vojt\u011bch Kloko\u010dka, Stanislav Sehnal, Jakub Pivni\u010dka. <strong>\u017deny: <\/strong>Barbora Vojta, Nela Viktorov\u00e1. <strong>Junio\u0159i: <\/strong>Jakub Rys, Mat\u011bj \u0160rail. <strong>E-Enduro: <\/strong>Milan My\u0161\u00edk.<\/p>\n\n\n\n<p><strong>Pumptrack:<\/strong> Sabina Ko\u0161\u00e1rkov\u00e1.<\/p>\n\n\n\n<p class=\"has-medium-font-size\"><strong>PROGRAM MS<\/strong><\/p>\n\n\n\n<p><strong>1. 9.: enduro<\/strong> v\u0161ech kategori\u00ed, E-MTB enduro<\/p>\n\n\n\n<p><strong>4. 9.: E-MTB<\/strong> cross country mu\u017ei, \u017eeny<\/p>\n\n\n\n<p><strong>5. 9.: pumptrack<\/strong> mu\u017ei, \u017eeny<\/p>\n\n\n\n<p><strong>6. 9.: maraton <\/strong>mu\u017ei, \u017eeny, <strong>sjezd<\/strong> junio\u0159i, juniorky<\/p>\n\n\n\n<p><strong>7. 9.: sjezd<\/strong> mu\u017ei, \u017eeny<\/p>\n\n\n\n<p><strong>9. 9.: short track<\/strong> mu\u017ei, \u017eeny, mu\u017ei U23, \u017eeny U23<\/p>\n\n\n\n<p><strong>11. 9.: \u0161tafeta <\/strong>cross country<\/p>\n\n\n\n<p><strong>12. 9.: cross country <\/strong>junio\u0159i, juniorky<\/p>\n\n\n\n<p><strong>13. 9.: cross country <\/strong>\u017eeny elite, mu\u017ei U23<\/p>\n\n\n\n<p><strong>14. 9.: cross country <\/strong>mu\u017ei elite, \u017eeny U23<\/p>\n\n\n\n<p>Foto: Michal \u010cerven\u00fd, Filip Bezd\u011bk<\/p>\n","protected":false},"excerpt":{"rendered":"<p>Celkem 36 \u010desk\u00fdch reprezentant\u016f se p\u0159edstav\u00ed na nadch\u00e1zej\u00edc\u00edm mistrovstv\u00ed sv\u011bta horsk\u00fdch kol ve \u0160v\u00fdcarsku. Mezi nominovan\u00fdmi nechyb\u00ed hv\u011bzdy jako Ond\u0159ej Cink nebo \u00fa\u0159aduj\u00edc\u00ed mistryn\u011b sv\u011bta v pumptracku Sabina Ko\u0161\u00e1rkov\u00e1. D\u011bji\u0161t\u011bm z\u00e1vod\u016f v&nbsp;olympijsk\u00e9m cross country bude luxusn\u00ed alpsk\u00fd resort Crans Montana. Short track se uskute\u010dn\u00ed v&nbsp;nem\u00e9n\u011b atraktivn\u00ed lokalit\u011b, v&nbsp;poh\u00e1dkov\u00fdch kulis\u00e1ch Zermattu. Nicm\u00e9n\u011b ani dal\u0161\u00ed discipl\u00edny z&nbsp;rozv\u011btven\u00e9 [&hellip;]<\/p>\n","protected":false},"author":15,"featured_media":37164,"comment_status":"closed","ping_status":"open","sticky":false,"template":"","format":"standard","meta":{"footnotes":""},"categories":[6,2],"tags":[10],"class_list":["post-37160","post","type-post","status-publish","format-standard","has-post-thumbnail","hentry","category-mtb","category-novinky","tag-mtb"],"_links":{"self":[{"href":"https:\/\/www.czechcyclingfederation.com\/en\/wp-json\/wp\/v2\/posts\/37160","targetHints":{"allow":["GET"]}}],"collection":[{"href":"https:\/\/www.czechcyclingfederation.com\/en\/wp-json\/wp\/v2\/posts"}],"about":[{"href":"https:\/\/www.czechcyclingfederation.com\/en\/wp-json\/wp\/v2\/types\/post"}],"author":[{"embeddable":true,"href":"https:\/\/www.czechcyclingfederation.com\/en\/wp-json\/wp\/v2\/users\/15"}],"replies":[{"embeddable":true,"href":"https:\/\/www.czechcyclingfederation.com\/en\/wp-json\/wp\/v2\/comments?post=37160"}],"version-history":[{"count":6,"href":"https:\/\/www.czechcyclingfederation.com\/en\/wp-json\/wp\/v2\/posts\/37160\/revisions"}],"predecessor-version":[{"id":37171,"href":"https:\/\/www.czechcyclingfederation.com\/en\/wp-json\/wp\/v2\/posts\/37160\/revisions\/37171"}],"wp:featuredmedia":[{"embeddable":true,"href":"https:\/\/www.czechcyclingfederation.com\/en\/wp-json\/wp\/v2\/media\/37164"}],"wp:attachment":[{"href":"https:\/\/www.czechcyclingfederation.com\/en\/wp-json\/wp\/v2\/media?parent=37160"}],"wp:term":[{"taxonomy":"category","embeddable":true,"href":"https:\/\/www.czechcyclingfederation.com\/en\/wp-json\/wp\/v2\/categories?post=37160"},{"taxonomy":"post_tag","embeddable":true,"href":"https:\/\/www.czechcyclingfederation.com\/en\/wp-json\/wp\/v2\/tags?post=37160"}],"curies":[{"name":"wp","href":"https:\/\/api.w.org\/{rel}","templated":true}]}}