{"id":37156,"date":"2025-08-27T10:58:58","date_gmt":"2025-08-27T08:58:58","guid":{"rendered":"https:\/\/www.czechcyclingfederation.com\/?p=37156"},"modified":"2025-08-27T10:59:02","modified_gmt":"2025-08-27T08:59:02","slug":"prostejov-bude-zit-spickovou-drahovou-cyklistikou","status":"publish","type":"post","link":"https:\/\/www.czechcyclingfederation.com\/en\/prostejov-bude-zit-spickovou-drahovou-cyklistikou\/","title":{"rendered":"Prost\u011bjov bude \u017e\u00edt \u0161pi\u010dkovou dr\u00e1hovou cyklistikou"},"content":{"rendered":"\n<p>Z\u00e1v\u011br srpna bude v&nbsp;Prost\u011bjov\u011b tradi\u010dn\u011b nabit\u00fd par\u00e1dn\u00ed dr\u00e1hovou cyklistikou. Uskute\u010dn\u00ed se zde hned dva mezin\u00e1rodn\u00ed UCI z\u00e1vody: ve \u010dtvrtek <strong>28. 8. GP Olomouck\u00e9ho kraje<\/strong> a <strong>29. \u2013 30. srpna Memori\u00e1l Otmara Male\u010dka.<\/strong><\/p>\n\n\n\n<p><em>\u201eEvidujeme p\u0159ihl\u00e1\u0161ky z 19 zem\u00ed sv\u011bta. Poprv\u00e9 se do vytrvalostn\u00edch z\u00e1vod\u016f p\u0159ihl\u00e1sili z\u00e1vodn\u00edci z\u00a0\u010c\u00edny,\u201c<\/em> uvedl \u0159editel z\u00e1vodu <strong>Michal Mr\u00e1\u010dek<\/strong> z\u00a0po\u0159\u00e1daj\u00edc\u00edho t\u00fdmu TUFO Pardus Prost\u011bjov.<\/p>\n\n\n\n<p>Na co se fanou\u0161ci mohou t\u011b\u0161it? Po n\u011bkolika letech se vrac\u00ed do programu z\u00e1vod\u016f sprintersk\u00e9 discipl\u00edny mu\u017e\u016f i \u017een. A v&nbsp;nich rozhodn\u011b nebude nouze o velk\u00e9 hv\u011bzdy: p\u0159edstav\u00ed se nap\u0159. trojn\u00e1sobn\u00e1 medailistka z&nbsp;OH, N\u011bmka Lea Sophie Friedrichov\u00e1, jej\u00ed krajan Maximilian Dornbach \u2013 n\u011bkolikan\u00e1sobn\u00fd medailista z evropsk\u00fdch \u0161ampion\u00e1t\u016f, d\u00e1le po\u010detn\u00e1 skupina polsk\u00e1 sprintersk\u00e1 skupina s nejzn\u00e1m\u011bj\u0161\u00edm jm\u00e9nem Rafal Sarnecki a samoz\u0159ejm\u011b sprinte\u0159i z Dukly Brno s Davidem Peterkou, medailistou z leto\u0161n\u00edho elitn\u00edho ME.<\/p>\n\n\n\n<p>Zaj\u00edmav\u00e1 jm\u00e9na budou k\u00a0vid\u011bn\u00ed i ve vytrvalostn\u00edch discipl\u00edn\u00e1ch. <em>\u201eStartovat budou nap\u0159\u00edklad Raku\u0161an Tim Wafler, n\u011bkolikan\u00e1sobn\u00fd medailista z\u00a0mistrovstv\u00ed Evropy, ale tak\u00e9 n\u00e1\u0161 Wojciech Pszczolarski, trojn\u00e1sobn\u00fd mistr Evropy v bodovac\u00edm z\u00e1vod\u011b a medailista z\u00a0mistrovstv\u00ed sv\u011bta. Samoz\u0159ejm\u011b se m\u016f\u017eeme t\u011b\u0161it na olympionika Jana Vone\u0161e a dres dom\u00e1c\u00edho t\u00fdmu bude h\u00e1jit tak\u00e9 Maty\u00e1\u0161 Kobl\u00ed\u017eek,\u201c<\/em> prozradil \u0159editel z\u00e1vodu. Zaj\u00edmav\u00fdm jm\u00e9nem je ur\u010dit\u011b dal\u0161\u00ed Pol\u00e1k Alan Banaszek, kter\u00fd m\u00e1 na sv\u00e9m kont\u011b titul mistra Evropy v omniu.<\/p>\n\n\n\n<p>Mezi \u017eenami vystartuje do sv\u00e9 pravd\u011bpodobn\u011b posledn\u00ed \u00fa\u010dasti v Prost\u011bjov\u011b \u010desk\u00e1 dr\u00e1hov\u00e1 st\u00e1lice Jarmila Macha\u010dov\u00e1, exmistryn\u011b sv\u011bta v bodovac\u00edm z\u00e1vod\u011b a dr\u017eitelka dal\u0161\u00edch cenn\u00fdch kov\u016f z vrcholn\u00fdch sout\u011b\u017e\u00ed.<\/p>\n\n\n\n<figure class=\"wp-block-image size-large\"><img loading=\"lazy\" decoding=\"async\" width=\"1024\" height=\"482\" src=\"https:\/\/www.czechcyclingfederation.com\/wp-content\/uploads\/2025\/08\/malecek-1024x482.jpg\" alt=\"\" class=\"wp-image-37157\" srcset=\"https:\/\/www.czechcyclingfederation.com\/wp-content\/uploads\/2025\/08\/malecek-1024x482.jpg 1024w, https:\/\/www.czechcyclingfederation.com\/wp-content\/uploads\/2025\/08\/malecek-300x141.jpg 300w, https:\/\/www.czechcyclingfederation.com\/wp-content\/uploads\/2025\/08\/malecek-768x361.jpg 768w, https:\/\/www.czechcyclingfederation.com\/wp-content\/uploads\/2025\/08\/malecek-1536x723.jpg 1536w, https:\/\/www.czechcyclingfederation.com\/wp-content\/uploads\/2025\/08\/malecek-1320x621.jpg 1320w, https:\/\/www.czechcyclingfederation.com\/wp-content\/uploads\/2025\/08\/malecek.jpg 2000w\" sizes=\"auto, (max-width: 1024px) 100vw, 1024px\" \/><\/figure>\n\n\n\n<p>Po oba dny budou m\u00edt v&nbsp;programu ml\u00e1de\u017enick\u00e9 kategorie t\u0159\u00edkolov\u00e9 omnium, kter\u00e9 se bude odehr\u00e1vat v&nbsp;dopoledn\u00edch a d\u0159\u00edv\u011bj\u0161\u00edch odpoledn\u00edch hodin\u00e1ch. Z\u00e1vody budou vrcholit ka\u017ed\u00fd den p\u0159ibli\u017en\u011b od 15 hod. Z\u00e1v\u011br z\u00e1vod\u016f se p\u0159edpokl\u00e1d\u00e1 mezi 20-21 hod. Popul\u00e1rn\u00ed mu\u017esk\u00fd madison je p\u0159i MOM pl\u00e1nov\u00e1n na p\u00e1tek cca 20 hod. Nicm\u00e9n\u011b madison mu\u017e\u016f i \u017een se pojede tak\u00e9 ve \u010dtvrtek p\u0159i GP Ol. kraje se startem cca 19:30 hod.<\/p>\n\n\n\n<p>Ob\u010derstven\u00ed bude zaji\u0161t\u011bno na plo\u0161e velodromu. V\u00fdt\u011b\u017eek z&nbsp;dobrovoln\u00e9ho vstupn\u00e9ho a tomboly bude tradi\u010dn\u011b pouk\u00e1z\u00e1n onkologick\u00e9mu odd\u011blen\u00ed Fakultn\u00ed nemocnice Olomouc.<\/p>\n\n\n\n<p class=\"has-medium-font-size\"><strong>Program z\u00e1vod\u016f <\/strong><\/p>\n\n\n\n<p class=\"has-medium-font-size\"><strong>\u010ctvrtek 28.8.: GP Olomouck\u00e9ho kraje<\/strong><\/p>\n\n\n\n<p><strong>Discipl\u00edny<\/strong><\/p>\n\n\n\n<p><strong>M<\/strong><strong>u\u017ei Elite:<\/strong> keirin, scratch, madison, eliminace<\/p>\n\n\n\n<p><strong>Junio\u0159i:<\/strong> Scratch, eliminace, bodovac\u00ed z\u00e1vod<\/p>\n\n\n\n<p><strong>\u017deny Elite + Juniorky:<\/strong> keirin, scratch, madison, eliminace<\/p>\n\n\n\n<p class=\"has-medium-font-size\"><strong>P\u00e1tek a sobota 29. \u2013 30. 8.: GP Prost\u011bjov-Memori\u00e1l Otmara Male\u010dka&nbsp;<\/strong><\/p>\n\n\n\n<p><strong>Discipl\u00edny<\/strong><\/p>\n\n\n\n<p><strong>P\u00e1tek 29. 8.<\/strong><\/p>\n\n\n\n<p><strong>Mu\u017ei Elite:<\/strong> keirin, scratch, bodovac\u00ed z\u00e1vod, madison<\/p>\n\n\n\n<p><strong>Junio\u0159i:<\/strong> omnium<\/p>\n\n\n\n<p><strong>\u017deny Elite + Juniorky:<\/strong> sprint, omnium<\/p>\n\n\n\n<p><strong>Sobota 30. 8.<\/strong><\/p>\n\n\n\n<p><strong>Mu\u017ei Elite: <\/strong>sprint, omnium<\/p>\n\n\n\n<p><strong>Junio\u0159i:<\/strong> scratch, eliminace, bodovac\u00ed z\u00e1vod,<\/p>\n\n\n\n<p><strong>\u017deny Elite + Juniorky: <\/strong>keirin, scratch, bodovac\u00ed z\u00e1vod, madison<\/p>\n","protected":false},"excerpt":{"rendered":"<p>Z\u00e1v\u011br srpna bude v&nbsp;Prost\u011bjov\u011b tradi\u010dn\u011b nabit\u00fd par\u00e1dn\u00ed dr\u00e1hovou cyklistikou. Uskute\u010dn\u00ed se zde hned dva mezin\u00e1rodn\u00ed UCI z\u00e1vody: ve \u010dtvrtek 28. 8. GP Olomouck\u00e9ho kraje a 29. \u2013 30. srpna Memori\u00e1l Otmara Male\u010dka. \u201eEvidujeme p\u0159ihl\u00e1\u0161ky z 19 zem\u00ed sv\u011bta. Poprv\u00e9 se do vytrvalostn\u00edch z\u00e1vod\u016f p\u0159ihl\u00e1sili z\u00e1vodn\u00edci z\u00a0\u010c\u00edny,\u201c uvedl \u0159editel z\u00e1vodu Michal Mr\u00e1\u010dek z\u00a0po\u0159\u00e1daj\u00edc\u00edho t\u00fdmu TUFO Pardus [&hellip;]<\/p>\n","protected":false},"author":15,"featured_media":33965,"comment_status":"closed","ping_status":"open","sticky":false,"template":"","format":"standard","meta":{"footnotes":""},"categories":[54,2],"tags":[9],"class_list":["post-37156","post","type-post","status-publish","format-standard","has-post-thumbnail","hentry","category-draha","category-novinky","tag-draha"],"_links":{"self":[{"href":"https:\/\/www.czechcyclingfederation.com\/en\/wp-json\/wp\/v2\/posts\/37156","targetHints":{"allow":["GET"]}}],"collection":[{"href":"https:\/\/www.czechcyclingfederation.com\/en\/wp-json\/wp\/v2\/posts"}],"about":[{"href":"https:\/\/www.czechcyclingfederation.com\/en\/wp-json\/wp\/v2\/types\/post"}],"author":[{"embeddable":true,"href":"https:\/\/www.czechcyclingfederation.com\/en\/wp-json\/wp\/v2\/users\/15"}],"replies":[{"embeddable":true,"href":"https:\/\/www.czechcyclingfederation.com\/en\/wp-json\/wp\/v2\/comments?post=37156"}],"version-history":[{"count":1,"href":"https:\/\/www.czechcyclingfederation.com\/en\/wp-json\/wp\/v2\/posts\/37156\/revisions"}],"predecessor-version":[{"id":37159,"href":"https:\/\/www.czechcyclingfederation.com\/en\/wp-json\/wp\/v2\/posts\/37156\/revisions\/37159"}],"wp:featuredmedia":[{"embeddable":true,"href":"https:\/\/www.czechcyclingfederation.com\/en\/wp-json\/wp\/v2\/media\/33965"}],"wp:attachment":[{"href":"https:\/\/www.czechcyclingfederation.com\/en\/wp-json\/wp\/v2\/media?parent=37156"}],"wp:term":[{"taxonomy":"category","embeddable":true,"href":"https:\/\/www.czechcyclingfederation.com\/en\/wp-json\/wp\/v2\/categories?post=37156"},{"taxonomy":"post_tag","embeddable":true,"href":"https:\/\/www.czechcyclingfederation.com\/en\/wp-json\/wp\/v2\/tags?post=37156"}],"curies":[{"name":"wp","href":"https:\/\/api.w.org\/{rel}","templated":true}]}}