{"id":37136,"date":"2025-08-25T20:43:13","date_gmt":"2025-08-25T18:43:13","guid":{"rendered":"https:\/\/www.czechcyclingfederation.com\/?p=37136"},"modified":"2025-08-26T09:06:42","modified_gmt":"2025-08-26T07:06:42","slug":"veronika-jabornikova-skoncila-druha-ve-sprintu-na-vc-framar","status":"publish","type":"post","link":"https:\/\/www.czechcyclingfederation.com\/en\/veronika-jabornikova-skoncila-druha-ve-sprintu-na-vc-framar\/","title":{"rendered":"Veronika Jaborn\u00edkov\u00e1 skon\u010dila druh\u00e1 ve sprintu na VC Framar"},"content":{"rendered":"\n<p>Druh\u00fd den Velk\u00e9 ceny Framar na dr\u00e1ze v Praze na T\u0159ebe\u0161\u00edn\u011b byla z dom\u00e1c\u00edch cyklist\u016f nejlep\u0161\u00ed Veronika Jaborn\u00edkov\u00e1, kter\u00e1 ve sprintu vybojovala druh\u00e9 m\u00edsto. V podniku prvn\u00ed kategorie kalend\u00e1\u0159e UCI nesta\u010dila jen na polskou reprezentantku Paulinu Petriovou, kter\u00e9 ve vyrovnan\u00e9m fin\u00e1lov\u00e9m souboji podlehla 1:2 na j\u00edzdy.<\/p>\n\n\n\n<p>Z\u00e1vod\u016fm op\u011bt kralovala jedna z nejlep\u0161\u00edch cyklistek sv\u011bta Lotte Kopeck\u00e1, kter\u00e1 \u00fasp\u011b\u0161n\u011b kombinuje silnici s dr\u00e1hou. Dnes s p\u0159ehledem vyhr\u00e1la vylu\u010dovac\u00ed z\u00e1vod, s obrovsk\u00fdm n\u00e1skokem bodovac\u00ed z\u00e1vod a jen ve scratchi dojela druh\u00e1 za svou reprezenta\u010dn\u00ed kolegyn\u00ed Shari Bossuytovou. Z dom\u00e1c\u00edch cyklistek byla Jarmila Macha\u010dov\u00e1 sedm\u00e1 v bodovac\u00edm z\u00e1vodu a osm\u00e1 ve vylu\u010dovac\u00edm z\u00e1vodu, elitn\u00ed des\u00edtku uzav\u0159ela v bodova\u010dce Gabriela B\u00e1rtov\u00e1. Osm\u00e1 byla je\u0161t\u011b ve sprintu Anna Jaborn\u00edkov\u00e1.<\/p>\n\n\n\n<p>Mezi mu\u017ei dokon\u010dil omnium na osm\u00e9m m\u00edst\u011b Adam K\u0159enek a da\u0159ilo se sprinter\u016fm. V keirinu byl Martin \u010cechman p\u00e1t\u00fd a Dominik Topinka sedm\u00fd.<\/p>\n\n\n\n<figure class=\"wp-block-image size-large\"><img loading=\"lazy\" decoding=\"async\" width=\"943\" height=\"1024\" src=\"http:\/\/www.czechcyclingfederation.com\/wp-content\/uploads\/2025\/08\/Cechman-650A4826-943x1024.jpg\" alt=\"\" class=\"wp-image-37143\" srcset=\"https:\/\/www.czechcyclingfederation.com\/wp-content\/uploads\/2025\/08\/Cechman-650A4826-943x1024.jpg 943w, https:\/\/www.czechcyclingfederation.com\/wp-content\/uploads\/2025\/08\/Cechman-650A4826-184x200.jpg 184w, https:\/\/www.czechcyclingfederation.com\/wp-content\/uploads\/2025\/08\/Cechman-650A4826-768x834.jpg 768w, https:\/\/www.czechcyclingfederation.com\/wp-content\/uploads\/2025\/08\/Cechman-650A4826-1415x1536.jpg 1415w, https:\/\/www.czechcyclingfederation.com\/wp-content\/uploads\/2025\/08\/Cechman-650A4826-1320x1433.jpg 1320w, https:\/\/www.czechcyclingfederation.com\/wp-content\/uploads\/2025\/08\/Cechman-650A4826.jpg 1450w\" sizes=\"auto, (max-width: 943px) 100vw, 943px\" \/><\/figure>\n\n\n\n<p>V\u00fdsledky:<\/p>\n\n\n\n<p>\u017deny:<\/p>\n\n\n\n<p>Vylu\u010dovac\u00ed z\u00e1vod:<\/p>\n\n\n\n<p>1.Kopeck\u00e1, 2. Bossuytov\u00e1 (ob\u011b Belg.), 3. Leuov\u00e1 (\u0160v\u00fdc.), &#8230;8. Macha\u010dov\u00e1, 10. B\u00e1rtov\u00e1 (ob\u011b \u010cR).<\/p>\n\n\n\n<p>Sprint:<\/p>\n\n\n\n<p>Fin\u00e1le: Petriov\u00e1 (Pol.) &#8211; V. Jaborn\u00edkov\u00e1 (\u010cR) 2:1, o 3. m\u00edsto: Sibiakov\u00e1 &#8211; Losov\u00e1 (ob\u011b Pol.) 2:0, &#8230;8. A. Jaborn\u00edkov\u00e1 (\u010cR).<\/p>\n\n\n\n<p>Bodovac\u00ed z\u00e1vod:<\/p>\n\n\n\n<p>1.Kopeck\u00e1 71, 2. de Clercqov\u00e1 (Belg.) 45, 3. Bossuytov\u00e1 44, &#8230;7. Macha\u010dov\u00e1 26, 10. B\u00e1rtov\u00e1 0.<\/p>\n\n\n\n<p>Scratch:<\/p>\n\n\n\n<p>1.Bossuytov\u00e1, 2. Kopeck\u00e1, 3. Balj\u0161iteov\u00e1 (Lit.).<\/p>\n\n\n\n<p>Mu\u017ei:<\/p>\n\n\n\n<p>Omnium:<\/p>\n\n\n\n<p>1.Augenstein (N\u011bm.) 136, 2. Maclkean (Brit.) 130, 3. Jochum (N\u011bm.) 126, &#8230;8. K\u0159enek (\u010cR) 96.<\/p>\n\n\n\n<p>Keirin:<\/p>\n\n\n\n<p>1.D\u00f6rnbach (N\u011bm.), 2. Nulens (Belg.), 3. Sarnecki (Pol.), &#8230;5. \u010cechman, 7. Topinka (oba \u010cR).<\/p>\n\n\n\n<figure class=\"wp-block-image size-large\"><img loading=\"lazy\" decoding=\"async\" width=\"1024\" height=\"652\" src=\"http:\/\/www.czechcyclingfederation.com\/wp-content\/uploads\/2025\/08\/Vylucovacka-650A4729-1024x652.jpg\" alt=\"\" class=\"wp-image-37141\" srcset=\"https:\/\/www.czechcyclingfederation.com\/wp-content\/uploads\/2025\/08\/Vylucovacka-650A4729-1024x652.jpg 1024w, https:\/\/www.czechcyclingfederation.com\/wp-content\/uploads\/2025\/08\/Vylucovacka-650A4729-300x191.jpg 300w, https:\/\/www.czechcyclingfederation.com\/wp-content\/uploads\/2025\/08\/Vylucovacka-650A4729-768x489.jpg 768w, https:\/\/www.czechcyclingfederation.com\/wp-content\/uploads\/2025\/08\/Vylucovacka-650A4729-1320x840.jpg 1320w, https:\/\/www.czechcyclingfederation.com\/wp-content\/uploads\/2025\/08\/Vylucovacka-650A4729.jpg 1450w\" sizes=\"auto, (max-width: 1024px) 100vw, 1024px\" \/><\/figure>\n\n\n\n<p>FOTO CPA<\/p>\n","protected":false},"excerpt":{"rendered":"<p>Druh\u00fd den Velk\u00e9 ceny Framar na dr\u00e1ze v Praze na T\u0159ebe\u0161\u00edn\u011b byla z dom\u00e1c\u00edch cyklist\u016f nejlep\u0161\u00ed Veronika Jaborn\u00edkov\u00e1, kter\u00e1 ve sprintu vybojovala druh\u00e9 m\u00edsto. V podniku prvn\u00ed kategorie kalend\u00e1\u0159e UCI nesta\u010dila jen na polskou reprezentantku Paulinu Petriovou, kter\u00e9 ve vyrovnan\u00e9m fin\u00e1lov\u00e9m souboji podlehla 1:2 na j\u00edzdy. Z\u00e1vod\u016fm op\u011bt kralovala jedna z nejlep\u0161\u00edch cyklistek sv\u011bta Lotte [&hellip;]<\/p>\n","protected":false},"author":8,"featured_media":37146,"comment_status":"closed","ping_status":"open","sticky":false,"template":"","format":"standard","meta":{"footnotes":""},"categories":[54,2],"tags":[9],"class_list":["post-37136","post","type-post","status-publish","format-standard","has-post-thumbnail","hentry","category-draha","category-novinky","tag-draha"],"_links":{"self":[{"href":"https:\/\/www.czechcyclingfederation.com\/en\/wp-json\/wp\/v2\/posts\/37136","targetHints":{"allow":["GET"]}}],"collection":[{"href":"https:\/\/www.czechcyclingfederation.com\/en\/wp-json\/wp\/v2\/posts"}],"about":[{"href":"https:\/\/www.czechcyclingfederation.com\/en\/wp-json\/wp\/v2\/types\/post"}],"author":[{"embeddable":true,"href":"https:\/\/www.czechcyclingfederation.com\/en\/wp-json\/wp\/v2\/users\/8"}],"replies":[{"embeddable":true,"href":"https:\/\/www.czechcyclingfederation.com\/en\/wp-json\/wp\/v2\/comments?post=37136"}],"version-history":[{"count":2,"href":"https:\/\/www.czechcyclingfederation.com\/en\/wp-json\/wp\/v2\/posts\/37136\/revisions"}],"predecessor-version":[{"id":37152,"href":"https:\/\/www.czechcyclingfederation.com\/en\/wp-json\/wp\/v2\/posts\/37136\/revisions\/37152"}],"wp:featuredmedia":[{"embeddable":true,"href":"https:\/\/www.czechcyclingfederation.com\/en\/wp-json\/wp\/v2\/media\/37146"}],"wp:attachment":[{"href":"https:\/\/www.czechcyclingfederation.com\/en\/wp-json\/wp\/v2\/media?parent=37136"}],"wp:term":[{"taxonomy":"category","embeddable":true,"href":"https:\/\/www.czechcyclingfederation.com\/en\/wp-json\/wp\/v2\/categories?post=37136"},{"taxonomy":"post_tag","embeddable":true,"href":"https:\/\/www.czechcyclingfederation.com\/en\/wp-json\/wp\/v2\/tags?post=37136"}],"curies":[{"name":"wp","href":"https:\/\/api.w.org\/{rel}","templated":true}]}}