{"id":37124,"date":"2025-08-25T14:15:39","date_gmt":"2025-08-25T12:15:39","guid":{"rendered":"https:\/\/www.czechcyclingfederation.com\/?p=37124"},"modified":"2025-08-25T19:40:19","modified_gmt":"2025-08-25T17:40:19","slug":"ctvrty-dil-cp-ve-sjezdu-vyhral-nemec-lehman-z-cechu-nejlepsi-junior-povolny","status":"publish","type":"post","link":"https:\/\/www.czechcyclingfederation.com\/en\/ctvrty-dil-cp-ve-sjezdu-vyhral-nemec-lehman-z-cechu-nejlepsi-junior-povolny\/","title":{"rendered":"\u010ctvrt\u00fd d\u00edl \u010cP ve sjezdu vyhr\u00e1l N\u011bmec Lehman, z\u00a0\u010cech\u016f nejlep\u0161\u00ed junior Povoln\u00fd"},"content":{"rendered":"\n<p>\u010ctvrt\u00fd a p\u0159edposledn\u00ed d\u00edl seri\u00e1lu \u010cesk\u00e9ho poh\u00e1ru ve sjezdu horsk\u00fdch kol vyhr\u00e1l n\u011bmeck\u00fd jezdec Hannes Lehman. Na trati dlouh\u00e9 2,2 kilometru na Kl\u00ednovci za n\u00edm zaostal jen o necelou vte\u0159inu junior Maty\u00e1\u0161 Povoln\u00fd (YT Racing Development Junior) \u00a0a t\u0159et\u00ed nejrychlej\u0161\u00ed byl dal\u0161\u00ed n\u011bmeck\u00fd z\u00e1vodn\u00edk Felix Schnedelbach.<\/p>\n\n\n\n<p>Z&nbsp;elitn\u00edch \u010desk\u00fdch mu\u017e\u016f si vedl nejl\u00e9pe \u010dtvrt\u00fd Jan \u010cepel\u00e1k. Z\u00e1vod \u017een&nbsp; za t\u00e9m\u011b\u0159 ide\u00e1ln\u00edho po\u010das\u00ed na jeden\u00e9 z&nbsp;nejt\u011b\u017e\u0161\u00edch trat\u00ed v&nbsp;\u010cesk\u00e9 republice v&nbsp;parku Kl\u00ednovec vy\u0161el nejl\u00e9pe rakousk\u00e9 sjezda\u0159ce Kerstin Salleggerov\u00e9, kter\u00e1 druhou Karol\u00ednu Kadlecovou (X-ride team racing Le\u0161n\u00e1) porazila o t\u0159i a p\u016fl vte\u0159iny, t\u0159et\u00ed skon\u010dila Ad\u00e9la Koke\u0161ov\u00e1 (Niseko Horsefeathers).<\/p>\n\n\n\n<figure class=\"wp-block-image size-large\"><img loading=\"lazy\" decoding=\"async\" width=\"1024\" height=\"683\" src=\"http:\/\/www.czechcyclingfederation.com\/wp-content\/uploads\/2025\/08\/250824-dh-Klinovec-1677-1024x683.jpg\" alt=\"\" class=\"wp-image-37129\" srcset=\"https:\/\/www.czechcyclingfederation.com\/wp-content\/uploads\/2025\/08\/250824-dh-Klinovec-1677-1024x683.jpg 1024w, https:\/\/www.czechcyclingfederation.com\/wp-content\/uploads\/2025\/08\/250824-dh-Klinovec-1677-300x200.jpg 300w, https:\/\/www.czechcyclingfederation.com\/wp-content\/uploads\/2025\/08\/250824-dh-Klinovec-1677-768x512.jpg 768w, https:\/\/www.czechcyclingfederation.com\/wp-content\/uploads\/2025\/08\/250824-dh-Klinovec-1677-1536x1024.jpg 1536w, https:\/\/www.czechcyclingfederation.com\/wp-content\/uploads\/2025\/08\/250824-dh-Klinovec-1677-1320x880.jpg 1320w, https:\/\/www.czechcyclingfederation.com\/wp-content\/uploads\/2025\/08\/250824-dh-Klinovec-1677.jpg 2048w\" sizes=\"auto, (max-width: 1024px) 100vw, 1024px\" \/><\/figure>\n\n\n\n<p>V\u00fdsledky:<\/p>\n\n\n\n<p>Mu\u017ei:<\/p>\n\n\n\n<p>1. Lehman (N\u011bm.) 3:57,186, 2. Povoln\u00fd (YT Racing Development Junior) 3:57,856, 3. Schnedelbach (N\u011bm.) 4:01,426, 4. \u010cepel\u00e1k 4:01,817, 5. H\u00fa\u0161\u0165 4:04,368, 6. Novotn\u00fd (Oibike Scott Team) 4:04,808.<\/p>\n\n\n\n<p>\u017deny:<\/p>\n\n\n\n<p>1.Salleggerov\u00e1 (Rak.) 4:35,731, 2. Kadlecov\u00e1 (X-ride team racing Le\u0161n\u00e1) 4:39,260, 3. Koke\u0161ov\u00e1 (Niseko Horsefeathers) 4:42,072, 4. Volejn\u00edkov\u00e1 (North Bike club) 4:42,566.<\/p>\n\n\n\n<figure class=\"wp-block-image size-large\"><img loading=\"lazy\" decoding=\"async\" width=\"1024\" height=\"683\" src=\"http:\/\/www.czechcyclingfederation.com\/wp-content\/uploads\/2025\/08\/250824-dh-Klinovec-1146-1024x683.jpg\" alt=\"\" class=\"wp-image-37127\" srcset=\"https:\/\/www.czechcyclingfederation.com\/wp-content\/uploads\/2025\/08\/250824-dh-Klinovec-1146-1024x683.jpg 1024w, https:\/\/www.czechcyclingfederation.com\/wp-content\/uploads\/2025\/08\/250824-dh-Klinovec-1146-300x200.jpg 300w, https:\/\/www.czechcyclingfederation.com\/wp-content\/uploads\/2025\/08\/250824-dh-Klinovec-1146-768x512.jpg 768w, https:\/\/www.czechcyclingfederation.com\/wp-content\/uploads\/2025\/08\/250824-dh-Klinovec-1146-1536x1024.jpg 1536w, https:\/\/www.czechcyclingfederation.com\/wp-content\/uploads\/2025\/08\/250824-dh-Klinovec-1146-1320x880.jpg 1320w, https:\/\/www.czechcyclingfederation.com\/wp-content\/uploads\/2025\/08\/250824-dh-Klinovec-1146.jpg 2048w\" sizes=\"auto, (max-width: 1024px) 100vw, 1024px\" \/><\/figure>\n\n\n\n<p>FOTO Pavel K\u0159ikava<\/p>\n","protected":false},"excerpt":{"rendered":"<p>\u010ctvrt\u00fd a p\u0159edposledn\u00ed d\u00edl seri\u00e1lu \u010cesk\u00e9ho poh\u00e1ru ve sjezdu horsk\u00fdch kol vyhr\u00e1l n\u011bmeck\u00fd jezdec Hannes Lehman. Na trati dlouh\u00e9 2,2 kilometru na Kl\u00ednovci za n\u00edm zaostal jen o necelou vte\u0159inu junior Maty\u00e1\u0161 Povoln\u00fd (YT Racing Development Junior) \u00a0a t\u0159et\u00ed nejrychlej\u0161\u00ed byl dal\u0161\u00ed n\u011bmeck\u00fd z\u00e1vodn\u00edk Felix Schnedelbach. Z&nbsp;elitn\u00edch \u010desk\u00fdch mu\u017e\u016f si vedl nejl\u00e9pe \u010dtvrt\u00fd Jan \u010cepel\u00e1k. [&hellip;]<\/p>\n","protected":false},"author":8,"featured_media":37132,"comment_status":"closed","ping_status":"open","sticky":false,"template":"","format":"standard","meta":{"footnotes":""},"categories":[6,2],"tags":[10],"class_list":["post-37124","post","type-post","status-publish","format-standard","has-post-thumbnail","hentry","category-mtb","category-novinky","tag-mtb"],"_links":{"self":[{"href":"https:\/\/www.czechcyclingfederation.com\/en\/wp-json\/wp\/v2\/posts\/37124","targetHints":{"allow":["GET"]}}],"collection":[{"href":"https:\/\/www.czechcyclingfederation.com\/en\/wp-json\/wp\/v2\/posts"}],"about":[{"href":"https:\/\/www.czechcyclingfederation.com\/en\/wp-json\/wp\/v2\/types\/post"}],"author":[{"embeddable":true,"href":"https:\/\/www.czechcyclingfederation.com\/en\/wp-json\/wp\/v2\/users\/8"}],"replies":[{"embeddable":true,"href":"https:\/\/www.czechcyclingfederation.com\/en\/wp-json\/wp\/v2\/comments?post=37124"}],"version-history":[{"count":2,"href":"https:\/\/www.czechcyclingfederation.com\/en\/wp-json\/wp\/v2\/posts\/37124\/revisions"}],"predecessor-version":[{"id":37135,"href":"https:\/\/www.czechcyclingfederation.com\/en\/wp-json\/wp\/v2\/posts\/37124\/revisions\/37135"}],"wp:featuredmedia":[{"embeddable":true,"href":"https:\/\/www.czechcyclingfederation.com\/en\/wp-json\/wp\/v2\/media\/37132"}],"wp:attachment":[{"href":"https:\/\/www.czechcyclingfederation.com\/en\/wp-json\/wp\/v2\/media?parent=37124"}],"wp:term":[{"taxonomy":"category","embeddable":true,"href":"https:\/\/www.czechcyclingfederation.com\/en\/wp-json\/wp\/v2\/categories?post=37124"},{"taxonomy":"post_tag","embeddable":true,"href":"https:\/\/www.czechcyclingfederation.com\/en\/wp-json\/wp\/v2\/tags?post=37124"}],"curies":[{"name":"wp","href":"https:\/\/api.w.org\/{rel}","templated":true}]}}