{"id":37111,"date":"2025-08-24T21:01:12","date_gmt":"2025-08-24T19:01:12","guid":{"rendered":"https:\/\/www.czechcyclingfederation.com\/?p=37111"},"modified":"2025-08-24T21:02:40","modified_gmt":"2025-08-24T19:02:40","slug":"hvezdna-lotte-kopecky-na-gp-framaru-dominovala-v-omniu","status":"publish","type":"post","link":"https:\/\/www.czechcyclingfederation.com\/en\/hvezdna-lotte-kopecky-na-gp-framaru-dominovala-v-omniu\/","title":{"rendered":"Hv\u011bzdn\u00e1 Lotte Kopecky na GP Framaru z\u00e1\u0159ila v omniu"},"content":{"rendered":"\n<p>Jednu z&nbsp;nejv\u011bt\u0161\u00edch hv\u011bzd \u017eensk\u00e9 sv\u011btov\u00e9 cyklistiky se poda\u0159ilo p\u0159il\u00e1kat organiz\u00e1tor\u016fm dr\u00e1hov\u00e9ho m\u00edtinku GP Framar v&nbsp;Praze na T\u0159ebe\u0161\u00edn\u011b. Fanou\u0161k\u016fm se p\u0159edstavila Belgi\u010danka <strong>Lotte Kopecky<\/strong>, dvojn\u00e1sobn\u00e1 mistryn\u011b sv\u011bta na silnici a majitelka \u0161esti titul\u016f z&nbsp;MS na dr\u00e1ze.<\/p>\n\n\n\n<p>V\u00a0dne\u0161n\u00edm programu jednozna\u010dn\u011b dominovala omniu, kdy\u017e vyhr\u00e1la v\u0161echny jeho discipl\u00edny: scratch, tempo race, vylu\u010dovac\u00ed z\u00e1vod i bodova\u010dku. <em>\u201eDlouho jsem na dr\u00e1ze nez\u00e1vodila a pokud se chci kvalifikovat na mistrovstv\u00ed sv\u011bta, pot\u0159ebuji sb\u00edrat body. Proto jsem p\u0159ijela do Prahy. Je fajn se ob\u010das vr\u00e1tit k\u00a0z\u00e1klad\u016fm, na venkovn\u00ed dr\u00e1hu. Opravdu si to u\u017e\u00edv\u00e1m,\u201c \u0159<\/em>ekla 29let\u00e1 Kopecky, kter\u00e1 pojede je\u0161t\u011b v\u00a0pond\u011bl\u00ed bodovac\u00ed z\u00e1vod a scratch.<\/p>\n\n\n\n<p>Z&nbsp;\u010desk\u00fdch z\u00e1vodn\u00edk\u016f se na p\u00f3dium prosadili <strong>Dominik Topinka<\/strong> ve sprintu a <strong>Jan Vone\u0161 <\/strong>ve vylu\u010dovac\u00edm z\u00e1vod\u011b, kdy\u017e oba obsadili shodn\u011b t\u0159et\u00ed m\u00edsto.<\/p>\n\n\n\n<p><strong>V\u00fdsledky<\/strong><\/p>\n\n\n\n<p><strong>Mu\u017ei, sprint: <\/strong>1. D\u00f6rnbach (N\u011bm.), 2. Szalontay (Ma\u010f.), <strong>3. Topinka, 7. Peterka, 9. Po\u0159\u00edzek, 10. Rauschgold <\/strong>(v\u0161. \u010cR).<\/p>\n\n\n\n<p><strong>Scratch:<\/strong> 1. Augenstein (N\u011bm.), 2. Slawek (Pol.), 3. Vandenbranden (Belg.), \u2026 <strong>12. Vone\u0161 <\/strong>(\u010cR).<\/p>\n\n\n\n<p><strong>Bodovac\u00ed z\u00e1vod: <\/strong>1. Augenstein 66, 2. Jochum (oba N\u011bm.) 56, 2. Slawek (Pol.) 40, \u2026 <strong>6. K\u0159enek <\/strong>15, <strong>11. Vone\u0161 <\/strong>5.<\/p>\n\n\n\n<p><strong>Vylu\u010dovac\u00ed z\u00e1vod:<\/strong> 1. Bibi\u010d (Kan.), 2. Augenstein (N\u011bm.), <strong>3. Vone\u0161, 8. \u0160irok\u00fd, 10. Rob. Kobr <\/strong>(v\u0161. \u010cR).<\/p>\n\n\n\n<p><strong>\u017deny, omnium: <\/strong>1. Kopecky (Belg.) 202 b., 2. Bossyutov\u00e1 (ob\u011b Belg.) 150, 3. Baleisyteov\u00e1 (Litva) 144, \u2026 <strong>8. B\u00e1rtov\u00e1 <\/strong>82, <strong>10. Macha\u010dov\u00e1 <\/strong>(ob\u011b \u010cR) 72.<\/p>\n\n\n\n<p><strong>Keirin:<\/strong> Petriov\u00e1, 2. Seremakov\u00e1, 3. Sibiakov\u00e1 (v\u0161. Pol.), <strong>4. A. Jaborn\u00edkov\u00e1, 5. V. Jaborn\u00edkov\u00e1.<\/strong><\/p>\n\n\n\n<p>Foto: Milan Kraus<\/p>\n","protected":false},"excerpt":{"rendered":"<p>Jednu z&nbsp;nejv\u011bt\u0161\u00edch hv\u011bzd \u017eensk\u00e9 sv\u011btov\u00e9 cyklistiky se poda\u0159ilo p\u0159il\u00e1kat organiz\u00e1tor\u016fm dr\u00e1hov\u00e9ho m\u00edtinku GP Framar v&nbsp;Praze na T\u0159ebe\u0161\u00edn\u011b. Fanou\u0161k\u016fm se p\u0159edstavila Belgi\u010danka Lotte Kopecky, dvojn\u00e1sobn\u00e1 mistryn\u011b sv\u011bta na silnici a majitelka \u0161esti titul\u016f z&nbsp;MS na dr\u00e1ze. V\u00a0dne\u0161n\u00edm programu jednozna\u010dn\u011b dominovala omniu, kdy\u017e vyhr\u00e1la v\u0161echny jeho discipl\u00edny: scratch, tempo race, vylu\u010dovac\u00ed z\u00e1vod i bodova\u010dku. \u201eDlouho jsem na [&hellip;]<\/p>\n","protected":false},"author":15,"featured_media":37114,"comment_status":"closed","ping_status":"open","sticky":false,"template":"","format":"standard","meta":{"footnotes":""},"categories":[54,2,1],"tags":[9],"class_list":["post-37111","post","type-post","status-publish","format-standard","has-post-thumbnail","hentry","category-draha","category-novinky","category-uncategorized-cs","tag-draha"],"_links":{"self":[{"href":"https:\/\/www.czechcyclingfederation.com\/en\/wp-json\/wp\/v2\/posts\/37111","targetHints":{"allow":["GET"]}}],"collection":[{"href":"https:\/\/www.czechcyclingfederation.com\/en\/wp-json\/wp\/v2\/posts"}],"about":[{"href":"https:\/\/www.czechcyclingfederation.com\/en\/wp-json\/wp\/v2\/types\/post"}],"author":[{"embeddable":true,"href":"https:\/\/www.czechcyclingfederation.com\/en\/wp-json\/wp\/v2\/users\/15"}],"replies":[{"embeddable":true,"href":"https:\/\/www.czechcyclingfederation.com\/en\/wp-json\/wp\/v2\/comments?post=37111"}],"version-history":[{"count":2,"href":"https:\/\/www.czechcyclingfederation.com\/en\/wp-json\/wp\/v2\/posts\/37111\/revisions"}],"predecessor-version":[{"id":37117,"href":"https:\/\/www.czechcyclingfederation.com\/en\/wp-json\/wp\/v2\/posts\/37111\/revisions\/37117"}],"wp:featuredmedia":[{"embeddable":true,"href":"https:\/\/www.czechcyclingfederation.com\/en\/wp-json\/wp\/v2\/media\/37114"}],"wp:attachment":[{"href":"https:\/\/www.czechcyclingfederation.com\/en\/wp-json\/wp\/v2\/media?parent=37111"}],"wp:term":[{"taxonomy":"category","embeddable":true,"href":"https:\/\/www.czechcyclingfederation.com\/en\/wp-json\/wp\/v2\/categories?post=37111"},{"taxonomy":"post_tag","embeddable":true,"href":"https:\/\/www.czechcyclingfederation.com\/en\/wp-json\/wp\/v2\/tags?post=37111"}],"curies":[{"name":"wp","href":"https:\/\/api.w.org\/{rel}","templated":true}]}}