{"id":37079,"date":"2025-08-24T17:50:58","date_gmt":"2025-08-24T15:50:58","guid":{"rendered":"https:\/\/www.czechcyclingfederation.com\/?p=37079"},"modified":"2025-08-24T17:51:00","modified_gmt":"2025-08-24T15:51:00","slug":"hermanova-se-strakatou-seste-v-madisonu-na-juniorskem-ms","status":"publish","type":"post","link":"https:\/\/www.czechcyclingfederation.com\/en\/hermanova-se-strakatou-seste-v-madisonu-na-juniorskem-ms\/","title":{"rendered":"Hermanov\u00e1 se Strakatou \u0161est\u00e9 v madisonu na juniorsk\u00e9m MS"},"content":{"rendered":"\n<p>Dvojice Be\u00e1ta Hermanov\u00e1 a Vendula Strakat\u00e1 zavr\u0161ila \u010desk\u00e9 \u00fasp\u011b\u0161n\u00e9 \u00fa\u010dinkov\u00e1n\u00ed na sv\u011btov\u00e9m juniorsk\u00e9m dr\u00e1hov\u00e9m \u0161ampion\u00e1tu v nizozemsk\u00e9m Apeldoornu v\u00fdborn\u00fdm \u0161est\u00fdm m\u00edstem v madisonu. Naopak Filip Richter a Albert Rauschert nepostoupili ve stejn\u00e9 discipl\u00edn\u011b z kvalifikace.<\/p>\n\n\n\n<p>&#8220;V\u00fdsledek odpov\u00edd\u00e1 solidn\u00edmu v\u00fdkonu. Ale je na \u010dem st\u00e1le je\u0161t\u011b pracovat. Holky se dnes trochu tr\u00e1pily, ale v\u00fdsledek je dobr\u00fd. T\u0159i nejlep\u0161\u00ed dvojice byly odsko\u010den\u00e9, s ostatn\u00edmi to byl vyrovnan\u00fd souboj,&#8221; zhodnotil tren\u00e9r Luk\u00e1\u0161 Thun.<\/p>\n\n\n\n<p>Do boj\u016f zas\u00e1hla je\u0161t\u011b Krist\u00fdna K\u0159upalov\u00e1 v keirinu. V n\u011bm se probojovala do mal\u00e9ho fin\u00e1le v n\u011bm\u017e skon\u010dila p\u00e1t\u00e1, celkov\u011b tedy obsadila 11. m\u00edsto. &#8220;Ur\u010dit\u011b jsem \u0161\u0165astn\u00e1, \u017ee jsem jela alespo\u0148 mal\u00e9 fin\u00e1le. V semifin\u00e1le jsem m\u00e1lem spadla, proto nepostoupila. Ur\u010dit\u011b to nen\u00ed \u0161patn\u00e9 a t\u011b\u0161\u00edm se na p\u0159\u00ed\u0161t\u00ed rok, kdy to bude ur\u010dit\u011b lep\u0161\u00ed,&#8221; \u0159ekla Krist\u00fdna K\u0159upalov\u00e1. Tom\u00e1\u0161 Vr\u00e1na obsadil ve vylu\u010dovac\u00edm z\u00e1vodu 18. m\u00edsto.<\/p>\n\n\n\n<p>V\u00fdsledky:<\/p>\n\n\n\n<p>Juniorky:<\/p>\n\n\n\n<p>Madison:<\/p>\n\n\n\n<p>1.Boothmanov\u00e1, Taylorov\u00e1 (Brit.) 42, 2, Cramerov\u00e1, Fiallaov\u00e1 (D\u00e1n.) 22, 3. Dubierov\u00e1, Sandersov\u00e1 (Austr.) 16, &#8230;6. Hermanov\u00e1, Strakat\u00e1 (\u010cR) 2.<\/p>\n\n\n\n<p>Keirin:<\/p>\n\n\n\n<p>1.Cenciov\u00e1 (It.), 2. Hernandezov\u00e1 (Kol.), 3. Waterstradtov\u00e1 (N\u011bm.), &#8230;11. K\u0159upalov\u00e1 (\u010cR).<\/p>\n\n\n\n<p>Junio\u0159i:<\/p>\n\n\n\n<p>Vylu\u010dovac\u00ed z\u00e1vod:<\/p>\n\n\n\n<p>1.Fugger (Rak.), 2. Vendramin (It.), 3. Jakovlev (AIN), &#8230;18. Vr\u00e1na (\u010cR).<\/p>\n\n\n\n<p>1km s pevn\u00fdm startem:<\/p>\n\n\n\n<p>1.Hobbs (Brit.) 1:00,305, 2. Bock (N\u011bm.) 1:01,957, 3. Magagnotti (It.) 1:02,267.<\/p>\n\n\n\n<p>Madison:<\/p>\n\n\n\n<p>1.Ubeda, Sanz (\u0160p.) 51, 2. Bortolami, Colombo (It.) 50, 3. Hinds, Thompson (Brit.) 47.<\/p>\n\n\n\n<p>FOTO Zden\u011bk Nosek<\/p>\n","protected":false},"excerpt":{"rendered":"<p>Dvojice Be\u00e1ta Hermanov\u00e1 a Vendula Strakat\u00e1 zavr\u0161ila \u010desk\u00e9 \u00fasp\u011b\u0161n\u00e9 \u00fa\u010dinkov\u00e1n\u00ed na sv\u011btov\u00e9m juniorsk\u00e9m dr\u00e1hov\u00e9m \u0161ampion\u00e1tu v nizozemsk\u00e9m Apeldoornu v\u00fdborn\u00fdm \u0161est\u00fdm m\u00edstem v madisonu. Naopak Filip Richter a Albert Rauschert nepostoupili ve stejn\u00e9 discipl\u00edn\u011b z kvalifikace. &#8220;V\u00fdsledek odpov\u00edd\u00e1 solidn\u00edmu v\u00fdkonu. Ale je na \u010dem st\u00e1le je\u0161t\u011b pracovat. Holky se dnes trochu tr\u00e1pily, ale v\u00fdsledek je dobr\u00fd. [&hellip;]<\/p>\n","protected":false},"author":8,"featured_media":37080,"comment_status":"closed","ping_status":"open","sticky":false,"template":"","format":"standard","meta":{"footnotes":""},"categories":[54,2],"tags":[9],"class_list":["post-37079","post","type-post","status-publish","format-standard","has-post-thumbnail","hentry","category-draha","category-novinky","tag-draha"],"_links":{"self":[{"href":"https:\/\/www.czechcyclingfederation.com\/en\/wp-json\/wp\/v2\/posts\/37079","targetHints":{"allow":["GET"]}}],"collection":[{"href":"https:\/\/www.czechcyclingfederation.com\/en\/wp-json\/wp\/v2\/posts"}],"about":[{"href":"https:\/\/www.czechcyclingfederation.com\/en\/wp-json\/wp\/v2\/types\/post"}],"author":[{"embeddable":true,"href":"https:\/\/www.czechcyclingfederation.com\/en\/wp-json\/wp\/v2\/users\/8"}],"replies":[{"embeddable":true,"href":"https:\/\/www.czechcyclingfederation.com\/en\/wp-json\/wp\/v2\/comments?post=37079"}],"version-history":[{"count":1,"href":"https:\/\/www.czechcyclingfederation.com\/en\/wp-json\/wp\/v2\/posts\/37079\/revisions"}],"predecessor-version":[{"id":37082,"href":"https:\/\/www.czechcyclingfederation.com\/en\/wp-json\/wp\/v2\/posts\/37079\/revisions\/37082"}],"wp:featuredmedia":[{"embeddable":true,"href":"https:\/\/www.czechcyclingfederation.com\/en\/wp-json\/wp\/v2\/media\/37080"}],"wp:attachment":[{"href":"https:\/\/www.czechcyclingfederation.com\/en\/wp-json\/wp\/v2\/media?parent=37079"}],"wp:term":[{"taxonomy":"category","embeddable":true,"href":"https:\/\/www.czechcyclingfederation.com\/en\/wp-json\/wp\/v2\/categories?post=37079"},{"taxonomy":"post_tag","embeddable":true,"href":"https:\/\/www.czechcyclingfederation.com\/en\/wp-json\/wp\/v2\/tags?post=37079"}],"curies":[{"name":"wp","href":"https:\/\/api.w.org\/{rel}","templated":true}]}}