{"id":37063,"date":"2025-08-23T21:07:18","date_gmt":"2025-08-23T19:07:18","guid":{"rendered":"https:\/\/www.czechcyclingfederation.com\/?p=37063"},"modified":"2025-08-23T22:08:27","modified_gmt":"2025-08-23T20:08:27","slug":"junior-vrana-skoncil-na-drahovem-ms-v-omniu-sesty","status":"publish","type":"post","link":"https:\/\/www.czechcyclingfederation.com\/en\/junior-vrana-skoncil-na-drahovem-ms-v-omniu-sesty\/","title":{"rendered":"Junior Vr\u00e1na skon\u010dil na dr\u00e1hov\u00e9m MS v\u00a0omniu \u0161est\u00fd"},"content":{"rendered":"\n<p>I v&nbsp;sobotn\u00edm programu juniorsk\u00e9ho dr\u00e1hov\u00e9ho sv\u011btov\u00e9ho \u0161ampion\u00e1tu v&nbsp;nizozemsk\u00e9m Apeldoornu \u010de\u0161t\u00ed mlad\u00ed jezdci usp\u011bli. Tom\u00e1\u0161 Vr\u00e1na vybojoval v&nbsp;olympijsk\u00e9m omniu skv\u011bl\u00e9 \u0161est\u00e9 m\u00edsto, Kate\u0159ina Fojt\u016f obsadila v&nbsp;z\u00e1vodu na 1 km s&nbsp;pevn\u00fdm startem dev\u00e1t\u00e9 m\u00edsto.<\/p>\n\n\n\n<p>\u201eTom\u00e1\u0161 si hrozn\u011b p\u0159\u00e1l vylep\u0161it um\u00edst\u011bn\u00ed z&nbsp;mistrovstv\u00ed Evropy a to se mu poda\u0159ilo. Hlavn\u011b ale podal mnohem lep\u0161\u00ed v\u00fdkon. Ve v\u0161ech discipl\u00edn\u00e1ch zajel p\u011bkn\u011b a v\u00fdrazn\u011b zlep\u0161il sv\u016fj z\u00e1vodn\u00ed projev. Bylo na n\u011bm vid\u011bt, \u017ee nechce jen jezdit v&nbsp;h\u00e1ku, ale poka\u017ed\u00e9 cht\u011bl zabojovat a z\u00e1vody se pokou\u0161el i tvo\u0159it. Ve vylu\u010dova\u010dce ji\u017e trochu ztr\u00e1cel kondici v&nbsp;bodova\u010dce si hl\u00eddal soupe\u0159e. Celkov\u00fd projev byl vynikaj\u00edc\u00ed a mysl\u00edm, \u017ee \u0161est\u00e9 m\u00edsto je velmi zaslou\u017een\u00e9,\u201c \u0159ekl tren\u00e9r Luk\u00e1\u0161 Thun.<\/p>\n\n\n\n<p>&#8220;Sv\u016fj posledn\u00ed start na mistrovstv\u00ed jsem si u\u017eila, i kdy\u017e jsem ji\u017e v noh\u00e1ch c\u00edtila \u00fanavu v minul\u00fdch start\u016f. I tak si mysl\u00edm, \u017ee jsem podala dobr\u00fd v\u00fdkon, kter\u00fd jsem ale schopn\u00e1 p\u0159\u00ed\u0161t\u011b je\u0161t\u011b vylep\u0161it,&#8221; \u0159ekla Kate\u0159ina Fojt\u016f.<\/p>\n\n\n\n<p>V\u00fdsledky:<\/p>\n\n\n\n<p>Juniorky:<\/p>\n\n\n\n<p>1 km s pevn\u00fdm startem:<\/p>\n\n\n\n<p>2. Cenciov\u00e1 (It.) 1:08,451, 2. Waterstradtov\u00e1 (N\u011bm.) 1:09,169, 3.Gheysensov\u00e1 (Belg.) 1:09,767, \u20269. Fojt\u016f 1:11,039.<\/p>\n\n\n\n<p>Junio\u0159i:<\/p>\n\n\n\n<p>Omnium:<\/p>\n\n\n\n<p>1.Hobbs (Brit.) 126, 2. Bertels (Belg.) 118, 3. Vendramin (It.) 100, \u20266. Vr\u00e1na 83.<\/p>\n\n\n\n<p>FOTO Luk\u00e1\u0161 Thun<\/p>\n","protected":false},"excerpt":{"rendered":"<p>I v&nbsp;sobotn\u00edm programu juniorsk\u00e9ho dr\u00e1hov\u00e9ho sv\u011btov\u00e9ho \u0161ampion\u00e1tu v&nbsp;nizozemsk\u00e9m Apeldoornu \u010de\u0161t\u00ed mlad\u00ed jezdci usp\u011bli. Tom\u00e1\u0161 Vr\u00e1na vybojoval v&nbsp;olympijsk\u00e9m omniu skv\u011bl\u00e9 \u0161est\u00e9 m\u00edsto, Kate\u0159ina Fojt\u016f obsadila v&nbsp;z\u00e1vodu na 1 km s&nbsp;pevn\u00fdm startem dev\u00e1t\u00e9 m\u00edsto. \u201eTom\u00e1\u0161 si hrozn\u011b p\u0159\u00e1l vylep\u0161it um\u00edst\u011bn\u00ed z&nbsp;mistrovstv\u00ed Evropy a to se mu poda\u0159ilo. Hlavn\u011b ale podal mnohem lep\u0161\u00ed v\u00fdkon. Ve v\u0161ech discipl\u00edn\u00e1ch zajel [&hellip;]<\/p>\n","protected":false},"author":8,"featured_media":37064,"comment_status":"closed","ping_status":"open","sticky":false,"template":"","format":"standard","meta":{"footnotes":""},"categories":[54,2,46],"tags":[9],"class_list":["post-37063","post","type-post","status-publish","format-standard","has-post-thumbnail","hentry","category-draha","category-novinky","category-novinky-sportovni-centra","tag-draha"],"_links":{"self":[{"href":"https:\/\/www.czechcyclingfederation.com\/en\/wp-json\/wp\/v2\/posts\/37063","targetHints":{"allow":["GET"]}}],"collection":[{"href":"https:\/\/www.czechcyclingfederation.com\/en\/wp-json\/wp\/v2\/posts"}],"about":[{"href":"https:\/\/www.czechcyclingfederation.com\/en\/wp-json\/wp\/v2\/types\/post"}],"author":[{"embeddable":true,"href":"https:\/\/www.czechcyclingfederation.com\/en\/wp-json\/wp\/v2\/users\/8"}],"replies":[{"embeddable":true,"href":"https:\/\/www.czechcyclingfederation.com\/en\/wp-json\/wp\/v2\/comments?post=37063"}],"version-history":[{"count":2,"href":"https:\/\/www.czechcyclingfederation.com\/en\/wp-json\/wp\/v2\/posts\/37063\/revisions"}],"predecessor-version":[{"id":37067,"href":"https:\/\/www.czechcyclingfederation.com\/en\/wp-json\/wp\/v2\/posts\/37063\/revisions\/37067"}],"wp:featuredmedia":[{"embeddable":true,"href":"https:\/\/www.czechcyclingfederation.com\/en\/wp-json\/wp\/v2\/media\/37064"}],"wp:attachment":[{"href":"https:\/\/www.czechcyclingfederation.com\/en\/wp-json\/wp\/v2\/media?parent=37063"}],"wp:term":[{"taxonomy":"category","embeddable":true,"href":"https:\/\/www.czechcyclingfederation.com\/en\/wp-json\/wp\/v2\/categories?post=37063"},{"taxonomy":"post_tag","embeddable":true,"href":"https:\/\/www.czechcyclingfederation.com\/en\/wp-json\/wp\/v2\/tags?post=37063"}],"curies":[{"name":"wp","href":"https:\/\/api.w.org\/{rel}","templated":true}]}}