{"id":37053,"date":"2025-08-23T19:11:20","date_gmt":"2025-08-23T17:11:20","guid":{"rendered":"https:\/\/www.czechcyclingfederation.com\/?p=37053"},"modified":"2025-08-23T19:13:21","modified_gmt":"2025-08-23T17:13:21","slug":"savino-vstoupi-do-finale-west-bohemia-tour-s-naskokem-2-sekund","status":"publish","type":"post","link":"https:\/\/www.czechcyclingfederation.com\/en\/savino-vstoupi-do-finale-west-bohemia-tour-s-naskokem-2-sekund\/","title":{"rendered":"Savino vstoup\u00ed do fin\u00e1le West Bohemia Tour s n\u00e1skokem dvou sekund"},"content":{"rendered":"\n<p><strong>Belgi\u010dan Liam Van Bylen zv\u00edt\u011bzil v druh\u00e9 etap\u011b West Bohemia Tour, belgick\u00fd \u0161ampi\u00f3n kategorie U23 byl ve spurtu pelotonu rychlej\u0161\u00ed ne\u017e jeho krajan Jelle Harteel a Ital Alessio Delle Vedove. Veden\u00ed v celkov\u00e9m po\u0159ad\u00ed dr\u017e\u00ed jeho krajan Federico Savino, kter\u00fd do posledn\u00ed etapy nastoup\u00ed s n\u00e1skokem dvou sekund p\u0159ed Belgi\u010danem Victorem Vaneeckhouttem.<\/strong><\/p>\n\n\n\n<p>Druh\u00e1 etapa West Bohemia Tour s p\u0159ev\u00fd\u0161en\u00edm 2475 metr\u016f odstartovala i skon\u010dila v Klatovech a hned od \u00favodu nab\u00eddla \u0159adu \u00fatok\u016f. Do z\u00e1vodu vyrazilo 110 cyklist\u016f, na kter\u00e9 \u010dekalo 151 kilometr\u016f v \u0161umavsk\u00fdch kopc\u00edch. Pro celkov\u00e9 po\u0159ad\u00ed byly nejd\u016fle\u017eit\u011bj\u0161\u00ed rychlostn\u00ed pr\u00e9mie hned na za\u010d\u00e1tku etapy, pro ob\u011b si dojel lo\u0148sk\u00fd v\u00edt\u011bz Victor Vaneeckhoutte a st\u00e1hl \u0161est sekund ze sv\u00e9ho \u010dasu. Vedouc\u00edho Federico Savino se v\u0161ak nenechal zasko\u010dit a s\u00e1m tak\u00e9 posb\u00edral dv\u011b sekundy, aby udr\u017eel virtu\u00e1ln\u00ed veden\u00ed.<\/p>\n\n\n\n<figure class=\"wp-block-image size-large\"><img loading=\"lazy\" decoding=\"async\" width=\"1024\" height=\"683\" src=\"http:\/\/www.czechcyclingfederation.com\/wp-content\/uploads\/2025\/08\/Copy-of-DSC_1229-1024x683.jpg\" alt=\"\" class=\"wp-image-37057\" srcset=\"https:\/\/www.czechcyclingfederation.com\/wp-content\/uploads\/2025\/08\/Copy-of-DSC_1229-1024x683.jpg 1024w, https:\/\/www.czechcyclingfederation.com\/wp-content\/uploads\/2025\/08\/Copy-of-DSC_1229-300x200.jpg 300w, https:\/\/www.czechcyclingfederation.com\/wp-content\/uploads\/2025\/08\/Copy-of-DSC_1229-768x512.jpg 768w, https:\/\/www.czechcyclingfederation.com\/wp-content\/uploads\/2025\/08\/Copy-of-DSC_1229-1536x1024.jpg 1536w, https:\/\/www.czechcyclingfederation.com\/wp-content\/uploads\/2025\/08\/Copy-of-DSC_1229-2048x1365.jpg 2048w, https:\/\/www.czechcyclingfederation.com\/wp-content\/uploads\/2025\/08\/Copy-of-DSC_1229-1320x880.jpg 1320w\" sizes=\"auto, (max-width: 1024px) 100vw, 1024px\" \/><\/figure>\n\n\n\n<p>Na horsk\u00fdch pr\u00e9mi\u00edch se prosazoval zejm\u00e9na Brit Joshua Golliker z t\u00fdmu EF Education-Aevolo, kter\u00fd vyhr\u00e1l t\u0159i ze \u010dty\u0159 stoup\u00e1n\u00ed a stal se nejv\u00fdrazn\u011bj\u0161\u00ed postavou cel\u00e9 etapy. Byl toti\u017e v obou dlouh\u00fdch \u00fanic\u00edch. Nejd\u0159\u00edve odjel s dal\u0161\u00edmi p\u011bti z\u00e1vodn\u00edky a kdy\u017e byli za stoup\u00e1n\u00edm na Kvildu dosti\u017eeni, nasko\u010dil do dal\u0161\u00edho \u00fatoku s Matthiasem Schwarzbacherem a Mattiou Negrentem. Trojice z\u00edskala v\u00edce ne\u017e minutov\u00fd n\u00e1skok. Na chv\u00edli tak ohro\u017eovala \u017elut\u00fd trikot Savina. Peloton ale nenechal situaci doj\u00edt daleko a Soudal Quick-Step s pomoc\u00ed dal\u0161\u00edch t\u00fdm\u016f tempo op\u011bt zvedl.<\/p>\n\n\n\n<p>Ve sjezdech a rovinat\u011bj\u0161\u00edch pas\u00e1\u017e\u00edch se postupn\u011b poda\u0159ilo st\u00e1hnout n\u00e1skok, p\u0159esto vedouc\u00ed skupina vzdorovala a\u017e do posledn\u00edch kilometr\u016f. Do \u010dela se mezit\u00edm dostali i dal\u0161\u00ed z\u00e1vodn\u00edci, ale peloton se zasko\u010dit nenechal. V z\u00e1v\u011bru etapy u\u017e bylo jasn\u00e9, \u017ee o v\u00edt\u011bzi rozhodne hromadn\u00fd spurt.<\/p>\n\n\n\n<p>V Klatovech se nejl\u00e9pe zorientoval belgick\u00fd \u0161ampion Liam Van Bylen z t\u00fdmu Lotto, kter\u00fd vyu\u017eil skv\u011bl\u00e9 t\u00fdmov\u00e9 podpory a poprv\u00e9 v kari\u00e9\u0159e se prosadil na mezin\u00e1rodn\u00ed sc\u00e9n\u011b kategorie U23. Druh\u00e9 m\u00edsto vybojoval Jelle Harteel ze Soudal Quick-Step Devo a t\u0159et\u00ed Alessio Delle Vedove z development celku XDS Astana. Do c\u00edle dojelo pohromad\u011b 57 jezdc\u016f.<\/p>\n\n\n\n<figure class=\"wp-block-image size-large\"><img loading=\"lazy\" decoding=\"async\" width=\"1024\" height=\"682\" src=\"http:\/\/www.czechcyclingfederation.com\/wp-content\/uploads\/2025\/08\/Copy-of-DSC_1833-1024x682.jpg\" alt=\"\" class=\"wp-image-37059\" srcset=\"https:\/\/www.czechcyclingfederation.com\/wp-content\/uploads\/2025\/08\/Copy-of-DSC_1833-1024x682.jpg 1024w, https:\/\/www.czechcyclingfederation.com\/wp-content\/uploads\/2025\/08\/Copy-of-DSC_1833-300x200.jpg 300w, https:\/\/www.czechcyclingfederation.com\/wp-content\/uploads\/2025\/08\/Copy-of-DSC_1833-768x512.jpg 768w, https:\/\/www.czechcyclingfederation.com\/wp-content\/uploads\/2025\/08\/Copy-of-DSC_1833-1536x1023.jpg 1536w, https:\/\/www.czechcyclingfederation.com\/wp-content\/uploads\/2025\/08\/Copy-of-DSC_1833-2048x1364.jpg 2048w, https:\/\/www.czechcyclingfederation.com\/wp-content\/uploads\/2025\/08\/Copy-of-DSC_1833-1320x879.jpg 1320w\" sizes=\"auto, (max-width: 1024px) 100vw, 1024px\" \/><\/figure>\n\n\n\n<p>\u010ce\u0161i tentokr\u00e1t moc vid\u011bt nebyli, nejlep\u0161\u00edm dom\u00e1c\u00edm z\u00e1vodn\u00edkem v c\u00edli byl a\u017e 26. Martin B\u00e1rta (ATT Investments). Do \u010dela celkov\u00e9ho po\u0159ad\u00ed \u010desk\u00fdch jezdc\u016f se vr\u00e1til Pavel \u0160ump\u00edk, kter\u00fd na 22. p\u0159\u00ed\u010dce ztr\u00e1c\u00ed rovnou minutu na l\u00eddra z\u00e1vodu.<\/p>\n\n\n\n<p>Celkov\u00e9 po\u0159ad\u00ed z\u016fstalo velmi t\u011bsn\u00e9. Ve \u017elut\u00e9m jede d\u00e1l Ital Federico Savino, ale jeho n\u00e1skok na soupe\u0159e je minim\u00e1ln\u00ed \u2013 Vaneeckhoutte ztr\u00e1c\u00ed jen dv\u011b sekundy. O v\u00edt\u011bzi cel\u00e9ho z\u00e1vodu rozhodne a\u017e ned\u011bln\u00ed fin\u00e1le.<\/p>\n\n\n\n<p><strong>V\u00fdsledky 2. etapy West Bohemia Tour (151 km): <\/strong>1. Van Bylen (Lotto Development Team) 3:36:51 hod., 2. Harteel (oba Bel., Soudal Quick-Step Devo Team), 3. Delle Vedove (XDS Astana Development Team), 4. Mellano (oba It., XDS Astana Development Team), 5. Bueno (USA, EF Education-Aevolo), 6. Stiansen (Nor., Hagens Berman Jayco), \u202626. B\u00e1rta (\u010cR, ATT Investments), 36. \u0160ump\u00edk (\u010cR), 46. Monti (\u010cR., ATT Investments) v\u0161. stejn\u00fd \u010das.<\/p>\n\n\n\n<p><strong>Celkov\u00e9 po\u0159ad\u00ed: <\/strong>1. Savino (It., Soudal Quick Step Devo Team) 7:14:14 min., 2. Vaneeckhoutte (Bel., Lotto Development Team) +2, 3. Hansen (D\u00e1n., Airtox Carl Ras) +3, 4. Roberts (Austr., Equipe continentale Groupama FDJ) +6, 5. Mellano +13, 6. Servranckx (Bel., Soudal Quick Step) +18, \u202622. \u0160upm\u00edk (\u010cR) +1 min., 27. B\u00e1rta +1:19 min., 38. Monti (oba \u010cR, oba ATT Investments) +1:29 min.<\/p>\n\n\n\n<p><em>Foto: Jan Brychta\/West Bohemia Tour<\/em><\/p>\n","protected":false},"excerpt":{"rendered":"<p>Belgi\u010dan Liam Van Bylen zv\u00edt\u011bzil v druh\u00e9 etap\u011b West Bohemia Tour, belgick\u00fd \u0161ampi\u00f3n kategorie U23 byl ve spurtu pelotonu rychlej\u0161\u00ed ne\u017e jeho krajan Jelle Harteel a Ital Alessio Delle Vedove. Veden\u00ed v celkov\u00e9m po\u0159ad\u00ed dr\u017e\u00ed jeho krajan Federico Savino, kter\u00fd do posledn\u00ed etapy nastoup\u00ed s n\u00e1skokem dvou sekund p\u0159ed Belgi\u010danem Victorem Vaneeckhouttem. Druh\u00e1 etapa West [&hellip;]<\/p>\n","protected":false},"author":30,"featured_media":37055,"comment_status":"closed","ping_status":"open","sticky":false,"template":"","format":"standard","meta":{"footnotes":""},"categories":[2,46,1],"tags":[11],"class_list":["post-37053","post","type-post","status-publish","format-standard","has-post-thumbnail","hentry","category-novinky","category-novinky-sportovni-centra","category-uncategorized-cs","tag-silnice"],"_links":{"self":[{"href":"https:\/\/www.czechcyclingfederation.com\/en\/wp-json\/wp\/v2\/posts\/37053","targetHints":{"allow":["GET"]}}],"collection":[{"href":"https:\/\/www.czechcyclingfederation.com\/en\/wp-json\/wp\/v2\/posts"}],"about":[{"href":"https:\/\/www.czechcyclingfederation.com\/en\/wp-json\/wp\/v2\/types\/post"}],"author":[{"embeddable":true,"href":"https:\/\/www.czechcyclingfederation.com\/en\/wp-json\/wp\/v2\/users\/30"}],"replies":[{"embeddable":true,"href":"https:\/\/www.czechcyclingfederation.com\/en\/wp-json\/wp\/v2\/comments?post=37053"}],"version-history":[{"count":3,"href":"https:\/\/www.czechcyclingfederation.com\/en\/wp-json\/wp\/v2\/posts\/37053\/revisions"}],"predecessor-version":[{"id":37062,"href":"https:\/\/www.czechcyclingfederation.com\/en\/wp-json\/wp\/v2\/posts\/37053\/revisions\/37062"}],"wp:featuredmedia":[{"embeddable":true,"href":"https:\/\/www.czechcyclingfederation.com\/en\/wp-json\/wp\/v2\/media\/37055"}],"wp:attachment":[{"href":"https:\/\/www.czechcyclingfederation.com\/en\/wp-json\/wp\/v2\/media?parent=37053"}],"wp:term":[{"taxonomy":"category","embeddable":true,"href":"https:\/\/www.czechcyclingfederation.com\/en\/wp-json\/wp\/v2\/categories?post=37053"},{"taxonomy":"post_tag","embeddable":true,"href":"https:\/\/www.czechcyclingfederation.com\/en\/wp-json\/wp\/v2\/tags?post=37053"}],"curies":[{"name":"wp","href":"https:\/\/api.w.org\/{rel}","templated":true}]}}