{"id":37043,"date":"2025-08-23T09:12:47","date_gmt":"2025-08-23T07:12:47","guid":{"rendered":"https:\/\/www.czechcyclingfederation.com\/?p=37043"},"modified":"2025-08-23T09:12:50","modified_gmt":"2025-08-23T07:12:50","slug":"fiala-na-west-bohemia-tour-spurtoval-ctvrty","status":"publish","type":"post","link":"https:\/\/www.czechcyclingfederation.com\/en\/fiala-na-west-bohemia-tour-spurtoval-ctvrty\/","title":{"rendered":"Fiala na West Bohemia Tour spurtoval \u010dtvrt\u00fd"},"content":{"rendered":"\n<p><strong>Maty\u00e1\u0161<\/strong> <strong>Fiala<\/strong> z&nbsp;t\u00fdmu ATT Investments se bl\u00fdskl v&nbsp;z\u00e1v\u011bru prvn\u00ed etapy z\u00e1vodu jezdc\u016f U23 West Bohemia Tour, kdy\u017e na Masarykov\u011b n\u00e1m\u011bst\u00ed v Rokycanech spurtoval \u010dtvrt\u00fd.<\/p>\n\n\n\n<p>V\u00edt\u011bzstv\u00ed slavil po 150 km nejmlad\u0161\u00ed jezdec v pelotonu, Novoz\u00e9lan\u010fan Reef Roberts z francouzsk\u00e9ho celku Groupama-FDJ Continentale. Nov\u00fdm l\u00eddrem celkov\u00e9ho po\u0159ad\u00ed se stal Ital Federico Savino z t\u00fdmu Soudal Quick-Step Devo.<\/p>\n\n\n\n<figure class=\"wp-block-image size-large\"><img loading=\"lazy\" decoding=\"async\" width=\"1024\" height=\"683\" src=\"https:\/\/www.czechcyclingfederation.com\/wp-content\/uploads\/2025\/08\/spurt-1024x683.jpg\" alt=\"\" class=\"wp-image-37047\" srcset=\"https:\/\/www.czechcyclingfederation.com\/wp-content\/uploads\/2025\/08\/spurt-1024x683.jpg 1024w, https:\/\/www.czechcyclingfederation.com\/wp-content\/uploads\/2025\/08\/spurt-300x200.jpg 300w, https:\/\/www.czechcyclingfederation.com\/wp-content\/uploads\/2025\/08\/spurt-768x512.jpg 768w, https:\/\/www.czechcyclingfederation.com\/wp-content\/uploads\/2025\/08\/spurt-1536x1024.jpg 1536w, https:\/\/www.czechcyclingfederation.com\/wp-content\/uploads\/2025\/08\/spurt-2048x1365.jpg 2048w, https:\/\/www.czechcyclingfederation.com\/wp-content\/uploads\/2025\/08\/spurt-1320x880.jpg 1320w\" sizes=\"auto, (max-width: 1024px) 100vw, 1024px\" \/><\/figure>\n\n\n\n<p>N\u00e1ro\u010dn\u00e1 etapa klasik\u00e1\u0159sk\u00e9ho typu s p\u0159ev\u00fd\u0161en\u00edm 2318 metr\u016f se dlouho vyv\u00edjela ve znamen\u00ed \u00faniku t\u0159\u00ed jezdc\u016f \u2013 Itala Savina, jeho krajana Davida Zanutty (XDS Astana) a D\u00e1na Huga Rish\u00f6je (AIRTOX \u2013 Carl Ras). Trojice si vybudovala v\u00edce ne\u017e t\u0159\u00edminutov\u00fd n\u00e1skok, kter\u00fd se za\u010dal sni\u017eovat a\u017e d\u00edky aktivit\u011b t\u00fdm\u016f Lotto a EF Education-Aevolo na \u010dele pelotonu.<\/p>\n\n\n\n<p>Ve \u010dtvrt\u00e9m stoup\u00e1n\u00ed za Plasy se hlavn\u00ed pole za\u010dalo trhat a p\u016fvodn\u00ed \u00fanik byl zlikvidov\u00e1n. Na \u010dele se utvo\u0159ila siln\u00e1 skupina jeden\u00e1cti jezdc\u016f, ve kter\u00e9 nechyb\u011bli vedle Savina obh\u00e1jce lo\u0148sk\u00e9ho v\u00edt\u011bzstv\u00ed Victor Vaneeckhoutte (Lotto), Guus van den Eijnden (Alpecin-Deceuninck), Alexander Arnt Hansen (AIRTOX-Carl Ras), Bryan Olivo (Bahrain Victorious), Abdulla Jasim Al-Ali (UAE Emirates) \u010di dom\u00e1c\u00ed talent Maty\u00e1\u0161 Fiala (ATT Investments).<\/p>\n\n\n\n<p>O etapov\u00e9 v\u00edt\u011bzstv\u00ed si to skupina rozdala ve spurtu a nejv\u00edc sil m\u011bl nakonec Novoz\u00e9lan\u010fan Reef Roberts, kter\u00fd porazil Van den Eijndena a Hansena. \u010ctvrt\u00e9 m\u00edsto vybojoval nejlep\u0161\u00ed \u010cech Fiala. Savino dojel ve stejn\u00e9m \u010dase a posunul se d\u00edky bonifikac\u00edm a aktivit\u011b do \u010dela celkov\u00e9 klasifikace.<\/p>\n\n\n\n<figure class=\"wp-block-image size-large\"><img loading=\"lazy\" decoding=\"async\" width=\"1024\" height=\"683\" src=\"https:\/\/www.czechcyclingfederation.com\/wp-content\/uploads\/2025\/08\/lidr-1024x683.jpg\" alt=\"\" class=\"wp-image-37049\" srcset=\"https:\/\/www.czechcyclingfederation.com\/wp-content\/uploads\/2025\/08\/lidr-1024x683.jpg 1024w, https:\/\/www.czechcyclingfederation.com\/wp-content\/uploads\/2025\/08\/lidr-300x200.jpg 300w, https:\/\/www.czechcyclingfederation.com\/wp-content\/uploads\/2025\/08\/lidr-768x512.jpg 768w, https:\/\/www.czechcyclingfederation.com\/wp-content\/uploads\/2025\/08\/lidr-1536x1024.jpg 1536w, https:\/\/www.czechcyclingfederation.com\/wp-content\/uploads\/2025\/08\/lidr-2048x1365.jpg 2048w, https:\/\/www.czechcyclingfederation.com\/wp-content\/uploads\/2025\/08\/lidr-1320x880.jpg 1320w\" sizes=\"auto, (max-width: 1024px) 100vw, 1024px\" \/><\/figure>\n\n\n\n<p><strong>West Bohemia Tour \u2013 1. etapa <\/strong>(Rokycany-Rokycany, 150,3 km): 1. Roberts (N. Z\u00e9l.\/Groupama-FDJ) 3&nbsp;:30&nbsp;:32 hod. 2. Van den Eijnden (Niz.\/Alpecin-Deceuninck), 3. Hansen (D\u00e1n.\/AIRTOX &#8211; Carl Ras), 4. Fiala (\u010cR\/ATT Investments), 5. Savino (It.\/Soudal Quick-Step Devo) v\u0161. stejn\u00fd \u010das, \u2026 <strong>31. J. Bittner <\/strong>(ATT Investments), <strong>44. \u0160ump\u00edk <\/strong>(\u010cR) oba +58.<\/p>\n\n\n\n<p><strong>Pr\u016fb\u011b\u017en\u00e9 po\u0159ad\u00ed: <\/strong>1. Savino 3:37:25 hod.<strong>, <\/strong>2. Hansen +2 s<strong>, <\/strong>3. Roberts +4, \u2026 <strong>20. Fiala <\/strong>+38, <strong>24. \u0160ump\u00edk <\/strong>+58, <strong>32. B\u00e1rta <\/strong>(ATT Investments)+1:17.<\/p>\n\n\n\n<p>Foto: Jan Brychta\/West Bohemia Tour<\/p>\n","protected":false},"excerpt":{"rendered":"<p>Maty\u00e1\u0161 Fiala z&nbsp;t\u00fdmu ATT Investments se bl\u00fdskl v&nbsp;z\u00e1v\u011bru prvn\u00ed etapy z\u00e1vodu jezdc\u016f U23 West Bohemia Tour, kdy\u017e na Masarykov\u011b n\u00e1m\u011bst\u00ed v Rokycanech spurtoval \u010dtvrt\u00fd. V\u00edt\u011bzstv\u00ed slavil po 150 km nejmlad\u0161\u00ed jezdec v pelotonu, Novoz\u00e9lan\u010fan Reef Roberts z francouzsk\u00e9ho celku Groupama-FDJ Continentale. Nov\u00fdm l\u00eddrem celkov\u00e9ho po\u0159ad\u00ed se stal Ital Federico Savino z t\u00fdmu Soudal Quick-Step Devo. [&hellip;]<\/p>\n","protected":false},"author":15,"featured_media":37044,"comment_status":"closed","ping_status":"open","sticky":false,"template":"","format":"standard","meta":{"footnotes":""},"categories":[2,18],"tags":[11],"class_list":["post-37043","post","type-post","status-publish","format-standard","has-post-thumbnail","hentry","category-novinky","category-silnice","tag-silnice"],"_links":{"self":[{"href":"https:\/\/www.czechcyclingfederation.com\/en\/wp-json\/wp\/v2\/posts\/37043","targetHints":{"allow":["GET"]}}],"collection":[{"href":"https:\/\/www.czechcyclingfederation.com\/en\/wp-json\/wp\/v2\/posts"}],"about":[{"href":"https:\/\/www.czechcyclingfederation.com\/en\/wp-json\/wp\/v2\/types\/post"}],"author":[{"embeddable":true,"href":"https:\/\/www.czechcyclingfederation.com\/en\/wp-json\/wp\/v2\/users\/15"}],"replies":[{"embeddable":true,"href":"https:\/\/www.czechcyclingfederation.com\/en\/wp-json\/wp\/v2\/comments?post=37043"}],"version-history":[{"count":3,"href":"https:\/\/www.czechcyclingfederation.com\/en\/wp-json\/wp\/v2\/posts\/37043\/revisions"}],"predecessor-version":[{"id":37052,"href":"https:\/\/www.czechcyclingfederation.com\/en\/wp-json\/wp\/v2\/posts\/37043\/revisions\/37052"}],"wp:featuredmedia":[{"embeddable":true,"href":"https:\/\/www.czechcyclingfederation.com\/en\/wp-json\/wp\/v2\/media\/37044"}],"wp:attachment":[{"href":"https:\/\/www.czechcyclingfederation.com\/en\/wp-json\/wp\/v2\/media?parent=37043"}],"wp:term":[{"taxonomy":"category","embeddable":true,"href":"https:\/\/www.czechcyclingfederation.com\/en\/wp-json\/wp\/v2\/categories?post=37043"},{"taxonomy":"post_tag","embeddable":true,"href":"https:\/\/www.czechcyclingfederation.com\/en\/wp-json\/wp\/v2\/tags?post=37043"}],"curies":[{"name":"wp","href":"https:\/\/api.w.org\/{rel}","templated":true}]}}