{"id":37037,"date":"2025-08-22T23:07:04","date_gmt":"2025-08-22T21:07:04","guid":{"rendered":"https:\/\/www.czechcyclingfederation.com\/?p=37037"},"modified":"2025-08-22T23:08:55","modified_gmt":"2025-08-22T21:08:55","slug":"strakata-na-drahovem-ms-sedma-v-omniu","status":"publish","type":"post","link":"https:\/\/www.czechcyclingfederation.com\/en\/strakata-na-drahovem-ms-sedma-v-omniu\/","title":{"rendered":"Strakat\u00e1 na dr\u00e1hov\u00e9m MS sedm\u00e1 v omniu"},"content":{"rendered":"\n<p>Dal\u0161\u00ed velmi dobr\u00fd v\u00fdsledek na sv\u011btov\u00e9m dr\u00e1hov\u00e9m sv\u011btov\u00e9m \u0161ampion\u00e1tu vybojovala v nizozemsk\u00e9m Apeldoornu Vendula Strakt\u00e1. V olympijsk\u00e9m omniu obsadila velmi p\u011bkn\u00e9 sedm\u00e9 m\u00edsto. Daniel Kub\u011bna obsadil v bodovac\u00edm z\u00e1vodu patn\u00e1ctou pozici.<\/p>\n\n\n\n<p>&#8220;V prvn\u00ed discipl\u00edn\u011b p\u0159i\u0161el hromadn\u00fd p\u00e1d \u010dtrn\u00e1cti z\u00e1vodnic, tak\u017ee v\u0161em z\u00e1vodnic\u00edm dali rozhod\u010d\u00ed des\u00e1t\u00e9 m\u00edsto. V tempo race byla dvan\u00e1ct\u00e1, tak\u017ee omnium v polovin\u011b z\u00e1vodu nevypadalo dob\u0159e. Potom ale skon\u010dila t\u0159et\u00ed ve vylu\u010dovac\u00edm z\u00e1vod\u011b. V bodova\u010dce se pokou\u0161ela uj\u00ed\u017ed\u011bt, styl z\u00e1vod\u011bn\u00ed sice body nep\u0159inesl, ale p\u0159esto skon\u010dila celkov\u011b sedm\u00e1, co\u017e je velmi, velmi poveden\u00fd v\u00fdsledek,&#8221; zhodnotil v\u00fdkon Venduly Strakat\u00e9 tren\u00e9r Luk\u00e1\u0161 Thun.<\/p>\n\n\n\n<p>V\u00fdsledky:<\/p>\n\n\n\n<p>Junio\u0159i:<\/p>\n\n\n\n<p>Bodovac\u00ed z\u00e1vod:<\/p>\n\n\n\n<p>1.Ubeda (\u0160p.) 43, 2. Mauss (N\u011bm.) 34, 3. \u0160lesarenko (AIN) 33, &#8230;15. Kub\u011bna (\u010cR) 0.<\/p>\n\n\n\n<p>Juniorky:<\/p>\n\n\n\n<p>Sprint:<\/p>\n\n\n\n<p>Fin\u00e1le: Solozobov\u00e1 (AIN) &#8211; Gheysensov\u00e1 (Belg.) 2:0, o 3. m\u00edsto: Cenciov\u00e1 (It.) &#8211; van Oostenov\u00e1 (Niz.) 2:1, &#8230;6. Fojt\u016f, 13. K\u0159upalov\u00e1 (ob\u011b \u010cR).<\/p>\n\n\n\n<p>Omnium:<\/p>\n\n\n\n<p>Gold<\/p>\n\n\n\n<p>1.Dan\u0161inov\u00e1 (AIN) 124, 2. Fiallaov\u00e1 (D\u00e1n.) 117, 3. Sandersov\u00e1 (Austr.) 109, &#8230;7. Strakat\u00e1 (\u010cR) 77.<\/p>\n\n\n\n<p>FOTO: Luk\u00e1\u0161 Thun<\/p>\n","protected":false},"excerpt":{"rendered":"<p>Dal\u0161\u00ed velmi dobr\u00fd v\u00fdsledek na sv\u011btov\u00e9m dr\u00e1hov\u00e9m sv\u011btov\u00e9m \u0161ampion\u00e1tu vybojovala v nizozemsk\u00e9m Apeldoornu Vendula Strakt\u00e1. V olympijsk\u00e9m omniu obsadila velmi p\u011bkn\u00e9 sedm\u00e9 m\u00edsto. Daniel Kub\u011bna obsadil v bodovac\u00edm z\u00e1vodu patn\u00e1ctou pozici. &#8220;V prvn\u00ed discipl\u00edn\u011b p\u0159i\u0161el hromadn\u00fd p\u00e1d \u010dtrn\u00e1cti z\u00e1vodnic, tak\u017ee v\u0161em z\u00e1vodnic\u00edm dali rozhod\u010d\u00ed des\u00e1t\u00e9 m\u00edsto. V tempo race byla dvan\u00e1ct\u00e1, tak\u017ee omnium v polovin\u011b [&hellip;]<\/p>\n","protected":false},"author":8,"featured_media":37041,"comment_status":"closed","ping_status":"open","sticky":false,"template":"","format":"standard","meta":{"footnotes":""},"categories":[54,2,46],"tags":[9],"class_list":["post-37037","post","type-post","status-publish","format-standard","has-post-thumbnail","hentry","category-draha","category-novinky","category-novinky-sportovni-centra","tag-draha"],"_links":{"self":[{"href":"https:\/\/www.czechcyclingfederation.com\/en\/wp-json\/wp\/v2\/posts\/37037","targetHints":{"allow":["GET"]}}],"collection":[{"href":"https:\/\/www.czechcyclingfederation.com\/en\/wp-json\/wp\/v2\/posts"}],"about":[{"href":"https:\/\/www.czechcyclingfederation.com\/en\/wp-json\/wp\/v2\/types\/post"}],"author":[{"embeddable":true,"href":"https:\/\/www.czechcyclingfederation.com\/en\/wp-json\/wp\/v2\/users\/8"}],"replies":[{"embeddable":true,"href":"https:\/\/www.czechcyclingfederation.com\/en\/wp-json\/wp\/v2\/comments?post=37037"}],"version-history":[{"count":1,"href":"https:\/\/www.czechcyclingfederation.com\/en\/wp-json\/wp\/v2\/posts\/37037\/revisions"}],"predecessor-version":[{"id":37040,"href":"https:\/\/www.czechcyclingfederation.com\/en\/wp-json\/wp\/v2\/posts\/37037\/revisions\/37040"}],"wp:featuredmedia":[{"embeddable":true,"href":"https:\/\/www.czechcyclingfederation.com\/en\/wp-json\/wp\/v2\/media\/37041"}],"wp:attachment":[{"href":"https:\/\/www.czechcyclingfederation.com\/en\/wp-json\/wp\/v2\/media?parent=37037"}],"wp:term":[{"taxonomy":"category","embeddable":true,"href":"https:\/\/www.czechcyclingfederation.com\/en\/wp-json\/wp\/v2\/categories?post=37037"},{"taxonomy":"post_tag","embeddable":true,"href":"https:\/\/www.czechcyclingfederation.com\/en\/wp-json\/wp\/v2\/tags?post=37037"}],"curies":[{"name":"wp","href":"https:\/\/api.w.org\/{rel}","templated":true}]}}