{"id":37029,"date":"2025-08-22T07:19:23","date_gmt":"2025-08-22T05:19:23","guid":{"rendered":"https:\/\/www.czechcyclingfederation.com\/?p=37029"},"modified":"2025-08-22T07:19:26","modified_gmt":"2025-08-22T05:19:26","slug":"reprezentace-u23-miri-na-tour-de-lavenir-snem-je-podium-v-etape","status":"publish","type":"post","link":"https:\/\/www.czechcyclingfederation.com\/en\/reprezentace-u23-miri-na-tour-de-lavenir-snem-je-podium-v-etape\/","title":{"rendered":"Reprezentace U23 m\u00ed\u0159\u00ed na Tour de l\u00b4Avenir. Snem je p\u00f3dium v\u00a0etap\u011b"},"content":{"rendered":"\n<p>V&nbsp;sobotu startuje ve Francii Tour de l\u00b4Avenir, co\u017e je pro silni\u010dn\u00ed cyklisty U23 v&nbsp;podstat\u011b obdoba Tour de France: jeden z&nbsp;nejpresti\u017en\u011bj\u0161\u00edch z\u00e1vod\u016f roku. \u010cesk\u00e9 barvy bude reprezentovat velmi siln\u00fd t\u00fdm s&nbsp;dv\u011bma l\u00eddry na celkov\u00e9 po\u0159ad\u00ed a r\u00e1d by se pokusil i o d\u00edl\u010d\u00ed v\u00fdsledek v&nbsp;n\u011bkter\u00e9 z&nbsp;etap v&nbsp;podob\u011b p\u00f3diov\u00e9ho um\u00edst\u011bn\u00ed.<\/p>\n\n\n\n<p>Krom\u011b mu\u017e\u016f U23 startuj\u00ed na z\u00e1vod\u011b i \u017eeny U23, kter\u00e9 pojedou z&nbsp;velk\u00e9 \u010d\u00e1sti stejnou trasu, ale n\u011bkter\u00e9 etapy maj\u00ed zkr\u00e1cen\u00e9.<\/p>\n\n\n\n<p>V&nbsp;z\u00e1vod\u011b mu\u017e\u016f budou \u010cesko reprezentovat <strong>Tom\u00e1\u0161 P\u0159idal, Pavel Nov\u00e1k, V\u00e1clav Je\u017eek, Adam Bittman, Maty\u00e1\u0161 Kopeck\u00fd a \u0160t\u011bp\u00e1n Zah\u00e1lka.<\/strong><\/p>\n\n\n\n<p>Z\u00e1vod za\u010d\u00edn\u00e1 kr\u00e1tk\u00fdm prologem v&nbsp;Tignes a kon\u010d\u00ed horskou \u010dasovkou v&nbsp;p\u00e1tek 29. 8. <em>\u201ePo prologu p\u0159ijdou rovinat\u00e9 a zvln\u011bn\u00e9 etapy, kde bude na\u0161\u00ed jasnou jedni\u010dkou Maty\u00e1\u0161 Kopeck\u00fd. Kdyby se v&nbsp;n\u011bkter\u00e9 z&nbsp;etap povedlo p\u00f3dium, byl by to v&nbsp;t\u00e9 konkurenci fantastick\u00fd \u00fasp\u011bch,\u201c<\/em> \u0159ekl mana\u017eer reprezentace <strong>Petr Kaltofen<\/strong>.<\/p>\n\n\n\n<figure class=\"wp-block-image size-large\"><img loading=\"lazy\" decoding=\"async\" width=\"1024\" height=\"683\" src=\"https:\/\/www.czechcyclingfederation.com\/wp-content\/uploads\/2025\/08\/pridal-1-1024x683.jpg\" alt=\"\" class=\"wp-image-37032\" srcset=\"https:\/\/www.czechcyclingfederation.com\/wp-content\/uploads\/2025\/08\/pridal-1-1024x683.jpg 1024w, https:\/\/www.czechcyclingfederation.com\/wp-content\/uploads\/2025\/08\/pridal-1-300x200.jpg 300w, https:\/\/www.czechcyclingfederation.com\/wp-content\/uploads\/2025\/08\/pridal-1-768x512.jpg 768w, https:\/\/www.czechcyclingfederation.com\/wp-content\/uploads\/2025\/08\/pridal-1-1536x1024.jpg 1536w, https:\/\/www.czechcyclingfederation.com\/wp-content\/uploads\/2025\/08\/pridal-1-2048x1365.jpg 2048w, https:\/\/www.czechcyclingfederation.com\/wp-content\/uploads\/2025\/08\/pridal-1-1320x880.jpg 1320w\" sizes=\"auto, (max-width: 1024px) 100vw, 1024px\" \/><\/figure>\n\n\n\n<p>Podle n\u011bj bude d\u016fle\u017eit\u00e9 chr\u00e1nit i oba l\u00eddry Nov\u00e1ka s&nbsp;P\u0159idalem. <em>\u201eZ\u00e1vod se v&nbsp;t\u011bch rovinat\u00fdch etap\u00e1ch nevyhraje, ale d\u00e1 se tam prohr\u00e1t. Douf\u00e1m, \u017ee se n\u00e1m vyhnou p\u00e1dy a oba na\u0161i vrcha\u0159i budou moci v&nbsp;t\u011bch dvou horsk\u00fdch etap\u00e1ch bojovat o co nejlep\u0161\u00ed v\u00fdsledky. Oba kluci maj\u00ed super formu, tak v\u011b\u0159\u00edm, \u017ee ji prodaj\u00ed. Kdyby se v&nbsp;celkov\u00e9m po\u0159ad\u00ed poda\u0159ilo dostat do top 10, byl by to sen, cokoliv do top 20 mus\u00edme pova\u017eovat za \u00fasp\u011bch,\u201c<\/em> dodal Kaltofen.<\/p>\n\n\n\n<p>Podle n\u011bj si v\u0161ichni dob\u0159e uv\u011bdomuj\u00ed, co je na Aveniru ve h\u0159e. <em>\u201eSpolu s&nbsp;mistrovstv\u00edm sv\u011bta je to pro kluky z\u00e1vod roku. Sleduj\u00ed ho skauti ze v\u0161ech elitn\u00edch t\u00fdm\u016f, je tu obrovsk\u00e1 \u0161ance se uk\u00e1zat a prodat do n\u011bjak\u00e9ho super t\u00fdmu. Kluci to dob\u0159e v\u011bd\u00ed,\u201c<\/em> p\u0159iznal mana\u017eer \u010desk\u00e9ho v\u00fdb\u011bru.<\/p>\n\n\n\n<figure class=\"wp-block-image size-large\"><img loading=\"lazy\" decoding=\"async\" width=\"1024\" height=\"683\" src=\"https:\/\/www.czechcyclingfederation.com\/wp-content\/uploads\/2025\/08\/julca-2-1024x683.jpg\" alt=\"\" class=\"wp-image-37034\" srcset=\"https:\/\/www.czechcyclingfederation.com\/wp-content\/uploads\/2025\/08\/julca-2-1024x683.jpg 1024w, https:\/\/www.czechcyclingfederation.com\/wp-content\/uploads\/2025\/08\/julca-2-300x200.jpg 300w, https:\/\/www.czechcyclingfederation.com\/wp-content\/uploads\/2025\/08\/julca-2-768x512.jpg 768w, https:\/\/www.czechcyclingfederation.com\/wp-content\/uploads\/2025\/08\/julca-2-1536x1024.jpg 1536w, https:\/\/www.czechcyclingfederation.com\/wp-content\/uploads\/2025\/08\/julca-2-2048x1365.jpg 2048w, https:\/\/www.czechcyclingfederation.com\/wp-content\/uploads\/2025\/08\/julca-2-1320x880.jpg 1320w\" sizes=\"auto, (max-width: 1024px) 100vw, 1024px\" \/><\/figure>\n\n\n\n<p>V&nbsp;z\u00e1vod\u011b \u017een se v&nbsp;\u010desk\u00fdch barv\u00e1ch p\u0159edstav\u00ed <strong>Julia Kopeck\u00fd, Barbora N\u011bmcov\u00e1, Nela Slan\u00edkov\u00e1, Eli\u0161ka Kvasni\u010dkov\u00e1, Ad\u00e9la Pittnerov\u00e1, \u0160t\u011bp\u00e1nka Dubcov\u00e1.<\/strong><\/p>\n\n\n\n<p><em>\u201eJede to nejlep\u0161\u00ed, co m\u00e1me k&nbsp;dispozici. Dubcov\u00e1 a Pittnerov\u00e1 jsou prvoro\u010da\u010dky, ale z\u00e1vod\u00ed velmi dob\u0159e. Dubcov\u00e1 u\u017e m\u00e1 juniorkou medaili z&nbsp;mistrovstv\u00ed Evropy a v\u011b\u0159\u00edm, \u017ee by o d\u00edl\u010d\u00ed v\u00fdsledek v&nbsp;etap\u011b mohla zabojovat i tady,\u201c <\/em>prohl\u00e1sil tren\u00e9r <strong>Milan Kadlec<\/strong>.<\/p>\n\n\n\n<p><em>\u201eAle prosadit se m\u016f\u017eou i ostatn\u00ed. Jul\u010da Kopeck\u00fd m\u011bla v&nbsp;sezon\u011b probl\u00e9my s&nbsp;kolenem, ale u\u017e zase z\u00e1vod\u00ed a v\u011b\u0159\u00edm, \u017ee bude dobr\u00e1. Um\u00ed i v&nbsp;kopc\u00edch, to sam\u00e9 B\u00e1ra N\u011bmcov\u00e1 nebo Nela Slan\u00edkov\u00e1. Ur\u010dit\u011b nem\u00e1me vylo\u017eenou vrcha\u0159ku, kter\u00e1 bojovala o top 10 v&nbsp;celkov\u00e9m po\u0159ad\u00ed, ale zkus\u00edme to sp\u00ed\u0161 na etapy. Kdyby se povedla bedna, bylo by to super,\u201c<\/em> dodal Kadlec.<\/p>\n\n\n\n<p>Foto: Filip Bezd\u011bk a Jan Brychta<\/p>\n","protected":false},"excerpt":{"rendered":"<p>V&nbsp;sobotu startuje ve Francii Tour de l\u00b4Avenir, co\u017e je pro silni\u010dn\u00ed cyklisty U23 v&nbsp;podstat\u011b obdoba Tour de France: jeden z&nbsp;nejpresti\u017en\u011bj\u0161\u00edch z\u00e1vod\u016f roku. \u010cesk\u00e9 barvy bude reprezentovat velmi siln\u00fd t\u00fdm s&nbsp;dv\u011bma l\u00eddry na celkov\u00e9 po\u0159ad\u00ed a r\u00e1d by se pokusil i o d\u00edl\u010d\u00ed v\u00fdsledek v&nbsp;n\u011bkter\u00e9 z&nbsp;etap v&nbsp;podob\u011b p\u00f3diov\u00e9ho um\u00edst\u011bn\u00ed. Krom\u011b mu\u017e\u016f U23 startuj\u00ed na z\u00e1vod\u011b i [&hellip;]<\/p>\n","protected":false},"author":15,"featured_media":37030,"comment_status":"closed","ping_status":"open","sticky":false,"template":"","format":"standard","meta":{"footnotes":""},"categories":[2,18],"tags":[11],"class_list":["post-37029","post","type-post","status-publish","format-standard","has-post-thumbnail","hentry","category-novinky","category-silnice","tag-silnice"],"_links":{"self":[{"href":"https:\/\/www.czechcyclingfederation.com\/en\/wp-json\/wp\/v2\/posts\/37029","targetHints":{"allow":["GET"]}}],"collection":[{"href":"https:\/\/www.czechcyclingfederation.com\/en\/wp-json\/wp\/v2\/posts"}],"about":[{"href":"https:\/\/www.czechcyclingfederation.com\/en\/wp-json\/wp\/v2\/types\/post"}],"author":[{"embeddable":true,"href":"https:\/\/www.czechcyclingfederation.com\/en\/wp-json\/wp\/v2\/users\/15"}],"replies":[{"embeddable":true,"href":"https:\/\/www.czechcyclingfederation.com\/en\/wp-json\/wp\/v2\/comments?post=37029"}],"version-history":[{"count":1,"href":"https:\/\/www.czechcyclingfederation.com\/en\/wp-json\/wp\/v2\/posts\/37029\/revisions"}],"predecessor-version":[{"id":37036,"href":"https:\/\/www.czechcyclingfederation.com\/en\/wp-json\/wp\/v2\/posts\/37029\/revisions\/37036"}],"wp:featuredmedia":[{"embeddable":true,"href":"https:\/\/www.czechcyclingfederation.com\/en\/wp-json\/wp\/v2\/media\/37030"}],"wp:attachment":[{"href":"https:\/\/www.czechcyclingfederation.com\/en\/wp-json\/wp\/v2\/media?parent=37029"}],"wp:term":[{"taxonomy":"category","embeddable":true,"href":"https:\/\/www.czechcyclingfederation.com\/en\/wp-json\/wp\/v2\/categories?post=37029"},{"taxonomy":"post_tag","embeddable":true,"href":"https:\/\/www.czechcyclingfederation.com\/en\/wp-json\/wp\/v2\/tags?post=37029"}],"curies":[{"name":"wp","href":"https:\/\/api.w.org\/{rel}","templated":true}]}}