{"id":37020,"date":"2025-08-21T21:29:13","date_gmt":"2025-08-21T19:29:13","guid":{"rendered":"https:\/\/www.czechcyclingfederation.com\/?p=37020"},"modified":"2025-08-21T22:49:15","modified_gmt":"2025-08-21T20:49:15","slug":"tri-ceska-umisteni-na-ms-junioru-na-draze-v-elitni-desitce","status":"publish","type":"post","link":"https:\/\/www.czechcyclingfederation.com\/en\/tri-ceska-umisteni-na-ms-junioru-na-draze-v-elitni-desitce\/","title":{"rendered":"T\u0159i \u010desk\u00e1 um\u00edst\u011bn\u00ed v elitn\u00ed des\u00edtce na MS junior\u016f na dr\u00e1ze"},"content":{"rendered":"\n<p>P\u0159ed sv\u011btov\u00fdm juniorsk\u00fdm \u0161ampion\u00e1tem na dr\u00e1ze v nizozemsk\u00e9m Apeldoornu \u0159\u00edkali tren\u00e9\u0159i, \u017ee ka\u017ed\u00e9 um\u00edst\u011bn\u00ed v prvn\u00ed des\u00edtce bude \u00fasp\u011bchem. A zat\u00edm se mlad\u00fdm \u010desk\u00fdm dr\u00e1ha\u0159\u016fm da\u0159\u00ed. Dnes se t\u0159i ze \u010dty\u0159 jezdc\u016f na startu probojovali do Top Ten.<\/p>\n\n\n\n<p>Ve sprintu juniorek zajela Kate\u0159ina Fojt\u016f v kvalifikaci t\u0159in\u00e1ct\u00fd nejlep\u0161\u00ed \u010das 11,648, ale pot\u00e9 se prala se soupe\u0159kami skv\u011ble. V 1. kole si poradila s Umairah Razakovou z Malajsie, v osmifin\u00e1le pot\u00e9 vy\u0159adila Liou \u0160ang Jing z \u010c\u00edny. Nad jej\u00ed s\u00edly byla a\u017e ve \u010dtvrtfin\u00e1le Nizozemka Yirant van Ostenov\u00e1 a to znamen\u00e1 pro \u010deskou z\u00e1vodnici skv\u011bl\u00e9 \u0161est\u00e9 m\u00edsto. &#8220;J\u00e1 jsem moc spokojen\u00e1, ani jsem to ne\u010dekala. Bylo to t\u011b\u017ek\u00e9 a dopadlo to super. A p\u0159\u00ed\u0161t\u00ed rok to bude je\u0161t\u011b lep\u0161\u00ed,&#8221; \u0159ekla Kate\u0159ina Fojt\u016f. Druh\u00e1 \u010ce\u0161ka na startu Krist\u00fdna K\u0159upalov\u00e1 skon\u010dila v kvalifikaci osmn\u00e1ct\u00e1 (11,736), ale hned v prvn\u00edm kole ji vystavila stopku Lara Colbergov\u00e1 z N\u011bmecka<\/p>\n\n\n\n<p>Bezpe\u010dn\u011b pro\u0161el do fin\u00e1le z kvalifikace scratche Filip Richter. A mezi t\u0159iadvac\u00edtkou finalist\u016f si vedl tak\u00e9 velmi dob\u0159e a obsadil sedmou pozici. &#8220;S kvalifikac\u00ed jsem byl spokojen, v\u0161e bylo bez probl\u00e9m\u016f a spurtoval jsem sedm\u00fd. Ve fin\u00e1le n\u00e1m odjeli dva lid\u00e9 a v z\u00e1v\u011bre\u010dn\u00e9m spurtu jsem byl p\u00e1t\u00fd, tedy celkov\u011b sedm\u00e9 m\u00edsto. A to pova\u017euji celkem za \u00fasp\u011bch,&#8221; p\u0159idal Filip Richter.<\/p>\n\n\n\n<figure class=\"wp-block-image size-large\"><img loading=\"lazy\" decoding=\"async\" width=\"1024\" height=\"768\" src=\"https:\/\/www.czechcyclingfederation.com\/wp-content\/uploads\/2025\/08\/Richter-Filip-1024x768.jpg\" alt=\"\" class=\"wp-image-37023\" srcset=\"https:\/\/www.czechcyclingfederation.com\/wp-content\/uploads\/2025\/08\/Richter-Filip-1024x768.jpg 1024w, https:\/\/www.czechcyclingfederation.com\/wp-content\/uploads\/2025\/08\/Richter-Filip-267x200.jpg 267w, https:\/\/www.czechcyclingfederation.com\/wp-content\/uploads\/2025\/08\/Richter-Filip-768x576.jpg 768w, https:\/\/www.czechcyclingfederation.com\/wp-content\/uploads\/2025\/08\/Richter-Filip-1536x1152.jpg 1536w, https:\/\/www.czechcyclingfederation.com\/wp-content\/uploads\/2025\/08\/Richter-Filip-1320x990.jpg 1320w, https:\/\/www.czechcyclingfederation.com\/wp-content\/uploads\/2025\/08\/Richter-Filip.jpg 2048w\" sizes=\"auto, (max-width: 1024px) 100vw, 1024px\" \/><\/figure>\n\n\n\n<p>Druh\u00e9 \u0161est\u00e9 m\u00edsto p\u0159idala na \u010desk\u00e9 konto dnes Be\u00e1ta Hermanov\u00e1 ve vylu\u010dovac\u00edm z\u00e1vodu. &#8220;Jelo se mi dob\u0159e. Nohy jsem m\u011bla bombov\u00e9, hlavu zeza\u010d\u00e1tku tak\u00e9, ale z\u00e1v\u011br, na to ji\u017e tak py\u0161n\u00e1 nejsem. Mysl\u00edm ale, \u017ee \u0161est\u00e9 m\u00edsto je p\u011bkn\u00e9, i kdy\u017e ambice jsem m\u011bla v\u011bt\u0161\u00ed. Ale n\u00e1hody a blbosti se d\u011blaj\u00ed a nejlep\u0161\u00ed na tom je, \u017ee se z toho \u010dlov\u011bk ponau\u010d\u00ed. V ned\u011bli jedeme madison s Vendy Strakatou a mysl\u00edm, \u017ee aspo\u0148 m\u00e1m motivaci j\u00edt na medaili,&#8221; p\u0159ekvapila Be\u00e1ta Hermanov\u00e1<\/p>\n\n\n\n<p>V\u00fdsledky:<\/p>\n\n\n\n<p>Junio\u0159i:<\/p>\n\n\n\n<p>Scratch:<\/p>\n\n\n\n<p>1.Marcoux (Fr.), 2. Mauss (N\u011bm.), 3. Vendramin (It.), &#8230;7. Richter (\u010cR).<\/p>\n\n\n\n<p>Juniorky:<\/p>\n\n\n\n<p>Vylu\u010dovac\u00ed z\u00e1vod:<\/p>\n\n\n\n<p>1.Pegolov\u00e1 (It.), 2. Cramerov\u00e1 (D\u00e1n.), 3. U\u0161akov\u00e1 (Ukr.), &#8230;6. Hermanov\u00e1 (\u010cR).<\/p>\n\n\n\n<p>FOTO: Luk\u00e1\u0161 Thun, Zden\u011bk Nosek<\/p>\n","protected":false},"excerpt":{"rendered":"<p>P\u0159ed sv\u011btov\u00fdm juniorsk\u00fdm \u0161ampion\u00e1tem na dr\u00e1ze v nizozemsk\u00e9m Apeldoornu \u0159\u00edkali tren\u00e9\u0159i, \u017ee ka\u017ed\u00e9 um\u00edst\u011bn\u00ed v prvn\u00ed des\u00edtce bude \u00fasp\u011bchem. A zat\u00edm se mlad\u00fdm \u010desk\u00fdm dr\u00e1ha\u0159\u016fm da\u0159\u00ed. Dnes se t\u0159i ze \u010dty\u0159 jezdc\u016f na startu probojovali do Top Ten. Ve sprintu juniorek zajela Kate\u0159ina Fojt\u016f v kvalifikaci t\u0159in\u00e1ct\u00fd nejlep\u0161\u00ed \u010das 11,648, ale pot\u00e9 se prala se [&hellip;]<\/p>\n","protected":false},"author":8,"featured_media":37021,"comment_status":"closed","ping_status":"open","sticky":false,"template":"","format":"standard","meta":{"footnotes":""},"categories":[54,2,46],"tags":[9],"class_list":["post-37020","post","type-post","status-publish","format-standard","has-post-thumbnail","hentry","category-draha","category-novinky","category-novinky-sportovni-centra","tag-draha"],"_links":{"self":[{"href":"https:\/\/www.czechcyclingfederation.com\/en\/wp-json\/wp\/v2\/posts\/37020","targetHints":{"allow":["GET"]}}],"collection":[{"href":"https:\/\/www.czechcyclingfederation.com\/en\/wp-json\/wp\/v2\/posts"}],"about":[{"href":"https:\/\/www.czechcyclingfederation.com\/en\/wp-json\/wp\/v2\/types\/post"}],"author":[{"embeddable":true,"href":"https:\/\/www.czechcyclingfederation.com\/en\/wp-json\/wp\/v2\/users\/8"}],"replies":[{"embeddable":true,"href":"https:\/\/www.czechcyclingfederation.com\/en\/wp-json\/wp\/v2\/comments?post=37020"}],"version-history":[{"count":3,"href":"https:\/\/www.czechcyclingfederation.com\/en\/wp-json\/wp\/v2\/posts\/37020\/revisions"}],"predecessor-version":[{"id":37027,"href":"https:\/\/www.czechcyclingfederation.com\/en\/wp-json\/wp\/v2\/posts\/37020\/revisions\/37027"}],"wp:featuredmedia":[{"embeddable":true,"href":"https:\/\/www.czechcyclingfederation.com\/en\/wp-json\/wp\/v2\/media\/37021"}],"wp:attachment":[{"href":"https:\/\/www.czechcyclingfederation.com\/en\/wp-json\/wp\/v2\/media?parent=37020"}],"wp:term":[{"taxonomy":"category","embeddable":true,"href":"https:\/\/www.czechcyclingfederation.com\/en\/wp-json\/wp\/v2\/categories?post=37020"},{"taxonomy":"post_tag","embeddable":true,"href":"https:\/\/www.czechcyclingfederation.com\/en\/wp-json\/wp\/v2\/tags?post=37020"}],"curies":[{"name":"wp","href":"https:\/\/api.w.org\/{rel}","templated":true}]}}