{"id":3702,"date":"2021-03-16T12:24:00","date_gmt":"2021-03-16T11:24:00","guid":{"rendered":"http:\/\/www.czechcyclingfederation.com\/?p=3702"},"modified":"2021-03-16T13:46:23","modified_gmt":"2021-03-16T12:46:23","slug":"kral-cyklistiky-2020-netradicne-virtualne-a-s-vizi-do-budoucna","status":"publish","type":"post","link":"https:\/\/www.czechcyclingfederation.com\/en\/kral-cyklistiky-2020-netradicne-virtualne-a-s-vizi-do-budoucna\/","title":{"rendered":"Kr\u00e1l cyklistiky 2020 netradi\u010dn\u011b, virtu\u00e1ln\u011b a s viz\u00ed do budoucna"},"content":{"rendered":"\n<p>Netradi\u010dn\u011b a\u017e v&nbsp;p\u00e1tek 19. b\u0159ezna bude zn\u00e1m v\u00edt\u011bz 56. ro\u010dn\u00edku ankety Kr\u00e1l cyklistiky za rok 2020. Nejen posun term\u00ednu, ale i podoba vyhl\u00e1\u0161en\u00ed Kr\u00e1le cyklistiky je z&nbsp;pochopiteln\u00fdch d\u016fvod\u016f pandemie COVID \u2013 19 p\u0159izp\u016fsobena epidemiologick\u00fdm opat\u0159en\u00edm. \u010cesk\u00fd svaz cyklistiky proto zvolil zcela nov\u00fd koncept slavnostn\u00edho ve\u010dera, po obsahov\u00e9 str\u00e1nce zaj\u00edmav\u011bj\u0161\u00ed, s p\u0159\u00edb\u011bhy a t\u00e9maty s jednotliv\u00fdmi v\u00edt\u011bzi. Slavnostn\u00ed vyhl\u00e1\u0161en\u00ed se bude tentokr\u00e1t p\u0159edt\u00e1\u010det a cel\u00fd po\u0159ad odvys\u00edl\u00e1 \u010cesk\u00e1 televize na programu \u010cT sport v&nbsp;p\u00e1tek 19. 3. 2021 od 20:15.<\/p>\n\n\n\n<p>Kr\u00e1l cyklistiky je anketa o nejlep\u0161\u00edho \u010desk\u00e9ho cyklistu, vyhla\u0161ov\u00e1na \u010cesk\u00fdm svazem cyklistiky ve spolupr\u00e1ci se sportovn\u00edmi novin\u00e1\u0159i. Anketa se kon\u00e1 ji\u017e od roku 1965 a cyklist\u00e9 vyhl\u00e1sili sv\u00e9ho kr\u00e1le jako prvn\u00ed u n\u00e1s, ostatn\u00ed sportovn\u00ed odv\u011btv\u00ed se p\u0159idala a\u017e pozd\u011bji. Historicky prvn\u00edm v\u00edt\u011bzem se stal silni\u010dn\u00ed cyklista Pavel Dole\u017eel, nej\u00fasp\u011b\u0161n\u011bj\u0161\u00edmi cyklisty v historii jsou brat\u0159i Posp\u00ed\u0161ilov\u00e9, kte\u0159\u00ed zv\u00edt\u011bzili osmkr\u00e1t, \u0161estkr\u00e1t dominoval J\u00e1n Svorada.&nbsp;<\/p>\n\n\n\n<p><strong>Na vln\u011b virtu\u00e1lna<\/strong><\/p>\n\n\n\n<p>Pandemick\u00e1 situace neumo\u017e\u0148uje klasick\u00e9 vyhl\u00e1\u0161en\u00ed p\u0159ed velk\u00fdm publikem s&nbsp;mnoha hosty a bohat\u00fdm doprovodn\u00fdm programem, proto musel organiz\u00e1tor akce zvolit zcela odli\u0161n\u00fd form\u00e1t ve\u010dera oproti p\u0159edchoz\u00edm ro\u010dn\u00edk\u016fm. Nicm\u00e9n\u011b po obsahov\u00e9 str\u00e1nce bude vyhl\u00e1\u0161en\u00ed dynami\u010dt\u011bj\u0161\u00ed a pro div\u00e1ky na \u010cT sport a p\u0159\u00edznivce cyklistiky rozhodn\u011b zaj\u00edmav\u011bj\u0161\u00ed. Snahou je, aby div\u00e1k navn\u00edmal nejen jednotliv\u00e9 \u00fasp\u011bchy a ocen\u011bn\u00ed \u010desk\u00fdch reprezentant\u016f za rok 2020, ale rovn\u011b\u017e sou\u010dasn\u00e9 trendy nebo v\u00fdhled do budoucnosti samoz\u0159ejm\u011b v n\u00e1vaznosti na olympijsk\u00e9 hry v&nbsp;Tokiu, stejn\u011b jako na mladou nastupuj\u00edc\u00ed generaci.<\/p>\n\n\n\n<p>Cel\u00fd ve\u010der se ponese na virtu\u00e1ln\u00ed vln\u011b, kdy budou pomoc\u00ed t\u00e9to technologie p\u0159edstaveni v\u0161ichni medailist\u00e9 roku 2020, vyhl\u00e1\u0161eni a ocen\u011bni nejlep\u0161\u00ed \u017eeny a mu\u017ei ELITE i juniorky a junio\u0159i v&nbsp;jednotliv\u00fdch discipl\u00edn\u00e1ch. P\u0159edstaven bude rovn\u011b\u017e projekt virtu\u00e1ln\u00edho z\u00e1vod\u011bn\u00ed, d\u00edky kter\u00e9mu si z \u201eob\u00fdvac\u00edch pokoj\u016f\u201c mohou pom\u011b\u0159it s\u00edly hobby jezdci s&nbsp;elitn\u00edmi z\u00e1vodn\u00edky. Aktu\u00e1ln\u00edm p\u0159\u00edkladem je virtu\u00e1ln\u00ed seri\u00e1l \u010cesk\u00e9ho svazu cyklistiky \u0160KODA eCUP na platform\u011b Rouvy, kter\u00fd vyvrchol\u00ed historicky prvn\u00edm mistrovstv\u00edm \u010cesk\u00e9 republiky v&nbsp;tomto cyklistick\u00e9m odv\u011btv\u00ed 25. b\u0159ezna.<\/p>\n\n\n\n<p>M\u00edstem, kde se leto\u0161n\u00ed vyhl\u00e1\u0161en\u00ed Kr\u00e1le cyklistiky uskute\u010dn\u00ed, bude studio Expolab v&nbsp;Pr\u016fmyslov\u00e9m pal\u00e1ci na hole\u0161ovick\u00e9m v\u00fdstavi\u0161ti, kde bude cel\u00e9 sc\u00e9n\u011b dominovat \u010dtrn\u00e1ct metr\u016f \u0161irok\u00e1 LED st\u011bna dopln\u011bn\u00e1 o videomapping. Tato technologie umo\u017en\u00ed pracovat s mnohem v\u011bt\u0161\u00edm z\u00e1b\u011brem, m\u011bnit pozad\u00ed studia a t\u00edm tak\u00e9 bleskov\u011b ovliv\u0148ovat mood cel\u00e9ho po\u0159adu. LED st\u011bna bude vyu\u017eita k&nbsp;prezentaci poutav\u00e9 grafiky, p\u0159edstaven\u00ed v\u00edt\u011bz\u016f a medailist\u016f a propojen\u00ed s&nbsp;hosty. Jak ji\u017e bylo \u0159e\u010deno, p\u0159ev\u00e1\u017en\u00e1 \u010d\u00e1st vyhl\u00e1\u0161en\u00ed se tak uskute\u010dn\u00ed virtu\u00e1ln\u011b. Na podiu ve studiu vystoup\u00ed jen v\u00edt\u011bzov\u00e9 hlavn\u00edch kategori\u00ed \u2013 Nejlep\u0161\u00ed junior a juniorka roku 2020 (nap\u0159\u00ed\u010d v\u0161emi discipl\u00ednami), nov\u00fd \u010dlen S\u00edn\u011b sl\u00e1vy a nov\u011b nejen v\u00edt\u011bz ankety Kr\u00e1l cyklistiky 2020, ale tak\u00e9 dal\u0161\u00ed dva ocen\u011bn\u00ed z&nbsp;druh\u00e9ho a t\u0159et\u00edho m\u00edsta celkov\u00e9ho po\u0159ad\u00ed ankety.&nbsp;&nbsp;<\/p>\n\n\n\n<p><strong>Nov\u00e1 koruna Kr\u00e1le a nov\u00e9 logo \u010cSC<\/strong><\/p>\n\n\n\n<p>A\u017e dosud byl korunov\u00e1n nov\u00fd Kr\u00e1l korunou, kterou vyrobil mezin\u00e1rodn\u00ed rozhod\u010d\u00ed kolov\u00e9 Jaroslav Fafek, ale od leto\u0161n\u00edho vyhl\u00e1\u0161en\u00ed ji nahrad\u00ed koruna nov\u00e1. Ta vze\u0161la ze sout\u011b\u017ee student\u016f st\u0159edn\u00edch um\u011bleck\u00fdch \u0161kol a rozhodla o n\u00ed hlasuj\u00edc\u00ed ve\u0159ejnost na Facebooku z vybran\u00fdch \u0161esti fin\u00e1lov\u00fdch n\u00e1vrh\u016f. Autorkou v\u00edt\u011bzn\u00e9ho n\u00e1vrhu koruny je Julie Koh z 3. ro\u010dn\u00edku produktov\u00e9ho designu na st\u0159edn\u00ed \u0161kole um\u011bn\u00ed a designu v&nbsp;Brn\u011b a autorem um\u011bleck\u00e9ho zhotoven\u00ed je Milan Plaveck\u00fd.&nbsp;<\/p>\n\n\n\n<p>V&nbsp;r\u00e1mci slavnostn\u00edho ve\u010dera \u010cesk\u00fd svaz cyklistiky z\u00e1rove\u0148 odhal\u00ed p\u0159\u00edb\u011bh vzniku nov\u00e9ho loga svazu, kter\u00e9 je modern\u00ed a pro v\u0161echny cyklistick\u00e9 kategorie tak\u00e9 smyslupln\u00e9. Nov\u00e9 logo je \u00fazce spojeno tak\u00e9 s&nbsp;novou viz\u00ed \u010cesk\u00e9ho svazu cyklistiky. Prezident \u010cSC Petr Marek spole\u010dn\u011b se sv\u00fdm t\u00fdmem p\u0159ipravil vizi budouc\u00edho sm\u011b\u0159ov\u00e1n\u00ed svazu, kter\u00e1 nebude postavena jako dosud hlavn\u011b v rovin\u011b reprezentace a profesion\u00e1ln\u00edho sportu, ale s&nbsp;c\u00edlem zam\u011b\u0159it se mnohem v\u00edce na \u0161irokou cyklistickou ve\u0159ejnost.&nbsp;<\/p>\n\n\n\n<p><strong>Doprovodn\u00fd program<\/strong><\/p>\n\n\n\n<p>Cel\u00fdm po\u0159adem se zaj\u00edmav\u00fdm doprovodn\u00fdm programem provede div\u00e1ky ji\u017e tradi\u010dn\u011b sportovn\u00ed redaktor \u010cT Tom\u00e1\u0161 J\u00edlek a nov\u011b bude po jeho boku Petr Cerha, alias Nasty, jeho\u017e mottem je: \u201eHlavn\u011b, \u017ee srandy je pytel a dobr\u00e1 n\u00e1lada&#8221;.&nbsp;&nbsp;Moder\u00e1to\u0159i si budou s hosty pov\u00eddat o cyklistick\u00fdch t\u00e9matech a v\u00fdzv\u00e1ch. Jedno z velice zaj\u00edmav\u00fdch \u010d\u00e1st\u00ed ve\u010dera bude zcela jist\u011b t\u00e9ma \u0160KODA AUTO ve spojen\u00ed s Tour de France. Div\u00e1k\u016fm bude p\u0159edstaven \u0159editelsk\u00fd v\u016fz &#8211; pln\u011b elektrick\u00e9 SUV \u0160KODA Enyaq iV, v&nbsp;n\u011bm\u017e absolvoval lo\u0148skou Starou d\u00e1mu \u0159editel Christian Prudhomme a div\u00e1ci budou moci nahl\u00e9dnout do \u00fatrob interi\u00e9ru tohoto unik\u00e1tn\u00edho vozu.&nbsp;<\/p>\n\n\n\n<p>Kr\u00e1l z\u00e1rove\u0148 obdr\u017e\u00ed od spole\u010dnosti \u0160KODA AUTO k&nbsp;u\u017e\u00edv\u00e1n\u00ed pln\u011b elektrick\u00fd model Enyaq iV. To v\u0161e jist\u011b stoj\u00ed za to, aby si div\u00e1ci v&nbsp;p\u00e1tek 19. b\u0159ezna od 20:15 pustili \u010cT sport.<\/p>\n\n\n<div class=\"wp-block-file\">\r\n                <a target=\"_blank\" rel=\"noopener\" href=\"https:\/\/www.czechcyclingfederation.com\/wp-content\/uploads\/2021\/03\/Tiskov\u00e1-zpr\u00e1va_Kr\u00e1l-cyklistiky-2020-netradi\u010dn\u011b-virtu\u00e1ln\u011b-a-s-viz\u00ed-do-budoucna.pdf\" class=\"wp-block-file__button wp-element-button\">\r\n                    <span class=\"wp-block-file__icon\"><\/span>\r\n                    Tiskov\u00e1-zpr\u00e1va_Kr\u00e1l-cyklistiky-2020-netradi\u010dn\u011b-virtu\u00e1ln\u011b-a-s-viz\u00ed-do-budoucna\r\n                <\/a>\r\n            <\/div>\n\n\n<p><\/p>\n","protected":false},"excerpt":{"rendered":"<p>Netradi\u010dn\u011b a\u017e v&nbsp;p\u00e1tek 19. b\u0159ezna bude zn\u00e1m v\u00edt\u011bz 56. ro\u010dn\u00edku ankety Kr\u00e1l cyklistiky za rok 2020. Nejen posun term\u00ednu, ale i podoba vyhl\u00e1\u0161en\u00ed Kr\u00e1le cyklistiky je z&nbsp;pochopiteln\u00fdch d\u016fvod\u016f pandemie COVID \u2013 19 p\u0159izp\u016fsobena epidemiologick\u00fdm opat\u0159en\u00edm. \u010cesk\u00fd svaz cyklistiky proto zvolil zcela nov\u00fd koncept slavnostn\u00edho ve\u010dera, po obsahov\u00e9 str\u00e1nce zaj\u00edmav\u011bj\u0161\u00ed, s p\u0159\u00edb\u011bhy a t\u00e9maty s jednotliv\u00fdmi [&hellip;]<\/p>\n","protected":false},"author":2,"featured_media":3713,"comment_status":"closed","ping_status":"open","sticky":false,"template":"","format":"standard","meta":{"footnotes":""},"categories":[28,34,2],"tags":[119],"class_list":["post-3702","post","type-post","status-publish","format-standard","has-post-thumbnail","hentry","category-cesky-svaz-cyklistiky","category-kral-cyklistiky","category-novinky","tag-csc"],"_links":{"self":[{"href":"https:\/\/www.czechcyclingfederation.com\/en\/wp-json\/wp\/v2\/posts\/3702","targetHints":{"allow":["GET"]}}],"collection":[{"href":"https:\/\/www.czechcyclingfederation.com\/en\/wp-json\/wp\/v2\/posts"}],"about":[{"href":"https:\/\/www.czechcyclingfederation.com\/en\/wp-json\/wp\/v2\/types\/post"}],"author":[{"embeddable":true,"href":"https:\/\/www.czechcyclingfederation.com\/en\/wp-json\/wp\/v2\/users\/2"}],"replies":[{"embeddable":true,"href":"https:\/\/www.czechcyclingfederation.com\/en\/wp-json\/wp\/v2\/comments?post=3702"}],"version-history":[{"count":7,"href":"https:\/\/www.czechcyclingfederation.com\/en\/wp-json\/wp\/v2\/posts\/3702\/revisions"}],"predecessor-version":[{"id":3720,"href":"https:\/\/www.czechcyclingfederation.com\/en\/wp-json\/wp\/v2\/posts\/3702\/revisions\/3720"}],"wp:featuredmedia":[{"embeddable":true,"href":"https:\/\/www.czechcyclingfederation.com\/en\/wp-json\/wp\/v2\/media\/3713"}],"wp:attachment":[{"href":"https:\/\/www.czechcyclingfederation.com\/en\/wp-json\/wp\/v2\/media?parent=3702"}],"wp:term":[{"taxonomy":"category","embeddable":true,"href":"https:\/\/www.czechcyclingfederation.com\/en\/wp-json\/wp\/v2\/categories?post=3702"},{"taxonomy":"post_tag","embeddable":true,"href":"https:\/\/www.czechcyclingfederation.com\/en\/wp-json\/wp\/v2\/tags?post=3702"}],"curies":[{"name":"wp","href":"https:\/\/api.w.org\/{rel}","templated":true}]}}