{"id":37008,"date":"2025-08-21T18:33:20","date_gmt":"2025-08-21T16:33:20","guid":{"rendered":"https:\/\/www.czechcyclingfederation.com\/?p=37008"},"modified":"2025-08-21T18:33:23","modified_gmt":"2025-08-21T16:33:23","slug":"sumpik-paty-v-prologu-west-bohemia-tour","status":"publish","type":"post","link":"https:\/\/www.czechcyclingfederation.com\/en\/sumpik-paty-v-prologu-west-bohemia-tour\/","title":{"rendered":"\u0160ump\u00edk p\u00e1t\u00fd v\u00a0prologu West Bohemia Tour"},"content":{"rendered":"\n<p>Prologem na 3,7 kilometru ze Star\u00e9ho Plzence na hrad Radyn\u011b za\u010dal druh\u00fd ro\u010dn\u00edk West Bohemia Tour, nejpresti\u017en\u011bj\u0161\u00edho z\u00e1vodu kategorie U23 v \u010cesku. V t\u011b\u017ek\u00e9 \u010dasovce do vrchu byl nejlep\u0161\u00ed Belgi\u010dan <strong>Mauro Cuylits<\/strong>, kter\u00fd porazil slovensk\u00e9ho obh\u00e1jce v\u00edt\u011bzstv\u00ed <strong>Matthiase Schwarzbachera<\/strong>. P\u00e1t\u00fd nejlep\u0161\u00ed \u010das zaznamenal \u010desk\u00fd reprezentant <strong>Pavel \u0160ump\u00edk<\/strong>.<\/p>\n\n\n\n<p>Celkem 119 cyklist\u016f vyrazilo na tra\u0165 kr\u00e1tk\u00e9ho prologu a prvn\u00ed opravdu dobr\u00fd \u010das zajel Joshua Golliker z t\u00fdmu EF Education-Aevolo. Brit byl prvn\u00ed, komu se poda\u0159ilo srazit \u010das pod sedm minut, ale ve veden\u00ed se dlouho neoh\u0159\u00e1l, proto\u017ee jen o necelou minutu pozd\u011bji prol\u00e9tl c\u00edlovou p\u00e1skou Mauro Cuylits z celku Lotto a na \u010dasom\u00ed\u0159e se zastavila hodnota 6:50,95.<\/p>\n\n\n\n<figure class=\"wp-block-image size-large\"><img loading=\"lazy\" decoding=\"async\" width=\"1024\" height=\"683\" src=\"https:\/\/www.czechcyclingfederation.com\/wp-content\/uploads\/2025\/08\/bedna-3-1024x683.jpg\" alt=\"\" class=\"wp-image-37013\" srcset=\"https:\/\/www.czechcyclingfederation.com\/wp-content\/uploads\/2025\/08\/bedna-3-1024x683.jpg 1024w, https:\/\/www.czechcyclingfederation.com\/wp-content\/uploads\/2025\/08\/bedna-3-300x200.jpg 300w, https:\/\/www.czechcyclingfederation.com\/wp-content\/uploads\/2025\/08\/bedna-3-768x512.jpg 768w, https:\/\/www.czechcyclingfederation.com\/wp-content\/uploads\/2025\/08\/bedna-3-1536x1024.jpg 1536w, https:\/\/www.czechcyclingfederation.com\/wp-content\/uploads\/2025\/08\/bedna-3-2048x1365.jpg 2048w, https:\/\/www.czechcyclingfederation.com\/wp-content\/uploads\/2025\/08\/bedna-3-1320x880.jpg 1320w\" sizes=\"auto, (max-width: 1024px) 100vw, 1024px\" \/><\/figure>\n\n\n\n<p>Cuylits se usadil pevn\u011b ve veden\u00ed a sledoval dal\u0161\u00ed z\u00e1vodn\u00edky, jak atakuj\u00ed jeho \u010das. Nejbl\u00ed\u017e se mu p\u0159ibl\u00ed\u017eil obh\u00e1jce lo\u0148sk\u00e9ho v\u00edt\u011bzstv\u00ed Matthias Schwarzbacher z t\u00fdmu UAE Emirates Gen Z. Slovensk\u00fd elitn\u00ed mistr v \u010dasovce byl o v\u00edce ne\u017e deset sekundy rychlej\u0161\u00ed ne\u017e loni, p\u0159esto mu to na dal\u0161\u00ed v\u00edt\u011bzstv\u00ed nesta\u010dilo a musel se sm\u00ed\u0159it s t\u011bsnou por\u00e1\u017ekou.<\/p>\n\n\n\n<figure class=\"wp-block-image size-large\"><img loading=\"lazy\" decoding=\"async\" width=\"1024\" height=\"683\" src=\"https:\/\/www.czechcyclingfederation.com\/wp-content\/uploads\/2025\/08\/sumpik-2-1024x683.jpg\" alt=\"\" class=\"wp-image-37011\" srcset=\"https:\/\/www.czechcyclingfederation.com\/wp-content\/uploads\/2025\/08\/sumpik-2-1024x683.jpg 1024w, https:\/\/www.czechcyclingfederation.com\/wp-content\/uploads\/2025\/08\/sumpik-2-300x200.jpg 300w, https:\/\/www.czechcyclingfederation.com\/wp-content\/uploads\/2025\/08\/sumpik-2-768x512.jpg 768w, https:\/\/www.czechcyclingfederation.com\/wp-content\/uploads\/2025\/08\/sumpik-2-1536x1024.jpg 1536w, https:\/\/www.czechcyclingfederation.com\/wp-content\/uploads\/2025\/08\/sumpik-2-2048x1365.jpg 2048w, https:\/\/www.czechcyclingfederation.com\/wp-content\/uploads\/2025\/08\/sumpik-2-1320x880.jpg 1320w\" sizes=\"auto, (max-width: 1024px) 100vw, 1024px\" \/><\/figure>\n\n\n\n<p>Skv\u011bl\u00fd v\u00fdkon podal \u010desk\u00fd reprezentant Pavel \u0160ump\u00edk, kter\u00fd obsadil p\u00e1t\u00e9 m\u00edsto se ztr\u00e1tou pouh\u00fdch dvou sekund na Cuylitse.<\/p>\n\n\n\n<p>West Bohemia Tour pokra\u010duje v p\u00e1tek nejt\u011b\u017e\u0161\u00ed etapou se startem a c\u00edlem v Rokycanech. Ve 12 hodin odstartuj\u00ed \u0161pi\u010dkov\u00ed z\u00e1vodn\u00edci kategorie U23 vst\u0159\u00edc 150 kilometr\u016f dlouh\u00e9 etap\u011b s klasik\u00e1\u0159sk\u00fdm profilem a p\u0159ev\u00fd\u0161en\u00edm p\u0159es 2300 metr\u016f.<\/p>\n\n\n\n<figure class=\"wp-block-image size-large\"><img loading=\"lazy\" decoding=\"async\" width=\"1024\" height=\"683\" src=\"https:\/\/www.czechcyclingfederation.com\/wp-content\/uploads\/2025\/08\/schwarz-1-1024x683.jpg\" alt=\"\" class=\"wp-image-37016\" srcset=\"https:\/\/www.czechcyclingfederation.com\/wp-content\/uploads\/2025\/08\/schwarz-1-1024x683.jpg 1024w, https:\/\/www.czechcyclingfederation.com\/wp-content\/uploads\/2025\/08\/schwarz-1-300x200.jpg 300w, https:\/\/www.czechcyclingfederation.com\/wp-content\/uploads\/2025\/08\/schwarz-1-768x512.jpg 768w, https:\/\/www.czechcyclingfederation.com\/wp-content\/uploads\/2025\/08\/schwarz-1-1536x1024.jpg 1536w, https:\/\/www.czechcyclingfederation.com\/wp-content\/uploads\/2025\/08\/schwarz-1-2048x1365.jpg 2048w, https:\/\/www.czechcyclingfederation.com\/wp-content\/uploads\/2025\/08\/schwarz-1-1320x880.jpg 1320w\" sizes=\"auto, (max-width: 1024px) 100vw, 1024px\" \/><\/figure>\n\n\n\n<p>Druh\u00fd ro\u010dn\u00edk z\u00e1vodu se py\u0161n\u00ed skv\u011blou konkurenc\u00ed. Osm t\u00fdm\u016f kategorie WorldTour a t\u0159i ProTeamy vyslaly sv\u00e9 development sestavy do \u010cR. <em>\u201eOproti lo\u0148sku je startovn\u00ed pole mnohem siln\u011bj\u0161\u00ed, poda\u0159ilo se n\u00e1m p\u0159il\u00e1kat opravdu velk\u00e1 jm\u00e9na,\u201c<\/em>&nbsp;\u0159\u00edk\u00e1 \u0159editel z\u00e1vodu Petr Kubias z Roman Kreuziger Cycling Academy.<\/p>\n\n\n\n<p>Nechyb\u00ed giganti jako UAE Emirates Gen Z, Bahrain Victorious Development, Groupama-FDJ, Alpecin-Deceuninck, EF Education Aevolo, Hagens Berman Jayco \u010di XDS Astana Development. Z\u00fa\u010dastn\u00ed se tak\u00e9 development t\u00fdmy Lotto, Tudor a Novo Nordisk, kter\u00e9 pat\u0159\u00ed mezi sestavy kategorie Pro. \u010ceskou cyklistiku zastupuj\u00ed ATT Investments a reprezentace \u010cR, kter\u00e1 startuje ve slo\u017een\u00ed <strong>Pavel \u0160ump\u00edk, Maty\u00e1\u0161 Pol\u00e1k, Jan Poda\u0159il, Maty\u00e1\u0161 Purnoch, Adam Pe\u0161ek a Filip Samec.<\/strong><\/p>\n\n\n\n<p><strong>V\u00fdsledky 1. etapy <\/strong>(prolog na 3,7 km): 1. Cuylits (Belg.) 6:50, 2. Schwarzbacher (SR), 3. Golliker (Brit.), 4. Remijn (Niz.) v\u0161. +1, <strong>5. \u0160ump\u00edk <\/strong>+2, <strong>17. Pe\u0161ek <\/strong>(oba \u010cR) +14.<\/p>\n\n\n\n<p>Foto: Jan Brychta\/West Bohemia Tour<\/p>\n","protected":false},"excerpt":{"rendered":"<p>Prologem na 3,7 kilometru ze Star\u00e9ho Plzence na hrad Radyn\u011b za\u010dal druh\u00fd ro\u010dn\u00edk West Bohemia Tour, nejpresti\u017en\u011bj\u0161\u00edho z\u00e1vodu kategorie U23 v \u010cesku. V t\u011b\u017ek\u00e9 \u010dasovce do vrchu byl nejlep\u0161\u00ed Belgi\u010dan Mauro Cuylits, kter\u00fd porazil slovensk\u00e9ho obh\u00e1jce v\u00edt\u011bzstv\u00ed Matthiase Schwarzbachera. P\u00e1t\u00fd nejlep\u0161\u00ed \u010das zaznamenal \u010desk\u00fd reprezentant Pavel \u0160ump\u00edk. Celkem 119 cyklist\u016f vyrazilo na tra\u0165 kr\u00e1tk\u00e9ho prologu [&hellip;]<\/p>\n","protected":false},"author":15,"featured_media":37009,"comment_status":"closed","ping_status":"open","sticky":false,"template":"","format":"standard","meta":{"footnotes":""},"categories":[2,18],"tags":[11],"class_list":["post-37008","post","type-post","status-publish","format-standard","has-post-thumbnail","hentry","category-novinky","category-silnice","tag-silnice"],"_links":{"self":[{"href":"https:\/\/www.czechcyclingfederation.com\/en\/wp-json\/wp\/v2\/posts\/37008","targetHints":{"allow":["GET"]}}],"collection":[{"href":"https:\/\/www.czechcyclingfederation.com\/en\/wp-json\/wp\/v2\/posts"}],"about":[{"href":"https:\/\/www.czechcyclingfederation.com\/en\/wp-json\/wp\/v2\/types\/post"}],"author":[{"embeddable":true,"href":"https:\/\/www.czechcyclingfederation.com\/en\/wp-json\/wp\/v2\/users\/15"}],"replies":[{"embeddable":true,"href":"https:\/\/www.czechcyclingfederation.com\/en\/wp-json\/wp\/v2\/comments?post=37008"}],"version-history":[{"count":3,"href":"https:\/\/www.czechcyclingfederation.com\/en\/wp-json\/wp\/v2\/posts\/37008\/revisions"}],"predecessor-version":[{"id":37019,"href":"https:\/\/www.czechcyclingfederation.com\/en\/wp-json\/wp\/v2\/posts\/37008\/revisions\/37019"}],"wp:featuredmedia":[{"embeddable":true,"href":"https:\/\/www.czechcyclingfederation.com\/en\/wp-json\/wp\/v2\/media\/37009"}],"wp:attachment":[{"href":"https:\/\/www.czechcyclingfederation.com\/en\/wp-json\/wp\/v2\/media?parent=37008"}],"wp:term":[{"taxonomy":"category","embeddable":true,"href":"https:\/\/www.czechcyclingfederation.com\/en\/wp-json\/wp\/v2\/categories?post=37008"},{"taxonomy":"post_tag","embeddable":true,"href":"https:\/\/www.czechcyclingfederation.com\/en\/wp-json\/wp\/v2\/tags?post=37008"}],"curies":[{"name":"wp","href":"https:\/\/api.w.org\/{rel}","templated":true}]}}