{"id":37000,"date":"2025-08-20T20:40:31","date_gmt":"2025-08-20T18:40:31","guid":{"rendered":"https:\/\/www.czechcyclingfederation.com\/?p=37000"},"modified":"2025-08-21T07:12:07","modified_gmt":"2025-08-21T05:12:07","slug":"ceske-juniorky-na-ms-skoncily-pate-na-ms-v-tymovem-sprintu","status":"publish","type":"post","link":"https:\/\/www.czechcyclingfederation.com\/en\/ceske-juniorky-na-ms-skoncily-pate-na-ms-v-tymovem-sprintu\/","title":{"rendered":"\u010cesk\u00e9 juniorky skon\u010dily p\u00e1t\u00e9 na MS v t\u00fdmov\u00e9m sprintu"},"content":{"rendered":"\n<p>Na sv\u011btov\u00e9m juniorsk\u00e9m \u0161ampion\u00e1tu dr\u00e1hov\u00fdch cyklist\u016f v nizozemsk\u00e9m Apeldoornu skon\u010dilo \u010desk\u00e9 trio juniorek ve slo\u017een\u00ed Ema Bene\u0161ov\u00e1, Kate\u0159ina Fojt\u016f a Krist\u00fdna K\u0159upalov\u00e1 na p\u00e1t\u00e9m m\u00edst\u011b. Do boj\u016f je\u0161t\u011b zas\u00e1hla Zuzana Kr\u00e1tk\u00e1, kter\u00e1 skon\u010dila ve scratchi \u010dtrn\u00e1ct\u00e1.<\/p>\n\n\n\n<p>V kvalifikaci t\u00fdmov\u00e9ho sprintu zajely \u010ce\u0161ky p\u00e1t\u00fd nejrychlej\u0161\u00ed \u010das 51,939. V prvn\u00edm kole se pot\u00e9 utkaly s Belgi\u00ed. Sv\u016fj v\u00fdkon m\u00edrn\u011b zlep\u0161ily, ale soupe\u0159ky zajely \u010das 50,776 a to je posunulo do boj\u016f o medaile a \u010desk\u00e9 mladice tak obsadily p\u00e1tou p\u0159\u00ed\u010dku.<\/p>\n\n\n\n<p>&#8220;P\u00e1t\u00e9 m\u00edsto je celkem dobr\u00e9, jsme spokojeny. Ve druh\u00e9 j\u00edzd\u011b se to trochu nepovedlo, ale \u010das jsme dokonce trochu vylep\u0161ily,&#8221; \u0159ekla Kate\u0159ina Fojt\u016f. &#8220;Vzhledem k tomu, \u017ee je to na\u0161e prvn\u00ed mistrovstv\u00ed sv\u011bta, tak to bylo dobr\u00e9. Oproti mistrovstv\u00ed Evropy jsme si pohor\u0161ily pouze o jedno m\u00edsto,&#8221; p\u0159idala Krist\u00fdna K\u0159upalov\u00e1.<\/p>\n\n\n\n<p>&#8220;Zuzka Kr\u00e1tk\u00e1 jela prvn\u00ed z\u00e1vod na takov\u00e9 v\u011bt\u0161\u00ed mezin\u00e1rodn\u00ed akci. Cht\u011bli jsme ji otestovat a s p\u0159ehledem se proklestila do fin\u00e1lov\u00e9ho z\u00e1vodu ze \u0161est\u00e9ho m\u00edsta. Ve fin\u00e1le ji ale postihl asi sedm kol p\u0159ed c\u00edlem p\u00e1d. Sta\u010dila se je\u0161t\u011b za\u0159adit do pelotonu, ale propadla se na jeho konec, spurtovala zezadu na 14. m\u00edsto. Je to pro ni p\u0159edev\u0161\u00edm v\u00fdborn\u00e1 zku\u0161enost,&#8221; zhodnotil tren\u00e9r Luk\u00e1\u0161 Thun.<\/p>\n\n\n\n<p>V\u00fdsledky:<\/p>\n\n\n\n<p>Juniorky:<\/p>\n\n\n\n<p>Scratch:<\/p>\n\n\n\n<p>1.Palosov\u00e1 (USA), 2. de Buysserov\u00e1 (Belg.), 3. Danilukov\u00e1 (AIN), &#8230;14. Kr\u00e1tk\u00e1 (\u010cR).<\/p>\n\n\n\n<p>T\u00fdmov\u00fd sprint:<\/p>\n\n\n\n<p>Fin\u00e1le: It\u00e1lie (Trevisanov\u00e1, Cenciov\u00e1, Fiscarelliov\u00e1) 49,590 &#8211; N\u011bmecko 49,899, o 3. m\u00edsto: Austr\u00e1lie 50,540 &#8211; Belgie 50,591, 5. \u010cR (Bene\u0161ov\u00e1, Fojt\u016f, K\u0159upalov\u00e1).<\/p>\n\n\n\n<p>FOTO: Luk\u00e1\u0161 Thun<\/p>\n","protected":false},"excerpt":{"rendered":"<p>Na sv\u011btov\u00e9m juniorsk\u00e9m \u0161ampion\u00e1tu dr\u00e1hov\u00fdch cyklist\u016f v nizozemsk\u00e9m Apeldoornu skon\u010dilo \u010desk\u00e9 trio juniorek ve slo\u017een\u00ed Ema Bene\u0161ov\u00e1, Kate\u0159ina Fojt\u016f a Krist\u00fdna K\u0159upalov\u00e1 na p\u00e1t\u00e9m m\u00edst\u011b. Do boj\u016f je\u0161t\u011b zas\u00e1hla Zuzana Kr\u00e1tk\u00e1, kter\u00e1 skon\u010dila ve scratchi \u010dtrn\u00e1ct\u00e1. V kvalifikaci t\u00fdmov\u00e9ho sprintu zajely \u010ce\u0161ky p\u00e1t\u00fd nejrychlej\u0161\u00ed \u010das 51,939. V prvn\u00edm kole se pot\u00e9 utkaly s Belgi\u00ed. Sv\u016fj [&hellip;]<\/p>\n","protected":false},"author":8,"featured_media":37001,"comment_status":"closed","ping_status":"open","sticky":false,"template":"","format":"standard","meta":{"footnotes":""},"categories":[2],"tags":[9],"class_list":["post-37000","post","type-post","status-publish","format-standard","has-post-thumbnail","hentry","category-novinky","tag-draha"],"_links":{"self":[{"href":"https:\/\/www.czechcyclingfederation.com\/en\/wp-json\/wp\/v2\/posts\/37000","targetHints":{"allow":["GET"]}}],"collection":[{"href":"https:\/\/www.czechcyclingfederation.com\/en\/wp-json\/wp\/v2\/posts"}],"about":[{"href":"https:\/\/www.czechcyclingfederation.com\/en\/wp-json\/wp\/v2\/types\/post"}],"author":[{"embeddable":true,"href":"https:\/\/www.czechcyclingfederation.com\/en\/wp-json\/wp\/v2\/users\/8"}],"replies":[{"embeddable":true,"href":"https:\/\/www.czechcyclingfederation.com\/en\/wp-json\/wp\/v2\/comments?post=37000"}],"version-history":[{"count":3,"href":"https:\/\/www.czechcyclingfederation.com\/en\/wp-json\/wp\/v2\/posts\/37000\/revisions"}],"predecessor-version":[{"id":37007,"href":"https:\/\/www.czechcyclingfederation.com\/en\/wp-json\/wp\/v2\/posts\/37000\/revisions\/37007"}],"wp:featuredmedia":[{"embeddable":true,"href":"https:\/\/www.czechcyclingfederation.com\/en\/wp-json\/wp\/v2\/media\/37001"}],"wp:attachment":[{"href":"https:\/\/www.czechcyclingfederation.com\/en\/wp-json\/wp\/v2\/media?parent=37000"}],"wp:term":[{"taxonomy":"category","embeddable":true,"href":"https:\/\/www.czechcyclingfederation.com\/en\/wp-json\/wp\/v2\/categories?post=37000"},{"taxonomy":"post_tag","embeddable":true,"href":"https:\/\/www.czechcyclingfederation.com\/en\/wp-json\/wp\/v2\/tags?post=37000"}],"curies":[{"name":"wp","href":"https:\/\/api.w.org\/{rel}","templated":true}]}}