{"id":36981,"date":"2025-08-18T19:48:44","date_gmt":"2025-08-18T17:48:44","guid":{"rendered":"https:\/\/www.czechcyclingfederation.com\/?p=36981"},"modified":"2025-08-18T19:48:47","modified_gmt":"2025-08-18T17:48:47","slug":"narocnou-czech-tour-uspesne-dokoncili-i-cykliste-s-diabetem","status":"publish","type":"post","link":"https:\/\/www.czechcyclingfederation.com\/en\/narocnou-czech-tour-uspesne-dokoncili-i-cykliste-s-diabetem\/","title":{"rendered":"N\u00e1ro\u010dnou Czech Tour \u00fasp\u011b\u0161n\u011b dokon\u010dili i cyklist\u00e9 s\u00a0diabetem"},"content":{"rendered":"\n<p>Team Novo Nordisk, jedin\u00fd profesion\u00e1ln\u00ed cyklistick\u00fd t\u00fdm na sv\u011bt\u011b slo\u017een\u00fd v\u00fdhradn\u011b z jezdc\u016f s diabetem 1. typu, \u00fasp\u011b\u0161n\u011b dokon\u010dil nejv\u011bt\u0161\u00ed dom\u00e1c\u00ed etapov\u00fd z\u00e1vod Czech Tour. Elitn\u00ed sportovci z\u00a0r\u016fzn\u00fdch kout\u016f sv\u011bta tak p\u0159edvedli, \u017ee ani z\u00e1va\u017en\u00e9 chronick\u00e9 onemocn\u011bn\u00ed, jako je cukrovka, nemus\u00ed b\u00fdt p\u0159ek\u00e1\u017ekou pro vrcholov\u00fd sport.<\/p>\n\n\n\n<p>V&nbsp;leto\u0161n\u00edm ro\u010dn\u00edku, kter\u00fd se poprv\u00e9 jel z&nbsp;Prahy p\u0159es Karlovy Vary a Pardubice a\u017e do horsk\u00fdch etap v Jesen\u00edk\u00e1ch a Beskydech, obsadili cyklist\u00e9 s&nbsp;diabetem v&nbsp;sout\u011b\u017ei t\u00fdm\u016f 13. m\u00edsto. Nejlep\u0161\u00edm v&nbsp;kone\u010dn\u00e9m po\u0159ad\u00ed mezi jednotlivci byl Brit Armitt Hamish na 28. m\u00edst\u011b.<\/p>\n\n\n\n<figure class=\"wp-block-image size-large\"><img loading=\"lazy\" decoding=\"async\" width=\"1024\" height=\"768\" src=\"https:\/\/www.czechcyclingfederation.com\/wp-content\/uploads\/2025\/08\/CZECH-TOUR3_zdroj-Novo-Nordisk-Ceska-republika-1-1024x768.jpg\" alt=\"\" class=\"wp-image-36987\" srcset=\"https:\/\/www.czechcyclingfederation.com\/wp-content\/uploads\/2025\/08\/CZECH-TOUR3_zdroj-Novo-Nordisk-Ceska-republika-1-1024x768.jpg 1024w, https:\/\/www.czechcyclingfederation.com\/wp-content\/uploads\/2025\/08\/CZECH-TOUR3_zdroj-Novo-Nordisk-Ceska-republika-1-267x200.jpg 267w, https:\/\/www.czechcyclingfederation.com\/wp-content\/uploads\/2025\/08\/CZECH-TOUR3_zdroj-Novo-Nordisk-Ceska-republika-1-768x576.jpg 768w, https:\/\/www.czechcyclingfederation.com\/wp-content\/uploads\/2025\/08\/CZECH-TOUR3_zdroj-Novo-Nordisk-Ceska-republika-1-1536x1152.jpg 1536w, https:\/\/www.czechcyclingfederation.com\/wp-content\/uploads\/2025\/08\/CZECH-TOUR3_zdroj-Novo-Nordisk-Ceska-republika-1-1320x990.jpg 1320w, https:\/\/www.czechcyclingfederation.com\/wp-content\/uploads\/2025\/08\/CZECH-TOUR3_zdroj-Novo-Nordisk-Ceska-republika-1.jpg 1600w\" sizes=\"auto, (max-width: 1024px) 100vw, 1024px\" \/><\/figure>\n\n\n\n<p>Team Novo Nordisk se na Czech Tour p\u0159edstavil ve sm\u00ed\u0161en\u00e9 sestav\u011b profesion\u00e1ln\u00edch i za\u010d\u00ednaj\u00edc\u00edch jezdc\u016f. T\u00fdm vedli \u010dty\u0159i profesion\u00e1lov\u00e9, kte\u0159\u00ed s&nbsp;mlad\u0161\u00edmi cyklisty s&nbsp;diabetem ve v\u0161ech \u010dty\u0159ech etap\u00e1ch skv\u011ble spolupracovali a uk\u00e1zali jim, \u017ee z\u00e1vodit lze i na vy\u0161\u0161\u00ed \u00farovni.<\/p>\n\n\n\n<p>Team Novo Nordisk sdru\u017euje sportovce s&nbsp;diabetem u\u017e od roku 2012. C\u00edlem je p\u0159edev\u0161\u00edm motivovat a&nbsp;inspirovat pacienty s&nbsp;diabetem a p\u0159esv\u011bd\u010dit je, \u017ee diagn\u00f3za neznamen\u00e1 konec sportov\u00e1n\u00ed. Zvl\u00e1dnout tak n\u00e1ro\u010dn\u00fd z\u00e1vod, jako je Czech Tour, vy\u017eaduje maxim\u00e1ln\u00ed fyzickou i ment\u00e1ln\u00ed p\u0159\u00edpravu. A pro cyklisty s diabetem nav\u00edc d\u016fkladnou kontrolu zdravotn\u00edho stavu. Takov\u00e9to v\u00edcedenn\u00ed etapov\u00e9 z\u00e1vody t\u011blo mimo\u0159\u00e1dn\u011b zat\u011b\u017euj\u00ed. U sportovc\u016f s&nbsp;diabetem to znamen\u00e1 \u010dast\u00e9 \u00fapravy l\u00e9\u010dby, n\u011bkdy i ka\u017ed\u00fd den.<\/p>\n\n\n\n<p><em>\u201eB\u011bhem z\u00e1vod\u016f mus\u00edme rychle reagovat na fyziologick\u00e9 zm\u011bny, ke kter\u00fdm u ka\u017ed\u00e9ho jezdce doch\u00e1z\u00ed. Pe\u010dliv\u011b sledujeme glykemii, upravujeme d\u00e1vky inzulinu a \u0159e\u0161\u00edme v\u00fd\u017eivu a regeneraci. Hladinu cukru v&nbsp;krvi u cyklist\u016f se sna\u017e\u00edme udr\u017eovat v rozmez\u00ed 6,6\u201310 mmol\/l. Ka\u017ed\u00fd jezdec se \u0159\u00edd\u00ed individu\u00e1ln\u00edm pl\u00e1nem, jeho\u017e sou\u010d\u00e1st\u00ed je i optim\u00e1ln\u00ed re\u017eim hydratace a p\u0159\u00edjem kalori\u00ed. Tento komplexn\u00ed p\u0159\u00edstup je kl\u00ed\u010dov\u00fd pro to, aby na\u0161i sportovci mohli z\u00e1vodit na profesion\u00e1ln\u00ed \u00farovni, a z\u00e1rove\u0148 si udr\u017eeli zdrav\u00ed a&nbsp;metabolickou rovnov\u00e1hu,\u201c<\/em> p\u0159ibli\u017euje t\u00fdmov\u00fd l\u00e9ka\u0159 Dr. Rafael Castol.<\/p>\n\n\n\n<figure class=\"wp-block-image size-large\"><img loading=\"lazy\" decoding=\"async\" width=\"1024\" height=\"683\" src=\"https:\/\/www.czechcyclingfederation.com\/wp-content\/uploads\/2025\/08\/Start_Prague_-zdroj-Czech-Tour-1024x683.jpg\" alt=\"\" class=\"wp-image-36989\" srcset=\"https:\/\/www.czechcyclingfederation.com\/wp-content\/uploads\/2025\/08\/Start_Prague_-zdroj-Czech-Tour-1024x683.jpg 1024w, https:\/\/www.czechcyclingfederation.com\/wp-content\/uploads\/2025\/08\/Start_Prague_-zdroj-Czech-Tour-300x200.jpg 300w, https:\/\/www.czechcyclingfederation.com\/wp-content\/uploads\/2025\/08\/Start_Prague_-zdroj-Czech-Tour-768x512.jpg 768w, https:\/\/www.czechcyclingfederation.com\/wp-content\/uploads\/2025\/08\/Start_Prague_-zdroj-Czech-Tour-1536x1024.jpg 1536w, https:\/\/www.czechcyclingfederation.com\/wp-content\/uploads\/2025\/08\/Start_Prague_-zdroj-Czech-Tour-1320x880.jpg 1320w, https:\/\/www.czechcyclingfederation.com\/wp-content\/uploads\/2025\/08\/Start_Prague_-zdroj-Czech-Tour.jpg 2048w\" sizes=\"auto, (max-width: 1024px) 100vw, 1024px\" \/><\/figure>\n\n\n\n<p>To, co je u profesion\u00e1ln\u00ed cyklistiky extr\u00e9mn\u00ed v\u00fdzvou, plat\u00ed v men\u0161\u00ed m\u00ed\u0159e i pro b\u011b\u017en\u00e9 pacienty s&nbsp;diabetem. Pohybov\u00e1 aktivita m\u00e1 u obou typ\u016f cukrovky nezastupiteln\u00e9 m\u00edsto. Zlep\u0161uje pr\u016fb\u011bh l\u00e9\u010dby, sni\u017euje kardiovaskul\u00e1rn\u00ed riziko a podporuje celkov\u00e9 zdrav\u00ed. Kl\u00ed\u010dem ale je spr\u00e1vn\u00e9 nastaven\u00ed re\u017eimu a znalost toho, jak t\u011blo na z\u00e1t\u011b\u017e reaguje.<\/p>\n\n\n\n<p><em>\u201eLid\u00e9 s&nbsp;diabetem 1. i 2. typu by m\u011bli sportovat pravideln\u011b. Ide\u00e1ln\u00ed je kombinovat vytrvalostn\u00ed a silov\u00e9 aktivity. Pohyb nejen zlep\u0161uje metabolick\u00e9 parametry, ale hlavn\u011b pom\u00e1h\u00e1 p\u0159edch\u00e1zet komplikac\u00edm,\u201c<\/em> \u0159\u00edk\u00e1 MUDr. Eva Horov\u00e1, Ph.D., diabetolo\u017eka z III. intern\u00ed kliniky 1. LF UK a VFN v Praze.<\/p>\n\n\n\n<p>V \u010cesk\u00e9 republice \u017eije s diabetem p\u0159ibli\u017en\u011b milion lid\u00ed. V\u011bt\u0161ina z nich m\u00e1 diabetes 2. typu, kter\u00fd se \u010dasto rozvine v souvislosti s nadv\u00e1hou, nedostatkem pohybu, nadm\u011brn\u00fdm p\u0159\u00edjmem energie, nevhodn\u00fdm slo\u017een\u00edm potravy a tak\u00e9 s&nbsp;pod\u00edlem vrozen\u00fdch genetick\u00fdch dispozic. Diabetes 1. typu je m\u00e9n\u011b \u010dast\u00fd, jedn\u00e1 se o autoimunitn\u00ed onemocn\u011bn\u00ed, kter\u00e9 se obvykle objevuje u\u017e v d\u011btstv\u00ed nebo dosp\u00edv\u00e1n\u00ed. P\u0159esto\u017ee jde o chronick\u00e9 onemocn\u011bn\u00ed, d\u00edky modern\u00ed l\u00e9\u010db\u011b, dostupn\u00fdm technologi\u00edm a&nbsp;vzd\u011bl\u00e1v\u00e1n\u00ed pacient\u016f dnes m\u016f\u017ee v\u011bt\u0161ina z nich \u017e\u00edt plnohodnotn\u00fd \u017eivot.<\/p>\n\n\n\n<p><em>\u201eJsme velmi r\u00e1di, \u017ee Team Novo Nordisk z\u00e1vodil v \u010cesk\u00e9 republice v r\u00e1mci Czech Tour. Tato skupina sportovc\u016f s diabetem 1. typu je p\u0159\u00edkladem odvahy a odhodl\u00e1n\u00ed, s jak\u00fdm p\u0159ekon\u00e1vaj\u00ed v\u00fdzvy spojen\u00e9 se sv\u00fdm zdravotn\u00edm stavem. Jejich \u00fa\u010dast v z\u00e1vodech na nejvy\u0161\u0161\u00ed \u00farovni odr\u00e1\u017e\u00ed nejen jejich vytrvalost, ale tak\u00e9 jejich touhu propagovat zdrav\u00fd a aktivn\u00ed \u017eivotn\u00ed styl. Pozoruhodn\u00e9 \u00fasp\u011bchy tohoto t\u00fdmu v\u0161em p\u0159ipom\u00ednaj\u00ed, \u017ee se spr\u00e1vnou podporou a edukac\u00ed je mo\u017en\u00e9 dos\u00e1hnout \u010dehokoli,\u201c <\/em>uzav\u00edr\u00e1 Anna Grefkowicz, gener\u00e1ln\u00ed \u0159editelka spole\u010dnosti Novo Nordisk v \u010cesk\u00e9 republice.<\/p>\n\n\n\n<p><strong>Foto: Novo Nordisk \u010cR<\/strong><\/p>\n","protected":false},"excerpt":{"rendered":"<p>Team Novo Nordisk, jedin\u00fd profesion\u00e1ln\u00ed cyklistick\u00fd t\u00fdm na sv\u011bt\u011b slo\u017een\u00fd v\u00fdhradn\u011b z jezdc\u016f s diabetem 1. typu, \u00fasp\u011b\u0161n\u011b dokon\u010dil nejv\u011bt\u0161\u00ed dom\u00e1c\u00ed etapov\u00fd z\u00e1vod Czech Tour. Elitn\u00ed sportovci z\u00a0r\u016fzn\u00fdch kout\u016f sv\u011bta tak p\u0159edvedli, \u017ee ani z\u00e1va\u017en\u00e9 chronick\u00e9 onemocn\u011bn\u00ed, jako je cukrovka, nemus\u00ed b\u00fdt p\u0159ek\u00e1\u017ekou pro vrcholov\u00fd sport. V&nbsp;leto\u0161n\u00edm ro\u010dn\u00edku, kter\u00fd se poprv\u00e9 jel z&nbsp;Prahy p\u0159es Karlovy [&hellip;]<\/p>\n","protected":false},"author":30,"featured_media":36984,"comment_status":"closed","ping_status":"open","sticky":false,"template":"","format":"standard","meta":{"footnotes":""},"categories":[2,18,1],"tags":[11],"class_list":["post-36981","post","type-post","status-publish","format-standard","has-post-thumbnail","hentry","category-novinky","category-silnice","category-uncategorized-cs","tag-silnice"],"_links":{"self":[{"href":"https:\/\/www.czechcyclingfederation.com\/en\/wp-json\/wp\/v2\/posts\/36981","targetHints":{"allow":["GET"]}}],"collection":[{"href":"https:\/\/www.czechcyclingfederation.com\/en\/wp-json\/wp\/v2\/posts"}],"about":[{"href":"https:\/\/www.czechcyclingfederation.com\/en\/wp-json\/wp\/v2\/types\/post"}],"author":[{"embeddable":true,"href":"https:\/\/www.czechcyclingfederation.com\/en\/wp-json\/wp\/v2\/users\/30"}],"replies":[{"embeddable":true,"href":"https:\/\/www.czechcyclingfederation.com\/en\/wp-json\/wp\/v2\/comments?post=36981"}],"version-history":[{"count":2,"href":"https:\/\/www.czechcyclingfederation.com\/en\/wp-json\/wp\/v2\/posts\/36981\/revisions"}],"predecessor-version":[{"id":36991,"href":"https:\/\/www.czechcyclingfederation.com\/en\/wp-json\/wp\/v2\/posts\/36981\/revisions\/36991"}],"wp:featuredmedia":[{"embeddable":true,"href":"https:\/\/www.czechcyclingfederation.com\/en\/wp-json\/wp\/v2\/media\/36984"}],"wp:attachment":[{"href":"https:\/\/www.czechcyclingfederation.com\/en\/wp-json\/wp\/v2\/media?parent=36981"}],"wp:term":[{"taxonomy":"category","embeddable":true,"href":"https:\/\/www.czechcyclingfederation.com\/en\/wp-json\/wp\/v2\/categories?post=36981"},{"taxonomy":"post_tag","embeddable":true,"href":"https:\/\/www.czechcyclingfederation.com\/en\/wp-json\/wp\/v2\/tags?post=36981"}],"curies":[{"name":"wp","href":"https:\/\/api.w.org\/{rel}","templated":true}]}}